{"id":1256,"date":"2018-01-21T19:18:40","date_gmt":"2018-01-21T18:18:40","guid":{"rendered":"http:\/\/gus.no\/blogg\/?p=1256"},"modified":"2018-01-21T22:02:36","modified_gmt":"2018-01-21T21:02:36","slug":"livstegn-fra-baku","status":"publish","type":"post","link":"http:\/\/gus.no\/blogg\/livstegn-fra-baku\/","title":{"rendered":"Livstegn fra Baku"},"content":{"rendered":"<p>Endelig var det v\u00e5r tur til \u00e5 dra ut i verden! Som siste team til \u00e5 forlate leiligheten i Trondheim, var vi veldig gira p\u00e5 \u00e5 komme oss avg\u00e5rde. Men etter b\u00e5de kanselleringer, forsinkelser og ombookinger hadde vi etter 24 timer ikke kommet lengre enn til Oslo.\u00a0Vi ler av det n\u00e5, men vi var ganske slitne da vi p\u00e5 grunn av forsinkelser mistet flyet v\u00e5rt for fjerde gang og m\u00e5tte overnatte p\u00e5 en benk p\u00e5 flyplassen i Istanbul. Men onsdag formiddag, nesten et d\u00f8gn etter planlagt ankomst \u2013 var vi endelig fremme i Baku!<\/p>\n<p>P\u00e5 flyplassen ble vi m\u00f8tt av v\u00e5r kj\u00e6re mentor Synn\u00f8ve. Hun har faktisk tidligere v\u00e6rt student p\u00e5 G\u00e5 Ut Senteret med praksis i Aserbajdsjan &#8211; og det er veldig betryggende \u00e5 ha noen her som b\u00e5de kjenner den norske og den aserbajdsjanske kulturen godt. Vi bodde hos henne og familien hennes de f\u00f8rste dagene her, og det har v\u00e6rt veldig g\u00f8y og l\u00e6rerikt.<\/p>\n<div id='gallery-1' class='gallery galleryid-1256 gallery-columns-1 gallery-size-full'><figure class='gallery-item'>\n\t\t\t<div class='gallery-icon landscape'>\n\t\t\t\t<img loading=\"lazy\" decoding=\"async\" width=\"4896\" height=\"2455\" src=\"http:\/\/gus.no\/blogg\/wp-content\/uploads\/2018\/01\/DSF1355.jpg\" class=\"attachment-full size-full\" alt=\"\" aria-describedby=\"gallery-1-1269\" srcset=\"http:\/\/gus.no\/blogg\/wp-content\/uploads\/2018\/01\/DSF1355.jpg 4896w, http:\/\/gus.no\/blogg\/wp-content\/uploads\/2018\/01\/DSF1355-300x150.jpg 300w, http:\/\/gus.no\/blogg\/wp-content\/uploads\/2018\/01\/DSF1355-768x385.jpg 768w, http:\/\/gus.no\/blogg\/wp-content\/uploads\/2018\/01\/DSF1355-1024x513.jpg 1024w, http:\/\/gus.no\/blogg\/wp-content\/uploads\/2018\/01\/DSF1355-1200x602.jpg 1200w, http:\/\/gus.no\/blogg\/wp-content\/uploads\/2018\/01\/DSF1355-1860x933.jpg 1860w\" sizes=\"(max-width: 4896px) 100vw, 4896px\" \/>\n\t\t\t<\/div>\n\t\t\t\t<figcaption class='wp-caption-text gallery-caption' id='gallery-1-1269'>\n\t\t\t\tHer drikker vi estragonbrus, som smakte en blanding av lakris og hostesaft.\n\t\t\t\t<\/figcaption><\/figure>\n\t\t<\/div>\n\n<p>De f\u00f8rste dagene har vi f\u00e5tt undervisning om Aserbajdsjans rike kultur og historie.\u00a0Hovedstaden Baku minner p\u00e5 mange m\u00e5ter om en europeisk storby, med metro, rene gater og vakker arkitektur. Men det er ogs\u00e5 en by av kontraster, og dersom man beveger seg litt utenfor sentrum er det som om tiden har st\u00e5tt stille og bygningene er gamle og slitte.<\/p>\n<p>Vi har allerede pr\u00f8vd mye spennende mat, og drukket <strong>masse<\/strong> te! Maten her best\u00e5r av smakfulle gr\u00f8nnsaker, ris, frukt og kj\u00f8tt, og vi er overrasket over hvor godt alt smaker. (Bortsett fra estragonbrus da &#8211; se bildet over.) Gjestfriheten er stor her i landet, og man blir alltid tilbudt en kopp te og litt snacks. B\u00e5de te og snacks er en n\u00f8dvendighet i alle hjem &#8211; det har vi f\u00e5tt streng beskjed om. Relasjoner er limet i samfunnet og gjester har aller h\u00f8yeste prioritet. Her tar man livet mer med ro, og kan med god samvittighet droppe nesten enhver avtale dersom man har bes\u00f8k.<\/p>\n<div id='gallery-2' class='gallery galleryid-1256 gallery-columns-1 gallery-size-full'><figure class='gallery-item'>\n\t\t\t<div class='gallery-icon landscape'>\n\t\t\t\t<img loading=\"lazy\" decoding=\"async\" width=\"4896\" height=\"3264\" src=\"http:\/\/gus.no\/blogg\/wp-content\/uploads\/2018\/01\/DSF1370.jpg\" class=\"attachment-full size-full\" alt=\"\" srcset=\"http:\/\/gus.no\/blogg\/wp-content\/uploads\/2018\/01\/DSF1370.jpg 4896w, http:\/\/gus.no\/blogg\/wp-content\/uploads\/2018\/01\/DSF1370-300x200.jpg 300w, http:\/\/gus.no\/blogg\/wp-content\/uploads\/2018\/01\/DSF1370-768x512.jpg 768w, http:\/\/gus.no\/blogg\/wp-content\/uploads\/2018\/01\/DSF1370-1024x683.jpg 1024w, http:\/\/gus.no\/blogg\/wp-content\/uploads\/2018\/01\/DSF1370-1200x800.jpg 1200w, http:\/\/gus.no\/blogg\/wp-content\/uploads\/2018\/01\/DSF1370-1860x1240.jpg 1860w\" sizes=\"(max-width: 4896px) 100vw, 4896px\" \/>\n\t\t\t<\/div><\/figure>\n\t\t<\/div>\n\n<div id='gallery-3' class='gallery galleryid-1256 gallery-columns-2 gallery-size-full'><figure class='gallery-item'>\n\t\t\t<div class='gallery-icon landscape'>\n\t\t\t\t<img loading=\"lazy\" decoding=\"async\" width=\"4594\" height=\"3062\" src=\"http:\/\/gus.no\/blogg\/wp-content\/uploads\/2018\/01\/DSF1367.jpg\" class=\"attachment-full size-full\" alt=\"\" srcset=\"http:\/\/gus.no\/blogg\/wp-content\/uploads\/2018\/01\/DSF1367.jpg 4594w, http:\/\/gus.no\/blogg\/wp-content\/uploads\/2018\/01\/DSF1367-300x200.jpg 300w, http:\/\/gus.no\/blogg\/wp-content\/uploads\/2018\/01\/DSF1367-768x512.jpg 768w, http:\/\/gus.no\/blogg\/wp-content\/uploads\/2018\/01\/DSF1367-1024x683.jpg 1024w, http:\/\/gus.no\/blogg\/wp-content\/uploads\/2018\/01\/DSF1367-1200x800.jpg 1200w, http:\/\/gus.no\/blogg\/wp-content\/uploads\/2018\/01\/DSF1367-1860x1240.jpg 1860w\" sizes=\"(max-width: 4594px) 100vw, 4594px\" \/>\n\t\t\t<\/div><\/figure><figure class='gallery-item'>\n\t\t\t<div class='gallery-icon landscape'>\n\t\t\t\t<img loading=\"lazy\" decoding=\"async\" width=\"4896\" height=\"3264\" src=\"http:\/\/gus.no\/blogg\/wp-content\/uploads\/2018\/01\/DSF1368.jpg\" class=\"attachment-full size-full\" alt=\"\" srcset=\"http:\/\/gus.no\/blogg\/wp-content\/uploads\/2018\/01\/DSF1368.jpg 4896w, http:\/\/gus.no\/blogg\/wp-content\/uploads\/2018\/01\/DSF1368-300x200.jpg 300w, http:\/\/gus.no\/blogg\/wp-content\/uploads\/2018\/01\/DSF1368-768x512.jpg 768w, http:\/\/gus.no\/blogg\/wp-content\/uploads\/2018\/01\/DSF1368-1024x683.jpg 1024w, http:\/\/gus.no\/blogg\/wp-content\/uploads\/2018\/01\/DSF1368-1200x800.jpg 1200w, http:\/\/gus.no\/blogg\/wp-content\/uploads\/2018\/01\/DSF1368-1860x1240.jpg 1860w\" sizes=\"(max-width: 4896px) 100vw, 4896px\" \/>\n\t\t\t<\/div><\/figure>\n\t\t<\/div>\n\n<p>P\u00e5 l\u00f8rdag flyttet vi inn i et kollektiv sammen med fire aserbajdsjanske ungdommer, og her trives vi veldig godt. De er utrolig koselige, og vi f\u00e5r et unikt innblikk i den aserbajdsjansk hverdagen n\u00e5r vi bor her. Det er mye som er nytt og annerledes, men ogs\u00e5 masse som kan sammenlignes med livet i Norge.<\/p>\n<p>Dagene her er fulle av nye opplevelser og inntrykk, og vi gleder oss veldig til \u00e5 se hva de neste ukene vil bringe!<\/p>\n<h3><strong>Faith in action neste \u00e5r?<\/strong><\/h3>\n<p>\u00d8nsker du et helt bibelskole\u00e5r i tjeneste, hvor du l\u00e6rer mye, f\u00e5r tett oppf\u00f8lging og seks uker i utlandet? Sjekk ut <a href=\"http:\/\/gus.no\/faith-in-action\/\">Faith in action<\/a> og s\u00f8k om plass i dag.<\/p>\n","protected":false},"excerpt":{"rendered":"<p>Fargerike m\u00f8nstre, smakfull mat, spennende arkitektur og gjestfrie mennesker \u2013 velkommen til Aserbajdsjan!<\/p>\n","protected":false},"author":14,"featured_media":1259,"comment_status":"closed","ping_status":"open","sticky":false,"template":"","format":"standard","meta":{"_exactmetrics_skip_tracking":false,"_exactmetrics_sitenote_active":false,"_exactmetrics_sitenote_note":"","_exactmetrics_sitenote_category":0,"footnotes":""},"categories":[10],"tags":[],"class_list":["post-1256","post","type-post","status-publish","format-standard","has-post-thumbnail","hentry","category-faith-in-action","has-thumbnail"],"yoast_head":"<!-- This site is optimized with the Yoast SEO plugin v23.5 - https:\/\/yoast.com\/wordpress\/plugins\/seo\/ -->\n<title>Livstegn fra Baku - Blogg<\/title>\n<meta name=\"robots\" content=\"index, follow, max-snippet:-1, max-image-preview:large, max-video-preview:-1\" \/>\n<link rel=\"canonical\" href=\"http:\/\/gus.no\/blogg\/livstegn-fra-baku\/\" \/>\n<meta property=\"og:locale\" content=\"nb_NO\" \/>\n<meta property=\"og:type\" content=\"article\" \/>\n<meta property=\"og:title\" content=\"Livstegn fra Baku - Blogg\" \/>\n<meta property=\"og:description\" content=\"Fargerike m\u00f8nstre, smakfull mat, spennende arkitektur og gjestfrie mennesker \u2013 velkommen til Aserbajdsjan!\" \/>\n<meta property=\"og:url\" content=\"http:\/\/gus.no\/blogg\/livstegn-fra-baku\/\" \/>\n<meta property=\"og:site_name\" content=\"Blogg\" \/>\n<meta property=\"article:publisher\" content=\"http:\/\/www.facebook.com\/gaautsenteret\" \/>\n<meta property=\"article:published_time\" content=\"2018-01-21T18:18:40+00:00\" \/>\n<meta property=\"article:modified_time\" content=\"2018-01-21T21:02:36+00:00\" \/>\n<meta property=\"og:image\" content=\"http:\/\/gus.no\/blogg\/wp-content\/uploads\/2018\/01\/DSF1361-1024x683.jpg\" \/>\n\t<meta property=\"og:image:width\" content=\"1024\" \/>\n\t<meta property=\"og:image:height\" content=\"683\" \/>\n\t<meta property=\"og:image:type\" content=\"image\/jpeg\" \/>\n<meta name=\"author\" content=\"Karen Ueland\" \/>\n<meta name=\"twitter:card\" content=\"summary_large_image\" \/>\n<meta name=\"twitter:label1\" content=\"Skrevet av\" \/>\n\t<meta name=\"twitter:data1\" content=\"Karen Ueland\" \/>\n\t<meta name=\"twitter:label2\" content=\"Ansl. lesetid\" \/>\n\t<meta name=\"twitter:data2\" content=\"2 minutter\" \/>\n<script type=\"application\/ld+json\" class=\"yoast-schema-graph\">{\"@context\":\"https:\/\/schema.org\",\"@graph\":[{\"@type\":\"WebPage\",\"@id\":\"http:\/\/gus.no\/blogg\/livstegn-fra-baku\/\",\"url\":\"http:\/\/gus.no\/blogg\/livstegn-fra-baku\/\",\"name\":\"Livstegn fra Baku - Blogg\",\"isPartOf\":{\"@id\":\"http:\/\/gus.no\/blogg\/#website\"},\"primaryImageOfPage\":{\"@id\":\"http:\/\/gus.no\/blogg\/livstegn-fra-baku\/#primaryimage\"},\"image\":{\"@id\":\"http:\/\/gus.no\/blogg\/livstegn-fra-baku\/#primaryimage\"},\"thumbnailUrl\":\"http:\/\/gus.no\/blogg\/wp-content\/uploads\/2018\/01\/DSF1361.jpg\",\"datePublished\":\"2018-01-21T18:18:40+00:00\",\"dateModified\":\"2018-01-21T21:02:36+00:00\",\"author\":{\"@id\":\"http:\/\/gus.no\/blogg\/#\/schema\/person\/25ed123bff783a9896b4fc4456fb6ff3\"},\"breadcrumb\":{\"@id\":\"http:\/\/gus.no\/blogg\/livstegn-fra-baku\/#breadcrumb\"},\"inLanguage\":\"nb-NO\",\"potentialAction\":[{\"@type\":\"ReadAction\",\"target\":[\"http:\/\/gus.no\/blogg\/livstegn-fra-baku\/\"]}]},{\"@type\":\"ImageObject\",\"inLanguage\":\"nb-NO\",\"@id\":\"http:\/\/gus.no\/blogg\/livstegn-fra-baku\/#primaryimage\",\"url\":\"http:\/\/gus.no\/blogg\/wp-content\/uploads\/2018\/01\/DSF1361.jpg\",\"contentUrl\":\"http:\/\/gus.no\/blogg\/wp-content\/uploads\/2018\/01\/DSF1361.jpg\",\"width\":4896,\"height\":3264},{\"@type\":\"BreadcrumbList\",\"@id\":\"http:\/\/gus.no\/blogg\/livstegn-fra-baku\/#breadcrumb\",\"itemListElement\":[{\"@type\":\"ListItem\",\"position\":1,\"name\":\"Hjem\",\"item\":\"http:\/\/gus.no\/blogg\/\"},{\"@type\":\"ListItem\",\"position\":2,\"name\":\"Livstegn fra Baku\"}]},{\"@type\":\"WebSite\",\"@id\":\"http:\/\/gus.no\/blogg\/#website\",\"url\":\"http:\/\/gus.no\/blogg\/\",\"name\":\"Blogg\",\"description\":\"G\u00e5 Ut Senteret\",\"potentialAction\":[{\"@type\":\"SearchAction\",\"target\":{\"@type\":\"EntryPoint\",\"urlTemplate\":\"http:\/\/gus.no\/blogg\/?s={search_term_string}\"},\"query-input\":{\"@type\":\"PropertyValueSpecification\",\"valueRequired\":true,\"valueName\":\"search_term_string\"}}],\"inLanguage\":\"nb-NO\"},{\"@type\":\"Person\",\"@id\":\"http:\/\/gus.no\/blogg\/#\/schema\/person\/25ed123bff783a9896b4fc4456fb6ff3\",\"name\":\"Karen Ueland\",\"url\":\"http:\/\/gus.no\/blogg\/author\/aserbajdsjan\/\"}]}<\/script>\n<!-- \/ Yoast SEO plugin. -->","yoast_head_json":{"title":"Livstegn fra Baku - Blogg","robots":{"index":"index","follow":"follow","max-snippet":"max-snippet:-1","max-image-preview":"max-image-preview:large","max-video-preview":"max-video-preview:-1"},"canonical":"http:\/\/gus.no\/blogg\/livstegn-fra-baku\/","og_locale":"nb_NO","og_type":"article","og_title":"Livstegn fra Baku - Blogg","og_description":"Fargerike m\u00f8nstre, smakfull mat, spennende arkitektur og gjestfrie mennesker \u2013 velkommen til Aserbajdsjan!","og_url":"http:\/\/gus.no\/blogg\/livstegn-fra-baku\/","og_site_name":"Blogg","article_publisher":"http:\/\/www.facebook.com\/gaautsenteret","article_published_time":"2018-01-21T18:18:40+00:00","article_modified_time":"2018-01-21T21:02:36+00:00","og_image":[{"width":1024,"height":683,"url":"http:\/\/gus.no\/blogg\/wp-content\/uploads\/2018\/01\/DSF1361-1024x683.jpg","type":"image\/jpeg"}],"author":"Karen Ueland","twitter_card":"summary_large_image","twitter_misc":{"Skrevet av":"Karen Ueland","Ansl. lesetid":"2 minutter"},"schema":{"@context":"https:\/\/schema.org","@graph":[{"@type":"WebPage","@id":"http:\/\/gus.no\/blogg\/livstegn-fra-baku\/","url":"http:\/\/gus.no\/blogg\/livstegn-fra-baku\/","name":"Livstegn fra Baku - Blogg","isPartOf":{"@id":"http:\/\/gus.no\/blogg\/#website"},"primaryImageOfPage":{"@id":"http:\/\/gus.no\/blogg\/livstegn-fra-baku\/#primaryimage"},"image":{"@id":"http:\/\/gus.no\/blogg\/livstegn-fra-baku\/#primaryimage"},"thumbnailUrl":"http:\/\/gus.no\/blogg\/wp-content\/uploads\/2018\/01\/DSF1361.jpg","datePublished":"2018-01-21T18:18:40+00:00","dateModified":"2018-01-21T21:02:36+00:00","author":{"@id":"http:\/\/gus.no\/blogg\/#\/schema\/person\/25ed123bff783a9896b4fc4456fb6ff3"},"breadcrumb":{"@id":"http:\/\/gus.no\/blogg\/livstegn-fra-baku\/#breadcrumb"},"inLanguage":"nb-NO","potentialAction":[{"@type":"ReadAction","target":["http:\/\/gus.no\/blogg\/livstegn-fra-baku\/"]}]},{"@type":"ImageObject","inLanguage":"nb-NO","@id":"http:\/\/gus.no\/blogg\/livstegn-fra-baku\/#primaryimage","url":"http:\/\/gus.no\/blogg\/wp-content\/uploads\/2018\/01\/DSF1361.jpg","contentUrl":"http:\/\/gus.no\/blogg\/wp-content\/uploads\/2018\/01\/DSF1361.jpg","width":4896,"height":3264},{"@type":"BreadcrumbList","@id":"http:\/\/gus.no\/blogg\/livstegn-fra-baku\/#breadcrumb","itemListElement":[{"@type":"ListItem","position":1,"name":"Hjem","item":"http:\/\/gus.no\/blogg\/"},{"@type":"ListItem","position":2,"name":"Livstegn fra Baku"}]},{"@type":"WebSite","@id":"http:\/\/gus.no\/blogg\/#website","url":"http:\/\/gus.no\/blogg\/","name":"Blogg","description":"G\u00e5 Ut Senteret","potentialAction":[{"@type":"SearchAction","target":{"@type":"EntryPoint","urlTemplate":"http:\/\/gus.no\/blogg\/?s={search_term_string}"},"query-input":{"@type":"PropertyValueSpecification","valueRequired":true,"valueName":"search_term_string"}}],"inLanguage":"nb-NO"},{"@type":"Person","@id":"http:\/\/gus.no\/blogg\/#\/schema\/person\/25ed123bff783a9896b4fc4456fb6ff3","name":"Karen Ueland","url":"http:\/\/gus.no\/blogg\/author\/aserbajdsjan\/"}]}},"_links":{"self":[{"href":"http:\/\/gus.no\/blogg\/wp-json\/wp\/v2\/posts\/1256"}],"collection":[{"href":"http:\/\/gus.no\/blogg\/wp-json\/wp\/v2\/posts"}],"about":[{"href":"http:\/\/gus.no\/blogg\/wp-json\/wp\/v2\/types\/post"}],"author":[{"embeddable":true,"href":"http:\/\/gus.no\/blogg\/wp-json\/wp\/v2\/users\/14"}],"replies":[{"embeddable":true,"href":"http:\/\/gus.no\/blogg\/wp-json\/wp\/v2\/comments?post=1256"}],"version-history":[{"count":28,"href":"http:\/\/gus.no\/blogg\/wp-json\/wp\/v2\/posts\/1256\/revisions"}],"predecessor-version":[{"id":1293,"href":"http:\/\/gus.no\/blogg\/wp-json\/wp\/v2\/posts\/1256\/revisions\/1293"}],"wp:featuredmedia":[{"embeddable":true,"href":"http:\/\/gus.no\/blogg\/wp-json\/wp\/v2\/media\/1259"}],"wp:attachment":[{"href":"http:\/\/gus.no\/blogg\/wp-json\/wp\/v2\/media?parent=1256"}],"wp:term":[{"taxonomy":"category","embeddable":true,"href":"http:\/\/gus.no\/blogg\/wp-json\/wp\/v2\/categories?post=1256"},{"taxonomy":"post_tag","embeddable":true,"href":"http:\/\/gus.no\/blogg\/wp-json\/wp\/v2\/tags?post=1256"}],"curies":[{"name":"wp","href":"https:\/\/api.w.org\/{rel}","templated":true}]}}