{"id":1375,"date":"2018-02-08T20:36:45","date_gmt":"2018-02-08T19:36:45","guid":{"rendered":"http:\/\/gus.no\/blogg\/?p=1375"},"modified":"2018-02-08T20:36:45","modified_gmt":"2018-02-08T19:36:45","slug":"eventyret-ecuador","status":"publish","type":"post","link":"http:\/\/gus.no\/blogg\/eventyret-ecuador\/","title":{"rendered":"Eventyret Ecuador"},"content":{"rendered":"<p>Ecuador er kj\u00f8lige dager i Cuenca, varme kvelder i Guayaquil og fuktige tropenetter i Jama. Ecuador er smil fra menn som slapper av p\u00e5 trammen, vinking fra en eldre dame som lener seg ut vinduskarmen og latter fra en liten jente som gjemmer seg i morens ben mens hun ser nysgjerrig p\u00e5 deg.<\/p>\n<p>Ecuador er brosteinsgater, asfalt, s\u00f8le til anklene og sand mellom t\u00e6rne. Ecuador er h\u00f8y salsa-musikk fra et nabohus og raketter til alle d\u00f8gnets tider &#8211; \u00abDet er alltid noe \u00e5 feire\u00bb, sier de.<\/p>\n<div id='gallery-1' class='gallery galleryid-1375 gallery-columns-1 gallery-size-full'><figure class='gallery-item'>\n\t\t\t<div class='gallery-icon landscape'>\n\t\t\t\t<a href='http:\/\/gus.no\/blogg\/eventyret-ecuador\/dsc04718\/'><img loading=\"lazy\" decoding=\"async\" width=\"5456\" height=\"3632\" src=\"http:\/\/gus.no\/blogg\/wp-content\/uploads\/2018\/02\/DSC04718.jpg\" class=\"attachment-full size-full\" alt=\"\" srcset=\"http:\/\/gus.no\/blogg\/wp-content\/uploads\/2018\/02\/DSC04718.jpg 5456w, http:\/\/gus.no\/blogg\/wp-content\/uploads\/2018\/02\/DSC04718-300x200.jpg 300w, http:\/\/gus.no\/blogg\/wp-content\/uploads\/2018\/02\/DSC04718-768x511.jpg 768w, http:\/\/gus.no\/blogg\/wp-content\/uploads\/2018\/02\/DSC04718-1024x682.jpg 1024w, http:\/\/gus.no\/blogg\/wp-content\/uploads\/2018\/02\/DSC04718-1200x799.jpg 1200w, http:\/\/gus.no\/blogg\/wp-content\/uploads\/2018\/02\/DSC04718-1860x1238.jpg 1860w\" sizes=\"(max-width: 5456px) 100vw, 5456px\" \/><\/a>\n\t\t\t<\/div><\/figure>\n\t\t<\/div>\n\n<p>Ecuador er naranilla-juice, bananchips, b\u00f8nner, ris og empanadas. Ecuador er lamaer langs veien, Jesus-klistremerker p\u00e5 bussvinduer og helstekt marsvin p\u00e5 spyd til middag. Ecuador er majestetiske fjell, med mystisk t\u00e5ke som smyger seg mellom tr\u00e6rne.<\/p>\n<p>Ecuador er rismarker, bananplantasjer og rekefarmer. Ecuador er en strandlinje med plankebiter som fungerer som hus. Ecuador er en stilren caf\u00e9 med wifi og detoxsmoothie. Ecuador er ruiner etter ruiner av bygninger som for to \u00e5r siden siden var noens hjem.<\/p>\n<div id='gallery-2' class='gallery galleryid-1375 gallery-columns-1 gallery-size-full'><figure class='gallery-item'>\n\t\t\t<div class='gallery-icon landscape'>\n\t\t\t\t<a href='http:\/\/gus.no\/blogg\/eventyret-ecuador\/dsc04732\/'><img loading=\"lazy\" decoding=\"async\" width=\"5437\" height=\"3012\" src=\"http:\/\/gus.no\/blogg\/wp-content\/uploads\/2018\/02\/DSC04732.jpg\" class=\"attachment-full size-full\" alt=\"\" srcset=\"http:\/\/gus.no\/blogg\/wp-content\/uploads\/2018\/02\/DSC04732.jpg 5437w, http:\/\/gus.no\/blogg\/wp-content\/uploads\/2018\/02\/DSC04732-300x166.jpg 300w, http:\/\/gus.no\/blogg\/wp-content\/uploads\/2018\/02\/DSC04732-768x425.jpg 768w, http:\/\/gus.no\/blogg\/wp-content\/uploads\/2018\/02\/DSC04732-1024x567.jpg 1024w, http:\/\/gus.no\/blogg\/wp-content\/uploads\/2018\/02\/DSC04732-1200x665.jpg 1200w, http:\/\/gus.no\/blogg\/wp-content\/uploads\/2018\/02\/DSC04732-1860x1030.jpg 1860w\" sizes=\"(max-width: 5437px) 100vw, 5437px\" \/><\/a>\n\t\t\t<\/div><\/figure>\n\t\t<\/div>\n\n<p>Ecuador er fattigdom, Ecuador er rikdom, og Ecuador f\u00e5r deg til \u00e5 revurdere nettopp det \u2013 hva er fattigdom og hva er rikdom.<\/p>\n<p>Det har g\u00e5tt tre uker, vi er halvveis i oppholdet. Det er klisj\u00e9 \u00e5 si det, men det kjennes b\u00e5de ut som vi landet i forig\u00e5rs og for tre m\u00e5neders siden.<\/p>\n<div id='gallery-3' class='gallery galleryid-1375 gallery-columns-1 gallery-size-full'><figure class='gallery-item'>\n\t\t\t<div class='gallery-icon landscape'>\n\t\t\t\t<a href='http:\/\/gus.no\/blogg\/eventyret-ecuador\/img_2033\/'><img loading=\"lazy\" decoding=\"async\" width=\"4032\" height=\"3024\" src=\"http:\/\/gus.no\/blogg\/wp-content\/uploads\/2018\/02\/IMG_2033.jpg\" class=\"attachment-full size-full\" alt=\"\" srcset=\"http:\/\/gus.no\/blogg\/wp-content\/uploads\/2018\/02\/IMG_2033.jpg 4032w, http:\/\/gus.no\/blogg\/wp-content\/uploads\/2018\/02\/IMG_2033-300x225.jpg 300w, http:\/\/gus.no\/blogg\/wp-content\/uploads\/2018\/02\/IMG_2033-768x576.jpg 768w, http:\/\/gus.no\/blogg\/wp-content\/uploads\/2018\/02\/IMG_2033-1024x768.jpg 1024w, http:\/\/gus.no\/blogg\/wp-content\/uploads\/2018\/02\/IMG_2033-1200x900.jpg 1200w, http:\/\/gus.no\/blogg\/wp-content\/uploads\/2018\/02\/IMG_2033-1860x1395.jpg 1860w\" sizes=\"(max-width: 4032px) 100vw, 4032px\" \/><\/a>\n\t\t\t<\/div><\/figure>\n\t\t<\/div>\n\n<p>Turen v\u00e5r startet i Cuenca, en by med 500.000 innbyggere som ligger 2800 meter over havet. Normisjons direkt\u00f8r i Ecuador, \u00c5se, er n\u00e5 fastboende i Cuenca og tok oss ordentlig godt i mot. Vi bodde i nabohuset hennes sammen med Jeanette. Hun gikk p\u00e5 GUS i fjor og i \u00e5r har hun reist tilbake til Ecuador som volunt\u00f8r. Hennes opplevelser kan du lese om\u00a0<a href=\"https:\/\/jeanettedk.wordpress.com\">her<\/a>.<\/p>\n<p>F\u00f8rst og fremst var vi i Cuenca for \u00e5 l\u00e6re mer spansk. Skolen var veldig god, v\u00e5re profesoras var utrolig flinke, koselige og gener\u00f8se med kaffen. I helgen bes\u00f8kte vi menigheten \u00c5se g\u00e5r i, og et kultur-museum. Der viste de hvordan mange ecuatorianere lever i dag, fra fjellbygdene utenfor Cuenca, til bortgjemte samfunn i Amazonas.<\/p>\n<p>De to ukene gikk veldig fort, med undervisning p\u00e5 dagen, ofte et caf\u00e9bes\u00f8k til lunsj og salsa, lekser og avslapning p\u00e5 kvelden. Vi trivdes veldig godt i storbyen, men alle gode ting er tre, og Cuenca var bare f\u00f8rste stopp p\u00e5 reisen.<\/p>\n<div id='gallery-4' class='gallery galleryid-1375 gallery-columns-1 gallery-size-full'><figure class='gallery-item'>\n\t\t\t<div class='gallery-icon landscape'>\n\t\t\t\t<a href='http:\/\/gus.no\/blogg\/eventyret-ecuador\/dsc04692-1\/'><img loading=\"lazy\" decoding=\"async\" width=\"5456\" height=\"3632\" src=\"http:\/\/gus.no\/blogg\/wp-content\/uploads\/2018\/02\/DSC04692-1.jpg\" class=\"attachment-full size-full\" alt=\"\" srcset=\"http:\/\/gus.no\/blogg\/wp-content\/uploads\/2018\/02\/DSC04692-1.jpg 5456w, http:\/\/gus.no\/blogg\/wp-content\/uploads\/2018\/02\/DSC04692-1-300x200.jpg 300w, http:\/\/gus.no\/blogg\/wp-content\/uploads\/2018\/02\/DSC04692-1-768x511.jpg 768w, http:\/\/gus.no\/blogg\/wp-content\/uploads\/2018\/02\/DSC04692-1-1024x682.jpg 1024w, http:\/\/gus.no\/blogg\/wp-content\/uploads\/2018\/02\/DSC04692-1-1200x799.jpg 1200w, http:\/\/gus.no\/blogg\/wp-content\/uploads\/2018\/02\/DSC04692-1-1860x1238.jpg 1860w\" sizes=\"(max-width: 5456px) 100vw, 5456px\" \/><\/a>\n\t\t\t<\/div><\/figure>\n\t\t<\/div>\n\n<p>Fra Cuenca dro vi og \u00c5se med buss til Jama. Her ble vi m\u00f8tt av fantastiske Roberto, v\u00e5rt nye reisef\u00f8lge, som jobber for organisasjonen vi har praksis i; Habitat Para El Ecuador. I sterk kontrast til Cuenca er Jama en liten landsby med omtrent 6000 innbyggere, som ligger noen kilometer unna kysten.<\/p>\n<p>For snart to \u00e5r siden var det et kraftig jordskjelv i Ecuador. Jama ble hardt rammet og sporene etter \u00f8deleggelsene er fortsatt tydelige. N\u00e5r vi kom hit den f\u00f8rste kvelden dro vi rett i kirka vi er tilknyttet. Der ble vi tatt overveldende varmt i mot. Det var veldig sterkt \u00e5 se hvor mye vilje, h\u00e5p og tillit til Gud som lever i menneskene vi m\u00f8tte.<\/p>\n<p>Dagen etter startet vi med praksisen v\u00e5r; \u00e5 hjelpe til med bygging av nye hus. Etter m\u00f8tet kvelden f\u00f8r var det virkelig givende \u00e5 kunne bidra s\u00e5 konkret. \u00a0De f\u00f8rste tre dagene var ogs\u00e5 en gjeng ecuatorianske bibelskoleelever med \u00e5 bygget. \u00c5 f\u00e5 bli kjent med dem, om s\u00e5 litt begrenset av spr\u00e5ket, var ogs\u00e5 utrolig g\u00f8y.<\/p>\n<p>Uka har g\u00e5tt s\u00e5 fort, men v\u00e6rt s\u00e5 innholdsrik. Vi har tilbragt mange, tunge timer p\u00e5 byggeplassen, blitt solbrente, bes\u00f8kt en ecuatoriansk dame som serverte ferskt yuca-br\u00f8d, og hatt en frihelg p\u00e5 stranda.<\/p>\n<div id='gallery-5' class='gallery galleryid-1375 gallery-columns-2 gallery-size-large'><figure class='gallery-item'>\n\t\t\t<div class='gallery-icon landscape'>\n\t\t\t\t<img loading=\"lazy\" decoding=\"async\" width=\"560\" height=\"373\" src=\"http:\/\/gus.no\/blogg\/wp-content\/uploads\/2018\/02\/DSC04797-1024x682.jpg\" class=\"attachment-large size-large\" alt=\"\" srcset=\"http:\/\/gus.no\/blogg\/wp-content\/uploads\/2018\/02\/DSC04797-1024x682.jpg 1024w, http:\/\/gus.no\/blogg\/wp-content\/uploads\/2018\/02\/DSC04797-300x200.jpg 300w, http:\/\/gus.no\/blogg\/wp-content\/uploads\/2018\/02\/DSC04797-768x511.jpg 768w, http:\/\/gus.no\/blogg\/wp-content\/uploads\/2018\/02\/DSC04797-1200x799.jpg 1200w, http:\/\/gus.no\/blogg\/wp-content\/uploads\/2018\/02\/DSC04797-1860x1238.jpg 1860w\" sizes=\"(max-width: 560px) 100vw, 560px\" \/>\n\t\t\t<\/div><\/figure><figure class='gallery-item'>\n\t\t\t<div class='gallery-icon landscape'>\n\t\t\t\t<img loading=\"lazy\" decoding=\"async\" width=\"560\" height=\"373\" src=\"http:\/\/gus.no\/blogg\/wp-content\/uploads\/2018\/02\/DSC04801-1024x682.jpg\" class=\"attachment-large size-large\" alt=\"\" srcset=\"http:\/\/gus.no\/blogg\/wp-content\/uploads\/2018\/02\/DSC04801-1024x682.jpg 1024w, http:\/\/gus.no\/blogg\/wp-content\/uploads\/2018\/02\/DSC04801-300x200.jpg 300w, http:\/\/gus.no\/blogg\/wp-content\/uploads\/2018\/02\/DSC04801-768x511.jpg 768w, http:\/\/gus.no\/blogg\/wp-content\/uploads\/2018\/02\/DSC04801-1200x799.jpg 1200w, http:\/\/gus.no\/blogg\/wp-content\/uploads\/2018\/02\/DSC04801-1860x1238.jpg 1860w\" sizes=\"(max-width: 560px) 100vw, 560px\" \/>\n\t\t\t<\/div><\/figure>\n\t\t<\/div>\n\n<div id='gallery-6' class='gallery galleryid-1375 gallery-columns-1 gallery-size-full'><figure class='gallery-item'>\n\t\t\t<div class='gallery-icon landscape'>\n\t\t\t\t<a href='http:\/\/gus.no\/blogg\/eventyret-ecuador\/img_6202\/'><img loading=\"lazy\" decoding=\"async\" width=\"3264\" height=\"2448\" src=\"http:\/\/gus.no\/blogg\/wp-content\/uploads\/2018\/02\/IMG_6202.jpg\" class=\"attachment-full size-full\" alt=\"\" srcset=\"http:\/\/gus.no\/blogg\/wp-content\/uploads\/2018\/02\/IMG_6202.jpg 3264w, http:\/\/gus.no\/blogg\/wp-content\/uploads\/2018\/02\/IMG_6202-300x225.jpg 300w, http:\/\/gus.no\/blogg\/wp-content\/uploads\/2018\/02\/IMG_6202-768x576.jpg 768w, http:\/\/gus.no\/blogg\/wp-content\/uploads\/2018\/02\/IMG_6202-1024x768.jpg 1024w, http:\/\/gus.no\/blogg\/wp-content\/uploads\/2018\/02\/IMG_6202-1200x900.jpg 1200w, http:\/\/gus.no\/blogg\/wp-content\/uploads\/2018\/02\/IMG_6202-1860x1395.jpg 1860w\" sizes=\"(max-width: 3264px) 100vw, 3264px\" \/><\/a>\n\t\t\t<\/div><\/figure>\n\t\t<\/div>\n\n<p>Det har v\u00e6rt tre sterke uker. Vi kom hit med \u00f8nsker om \u00e5 m\u00f8te noe nytt, l\u00e6re noe nytt og forst\u00e5 noe nytt. Om verden, om mennesker, om hvem vi er og hvem Gud er. Kanskje litt h\u00f8ye og svevende forventninger, vil du si? Joda, vi kan v\u00e6re enige i det, men Gud har s\u00e5 til de grader m\u00f8tt dem. N\u00e5 er vi spente p\u00e5 hva mer han har i vente for oss her i rike Ecuador.<\/p>\n<h3><strong>Faith in action neste \u00e5r?<\/strong><\/h3>\n<p>\u00d8nsker du et helt bibelskole\u00e5r i tjeneste, hvor du l\u00e6rer mye, f\u00e5r tett oppf\u00f8lging og seks uker i utlandet? Sjekk ut <a href=\"http:\/\/gus.no\/faith-in-action\/\">Faith in action<\/a> og s\u00f8k om plass i dag.<\/p>\n","protected":false},"excerpt":{"rendered":"<p>Hva er Ecuador? Hvordan er Ecuador? Hvem er ecuatorianerene?\u00a0Det er s\u00e5 klart umulig \u00e5 si, men etter tre uker er dette Ecuador for oss.<\/p>\n","protected":false},"author":13,"featured_media":1407,"comment_status":"closed","ping_status":"open","sticky":false,"template":"","format":"standard","meta":{"_exactmetrics_skip_tracking":false,"_exactmetrics_sitenote_active":false,"_exactmetrics_sitenote_note":"","_exactmetrics_sitenote_category":0,"footnotes":""},"categories":[10],"tags":[],"class_list":["post-1375","post","type-post","status-publish","format-standard","has-post-thumbnail","hentry","category-faith-in-action","has-thumbnail"],"yoast_head":"<!-- This site is optimized with the Yoast SEO plugin v23.5 - https:\/\/yoast.com\/wordpress\/plugins\/seo\/ -->\n<title>Eventyret Ecuador - Blogg<\/title>\n<meta name=\"robots\" content=\"index, follow, max-snippet:-1, max-image-preview:large, max-video-preview:-1\" \/>\n<link rel=\"canonical\" href=\"http:\/\/gus.no\/blogg\/eventyret-ecuador\/\" \/>\n<meta property=\"og:locale\" content=\"nb_NO\" \/>\n<meta property=\"og:type\" content=\"article\" \/>\n<meta property=\"og:title\" content=\"Eventyret Ecuador - Blogg\" \/>\n<meta property=\"og:description\" content=\"Hva er Ecuador? Hvordan er Ecuador? Hvem er ecuatorianerene?\u00a0Det er s\u00e5 klart umulig \u00e5 si, men etter tre uker er dette Ecuador for oss.\" \/>\n<meta property=\"og:url\" content=\"http:\/\/gus.no\/blogg\/eventyret-ecuador\/\" \/>\n<meta property=\"og:site_name\" content=\"Blogg\" \/>\n<meta property=\"article:publisher\" content=\"http:\/\/www.facebook.com\/gaautsenteret\" \/>\n<meta property=\"article:published_time\" content=\"2018-02-08T19:36:45+00:00\" \/>\n<meta property=\"og:image\" content=\"http:\/\/gus.no\/blogg\/wp-content\/uploads\/2018\/02\/DSC04797-1024x682.jpg\" \/>\n\t<meta property=\"og:image:width\" content=\"1024\" \/>\n\t<meta property=\"og:image:height\" content=\"682\" \/>\n\t<meta property=\"og:image:type\" content=\"image\/jpeg\" \/>\n<meta name=\"author\" content=\"Team Ecuador (Faith in action 2017\/2018)\" \/>\n<meta name=\"twitter:card\" content=\"summary_large_image\" \/>\n<meta name=\"twitter:label1\" content=\"Skrevet av\" \/>\n\t<meta name=\"twitter:data1\" content=\"Team Ecuador (Faith in action 2017\/2018)\" \/>\n\t<meta name=\"twitter:label2\" content=\"Ansl. lesetid\" \/>\n\t<meta name=\"twitter:data2\" content=\"4 minutter\" \/>\n<script type=\"application\/ld+json\" class=\"yoast-schema-graph\">{\"@context\":\"https:\/\/schema.org\",\"@graph\":[{\"@type\":\"WebPage\",\"@id\":\"http:\/\/gus.no\/blogg\/eventyret-ecuador\/\",\"url\":\"http:\/\/gus.no\/blogg\/eventyret-ecuador\/\",\"name\":\"Eventyret Ecuador - Blogg\",\"isPartOf\":{\"@id\":\"http:\/\/gus.no\/blogg\/#website\"},\"primaryImageOfPage\":{\"@id\":\"http:\/\/gus.no\/blogg\/eventyret-ecuador\/#primaryimage\"},\"image\":{\"@id\":\"http:\/\/gus.no\/blogg\/eventyret-ecuador\/#primaryimage\"},\"thumbnailUrl\":\"http:\/\/gus.no\/blogg\/wp-content\/uploads\/2018\/02\/DSC04797.jpg\",\"datePublished\":\"2018-02-08T19:36:45+00:00\",\"dateModified\":\"2018-02-08T19:36:45+00:00\",\"author\":{\"@id\":\"http:\/\/gus.no\/blogg\/#\/schema\/person\/c6076fd0ad6953f1a9c0d7ed5fb901f6\"},\"breadcrumb\":{\"@id\":\"http:\/\/gus.no\/blogg\/eventyret-ecuador\/#breadcrumb\"},\"inLanguage\":\"nb-NO\",\"potentialAction\":[{\"@type\":\"ReadAction\",\"target\":[\"http:\/\/gus.no\/blogg\/eventyret-ecuador\/\"]}]},{\"@type\":\"ImageObject\",\"inLanguage\":\"nb-NO\",\"@id\":\"http:\/\/gus.no\/blogg\/eventyret-ecuador\/#primaryimage\",\"url\":\"http:\/\/gus.no\/blogg\/wp-content\/uploads\/2018\/02\/DSC04797.jpg\",\"contentUrl\":\"http:\/\/gus.no\/blogg\/wp-content\/uploads\/2018\/02\/DSC04797.jpg\",\"width\":5456,\"height\":3632},{\"@type\":\"BreadcrumbList\",\"@id\":\"http:\/\/gus.no\/blogg\/eventyret-ecuador\/#breadcrumb\",\"itemListElement\":[{\"@type\":\"ListItem\",\"position\":1,\"name\":\"Hjem\",\"item\":\"http:\/\/gus.no\/blogg\/\"},{\"@type\":\"ListItem\",\"position\":2,\"name\":\"Eventyret Ecuador\"}]},{\"@type\":\"WebSite\",\"@id\":\"http:\/\/gus.no\/blogg\/#website\",\"url\":\"http:\/\/gus.no\/blogg\/\",\"name\":\"Blogg\",\"description\":\"G\u00e5 Ut Senteret\",\"potentialAction\":[{\"@type\":\"SearchAction\",\"target\":{\"@type\":\"EntryPoint\",\"urlTemplate\":\"http:\/\/gus.no\/blogg\/?s={search_term_string}\"},\"query-input\":{\"@type\":\"PropertyValueSpecification\",\"valueRequired\":true,\"valueName\":\"search_term_string\"}}],\"inLanguage\":\"nb-NO\"},{\"@type\":\"Person\",\"@id\":\"http:\/\/gus.no\/blogg\/#\/schema\/person\/c6076fd0ad6953f1a9c0d7ed5fb901f6\",\"name\":\"Team Ecuador (Faith in action 2017\/2018)\",\"url\":\"http:\/\/gus.no\/blogg\/author\/ecuador\/\"}]}<\/script>\n<!-- \/ Yoast SEO plugin. -->","yoast_head_json":{"title":"Eventyret Ecuador - Blogg","robots":{"index":"index","follow":"follow","max-snippet":"max-snippet:-1","max-image-preview":"max-image-preview:large","max-video-preview":"max-video-preview:-1"},"canonical":"http:\/\/gus.no\/blogg\/eventyret-ecuador\/","og_locale":"nb_NO","og_type":"article","og_title":"Eventyret Ecuador - Blogg","og_description":"Hva er Ecuador? Hvordan er Ecuador? Hvem er ecuatorianerene?\u00a0Det er s\u00e5 klart umulig \u00e5 si, men etter tre uker er dette Ecuador for oss.","og_url":"http:\/\/gus.no\/blogg\/eventyret-ecuador\/","og_site_name":"Blogg","article_publisher":"http:\/\/www.facebook.com\/gaautsenteret","article_published_time":"2018-02-08T19:36:45+00:00","og_image":[{"width":1024,"height":682,"url":"http:\/\/gus.no\/blogg\/wp-content\/uploads\/2018\/02\/DSC04797-1024x682.jpg","type":"image\/jpeg"}],"author":"Team Ecuador (Faith in action 2017\/2018)","twitter_card":"summary_large_image","twitter_misc":{"Skrevet av":"Team Ecuador (Faith in action 2017\/2018)","Ansl. lesetid":"4 minutter"},"schema":{"@context":"https:\/\/schema.org","@graph":[{"@type":"WebPage","@id":"http:\/\/gus.no\/blogg\/eventyret-ecuador\/","url":"http:\/\/gus.no\/blogg\/eventyret-ecuador\/","name":"Eventyret Ecuador - Blogg","isPartOf":{"@id":"http:\/\/gus.no\/blogg\/#website"},"primaryImageOfPage":{"@id":"http:\/\/gus.no\/blogg\/eventyret-ecuador\/#primaryimage"},"image":{"@id":"http:\/\/gus.no\/blogg\/eventyret-ecuador\/#primaryimage"},"thumbnailUrl":"http:\/\/gus.no\/blogg\/wp-content\/uploads\/2018\/02\/DSC04797.jpg","datePublished":"2018-02-08T19:36:45+00:00","dateModified":"2018-02-08T19:36:45+00:00","author":{"@id":"http:\/\/gus.no\/blogg\/#\/schema\/person\/c6076fd0ad6953f1a9c0d7ed5fb901f6"},"breadcrumb":{"@id":"http:\/\/gus.no\/blogg\/eventyret-ecuador\/#breadcrumb"},"inLanguage":"nb-NO","potentialAction":[{"@type":"ReadAction","target":["http:\/\/gus.no\/blogg\/eventyret-ecuador\/"]}]},{"@type":"ImageObject","inLanguage":"nb-NO","@id":"http:\/\/gus.no\/blogg\/eventyret-ecuador\/#primaryimage","url":"http:\/\/gus.no\/blogg\/wp-content\/uploads\/2018\/02\/DSC04797.jpg","contentUrl":"http:\/\/gus.no\/blogg\/wp-content\/uploads\/2018\/02\/DSC04797.jpg","width":5456,"height":3632},{"@type":"BreadcrumbList","@id":"http:\/\/gus.no\/blogg\/eventyret-ecuador\/#breadcrumb","itemListElement":[{"@type":"ListItem","position":1,"name":"Hjem","item":"http:\/\/gus.no\/blogg\/"},{"@type":"ListItem","position":2,"name":"Eventyret Ecuador"}]},{"@type":"WebSite","@id":"http:\/\/gus.no\/blogg\/#website","url":"http:\/\/gus.no\/blogg\/","name":"Blogg","description":"G\u00e5 Ut Senteret","potentialAction":[{"@type":"SearchAction","target":{"@type":"EntryPoint","urlTemplate":"http:\/\/gus.no\/blogg\/?s={search_term_string}"},"query-input":{"@type":"PropertyValueSpecification","valueRequired":true,"valueName":"search_term_string"}}],"inLanguage":"nb-NO"},{"@type":"Person","@id":"http:\/\/gus.no\/blogg\/#\/schema\/person\/c6076fd0ad6953f1a9c0d7ed5fb901f6","name":"Team Ecuador (Faith in action 2017\/2018)","url":"http:\/\/gus.no\/blogg\/author\/ecuador\/"}]}},"_links":{"self":[{"href":"http:\/\/gus.no\/blogg\/wp-json\/wp\/v2\/posts\/1375"}],"collection":[{"href":"http:\/\/gus.no\/blogg\/wp-json\/wp\/v2\/posts"}],"about":[{"href":"http:\/\/gus.no\/blogg\/wp-json\/wp\/v2\/types\/post"}],"author":[{"embeddable":true,"href":"http:\/\/gus.no\/blogg\/wp-json\/wp\/v2\/users\/13"}],"replies":[{"embeddable":true,"href":"http:\/\/gus.no\/blogg\/wp-json\/wp\/v2\/comments?post=1375"}],"version-history":[{"count":20,"href":"http:\/\/gus.no\/blogg\/wp-json\/wp\/v2\/posts\/1375\/revisions"}],"predecessor-version":[{"id":1418,"href":"http:\/\/gus.no\/blogg\/wp-json\/wp\/v2\/posts\/1375\/revisions\/1418"}],"wp:featuredmedia":[{"embeddable":true,"href":"http:\/\/gus.no\/blogg\/wp-json\/wp\/v2\/media\/1407"}],"wp:attachment":[{"href":"http:\/\/gus.no\/blogg\/wp-json\/wp\/v2\/media?parent=1375"}],"wp:term":[{"taxonomy":"category","embeddable":true,"href":"http:\/\/gus.no\/blogg\/wp-json\/wp\/v2\/categories?post=1375"},{"taxonomy":"post_tag","embeddable":true,"href":"http:\/\/gus.no\/blogg\/wp-json\/wp\/v2\/tags?post=1375"}],"curies":[{"name":"wp","href":"https:\/\/api.w.org\/{rel}","templated":true}]}}