{"id":2706,"date":"2019-02-15T09:59:31","date_gmt":"2019-02-15T08:59:31","guid":{"rendered":"http:\/\/gus.no\/blogg\/?p=2706"},"modified":"2019-03-21T08:36:03","modified_gmt":"2019-03-21T07:36:03","slug":"salam-azerbaijan","status":"publish","type":"post","link":"http:\/\/gus.no\/blogg\/salam-azerbaijan\/","title":{"rendered":"Salam Azerbaijan!"},"content":{"rendered":"<p><strong>Avreise fra Trondheim<\/strong><\/p>\n<p style=\"text-align: center;\">Torsdag kl 04:30 sto vi og bagasjen v\u00e5r klare utenfor vandrerhjemmet i Trondheim som siste team til \u00e5 reise ut i verden. Det var tre spente og litt sm\u00e5nerv\u00f8se jenter som satt p\u00e5 med rektor Rokseth ut til V\u00e6rnes flyplass den morgenen. Litt stressa var vi n\u00e5r vi satte oss p\u00e5 et forsinket fly med retning Oslo, og det samme til Frankfurt, og Baku. Alle flyturene gikk heldigvis fint tross en del forsinkelser, og vi kom oss helskinnet fram til leiligheten v\u00e5r i Baku rundt kl 23:00 lokal tid. P\u00e5 bilturen inn til byen satt vi med store \u00f8yne og s\u00e5 ut, for Baku bydde p\u00e5 mange h\u00f8ye bygninger.<\/p>\n<p style=\"text-align: center;\"><img loading=\"lazy\" decoding=\"async\" class=\"aligncenter wp-image-2695 size-full\" src=\"http:\/\/gus.no\/blogg\/wp-content\/uploads\/2019\/02\/51852508_328793301080183_8115195793595432960_n.jpg\" alt=\"\" width=\"1536\" height=\"2048\" srcset=\"http:\/\/gus.no\/blogg\/wp-content\/uploads\/2019\/02\/51852508_328793301080183_8115195793595432960_n.jpg 1536w, http:\/\/gus.no\/blogg\/wp-content\/uploads\/2019\/02\/51852508_328793301080183_8115195793595432960_n-225x300.jpg 225w, http:\/\/gus.no\/blogg\/wp-content\/uploads\/2019\/02\/51852508_328793301080183_8115195793595432960_n-768x1024.jpg 768w, http:\/\/gus.no\/blogg\/wp-content\/uploads\/2019\/02\/51852508_328793301080183_8115195793595432960_n-1200x1600.jpg 1200w\" sizes=\"(max-width: 1536px) 100vw, 1536px\" \/><\/p>\n<div style=\"width: 560px;\" class=\"wp-video\"><!--[if lt IE 9]><script>document.createElement('video');<\/script><![endif]-->\n<video class=\"wp-video-shortcode\" id=\"video-2706-1\" width=\"560\" height=\"996\" preload=\"metadata\" controls=\"controls\"><source type=\"video\/mp4\" src=\"http:\/\/gus.no\/blogg\/wp-content\/uploads\/2019\/02\/baku-bygninger.mp4?_=1\" \/><a href=\"http:\/\/gus.no\/blogg\/wp-content\/uploads\/2019\/02\/baku-bygninger.mp4\">http:\/\/gus.no\/blogg\/wp-content\/uploads\/2019\/02\/baku-bygninger.mp4<\/a><\/video><\/div>\n<p>&nbsp;<\/p>\n<p><strong>Dag en og to<\/strong><\/p>\n<p style=\"text-align: center;\">Helga ble brukt til sightseeing i v\u00e5r nye hjemby (for seks uker). Vi var innom gamlebyen hvor vi blant annet bes\u00f8kte Folk Art. Det er en butikk her som selger alt fra strikkegensere til bokmerker til glass som er h\u00e5ndlaget av Sheki-folket. Det var utrolig mye fint der, s\u00e5 det blir nok et par turer til i den butikken! Flere av restaurantene her har ogs\u00e5 blitt testet ut av noen nysgjerrige nordmenn, og vi har to ord \u00e5 si om maten:\u00a0<u>utrolig god<\/u>. Juicen med smak av sukker slo dog ikke helt ann hos alle. En ting som overrasket oss veldig var hvor utrolig billig maten her er. 25 manat koster det for at vi tre skal f\u00e5 spise oss mette ute p\u00e5 en restaurant- 125 norske kroner! Men det som kanskje har v\u00e6rt det beste med helga er at vi har blitt kjent med folk! Alle har tatt oss s\u00e5 godt i mot og vi f\u00f8ler allerede at vi er en del av den lille \u00abfamilien\u00bb de har her.<\/p>\n<div id='gallery-1' class='gallery galleryid-2706 gallery-columns-2 gallery-size-full'><figure class='gallery-item'>\n\t\t\t<div class='gallery-icon portrait'>\n\t\t\t\t<a href='http:\/\/gus.no\/blogg\/51797895_247631802788725_527701234132451328_n\/'><img loading=\"lazy\" decoding=\"async\" width=\"1536\" height=\"2048\" src=\"http:\/\/gus.no\/blogg\/wp-content\/uploads\/2019\/02\/51797895_247631802788725_527701234132451328_n.jpg\" class=\"attachment-full size-full\" alt=\"\" aria-describedby=\"gallery-1-2694\" srcset=\"http:\/\/gus.no\/blogg\/wp-content\/uploads\/2019\/02\/51797895_247631802788725_527701234132451328_n.jpg 1536w, http:\/\/gus.no\/blogg\/wp-content\/uploads\/2019\/02\/51797895_247631802788725_527701234132451328_n-225x300.jpg 225w, http:\/\/gus.no\/blogg\/wp-content\/uploads\/2019\/02\/51797895_247631802788725_527701234132451328_n-768x1024.jpg 768w, http:\/\/gus.no\/blogg\/wp-content\/uploads\/2019\/02\/51797895_247631802788725_527701234132451328_n-1200x1600.jpg 1200w\" sizes=\"(max-width: 1536px) 100vw, 1536px\" \/><\/a>\n\t\t\t<\/div>\n\t\t\t\t<figcaption class='wp-caption-text gallery-caption' id='gallery-1-2694'>\n\t\t\t\tKirka vi skal g\u00e5 i\n\t\t\t\t<\/figcaption><\/figure><figure class='gallery-item'>\n\t\t\t<div class='gallery-icon portrait'>\n\t\t\t\t<a href='http:\/\/gus.no\/blogg\/52536848_380325266092170_8759637344094519296_n\/'><img loading=\"lazy\" decoding=\"async\" width=\"1536\" height=\"2048\" src=\"http:\/\/gus.no\/blogg\/wp-content\/uploads\/2019\/02\/52536848_380325266092170_8759637344094519296_n.jpg\" class=\"attachment-full size-full\" alt=\"\" aria-describedby=\"gallery-1-2685\" srcset=\"http:\/\/gus.no\/blogg\/wp-content\/uploads\/2019\/02\/52536848_380325266092170_8759637344094519296_n.jpg 1536w, http:\/\/gus.no\/blogg\/wp-content\/uploads\/2019\/02\/52536848_380325266092170_8759637344094519296_n-225x300.jpg 225w, http:\/\/gus.no\/blogg\/wp-content\/uploads\/2019\/02\/52536848_380325266092170_8759637344094519296_n-768x1024.jpg 768w, http:\/\/gus.no\/blogg\/wp-content\/uploads\/2019\/02\/52536848_380325266092170_8759637344094519296_n-1200x1600.jpg 1200w\" sizes=\"(max-width: 1536px) 100vw, 1536px\" \/><\/a>\n\t\t\t<\/div>\n\t\t\t\t<figcaption class='wp-caption-text gallery-caption' id='gallery-1-2685'>\n\t\t\t\tDette er en liten del av alt vi ble servert\n\t\t\t\t<\/figcaption><\/figure>\n\t\t<\/div>\n\n<p><strong>Og dag tre<\/strong><\/p>\n<p style=\"text-align: center;\">S\u00f8ndagen ble brukt til gudstjeneste og bibelgruppe sammen med andre ungdommer. Selv om alt gikk p\u00e5 aserbajdsjansk og det kanskje var litt (les: veldig) vanskelig \u00e5 f\u00e5 med seg hva noe som helst handlet om, s\u00e5 var det en sjarm med det. \u00c5 se med egne \u00f8yne at Gud er like mye tilstede p\u00e5 et kontor i en bakg\u00e5rd i Baku, som det Han er p\u00e5 GUS i Trondheim, det var et fint syn. En ting vi derimot fikk med oss, med hjelp fra en mann som tok tolk-jobben ganske p\u00e5 sparket, var sp\u00f8rsm\u00e5let \u00abHvorfor f\u00f8lger vi Jesus?\u00bb. Er det for \u00e5 se mirakler? For \u00e5 bli helbredet? Eller er det av helt andre grunner?<\/p>\n<p><strong>Barnehjemmet- verdens fineste praksisplass<\/strong><\/p>\n<p style=\"text-align: center;\">Fra en ting til den neste, n\u00e5: barnehjemmet! V\u00e5r hensikt med denne utenlandsturen er blant annet \u00e5 arbeide p\u00e5 et barnehjem for barn med en funksjonshemming tre dager i uka. Og allerede bare etter tre dager der vil vi p\u00e5st\u00e5 at jobben inneb\u00e6rer s\u00e5 mye mer enn \u00e5 pusse tenner, gi mat, v\u00e6re med p\u00e5 terapi og leke med barna. \u00c5 gi klemmer, holde hender og vise omsorg er noe som beskriver arbeidsdagen v\u00e5r mye bedre. Hver morgen blir vi m\u00f8tt med \u00e5pne armer og store smil- det er virkelig en dr\u00f8mmejobb vi har! F\u00f8r vi kom hit fikk vi ofte h\u00f8re at vi kom til \u00e5 bety s\u00e5 mye for disse barna, men helt \u00e6rlig s\u00e5 tror vi at de har gitt oss mer enn vi noen gang kan klare \u00e5 gi de.<\/p>\n<p style=\"text-align: center;\">Som sagt, vi kan ikke annet enn \u00e5 takke Gud- for disse barna og det de gir oss, for at vi f\u00e5r jobbe her p\u00e5 barnehjemmet, for alt vi opplever i dette lille landet, og for alle menneskene vi blir kjent med!<\/p>\n<div id='gallery-2' class='gallery galleryid-2706 gallery-columns-2 gallery-size-full'><figure class='gallery-item'>\n\t\t\t<div class='gallery-icon portrait'>\n\t\t\t\t<a href='http:\/\/gus.no\/blogg\/52303926_547793649058271_1398809511879245824_n\/'><img loading=\"lazy\" decoding=\"async\" width=\"1536\" height=\"2048\" src=\"http:\/\/gus.no\/blogg\/wp-content\/uploads\/2019\/02\/52303926_547793649058271_1398809511879245824_n.jpg\" class=\"attachment-full size-full\" alt=\"\" srcset=\"http:\/\/gus.no\/blogg\/wp-content\/uploads\/2019\/02\/52303926_547793649058271_1398809511879245824_n.jpg 1536w, http:\/\/gus.no\/blogg\/wp-content\/uploads\/2019\/02\/52303926_547793649058271_1398809511879245824_n-225x300.jpg 225w, http:\/\/gus.no\/blogg\/wp-content\/uploads\/2019\/02\/52303926_547793649058271_1398809511879245824_n-768x1024.jpg 768w, http:\/\/gus.no\/blogg\/wp-content\/uploads\/2019\/02\/52303926_547793649058271_1398809511879245824_n-1200x1600.jpg 1200w\" sizes=\"(max-width: 1536px) 100vw, 1536px\" \/><\/a>\n\t\t\t<\/div><\/figure><figure class='gallery-item'>\n\t\t\t<div class='gallery-icon portrait'>\n\t\t\t\t<a href='http:\/\/gus.no\/blogg\/52522600_642298086225155_3927061183403655168_n\/'><img loading=\"lazy\" decoding=\"async\" width=\"1536\" height=\"2048\" src=\"http:\/\/gus.no\/blogg\/wp-content\/uploads\/2019\/02\/52522600_642298086225155_3927061183403655168_n.jpg\" class=\"attachment-full size-full\" alt=\"\" srcset=\"http:\/\/gus.no\/blogg\/wp-content\/uploads\/2019\/02\/52522600_642298086225155_3927061183403655168_n.jpg 1536w, http:\/\/gus.no\/blogg\/wp-content\/uploads\/2019\/02\/52522600_642298086225155_3927061183403655168_n-225x300.jpg 225w, http:\/\/gus.no\/blogg\/wp-content\/uploads\/2019\/02\/52522600_642298086225155_3927061183403655168_n-768x1024.jpg 768w, http:\/\/gus.no\/blogg\/wp-content\/uploads\/2019\/02\/52522600_642298086225155_3927061183403655168_n-1200x1600.jpg 1200w\" sizes=\"(max-width: 1536px) 100vw, 1536px\" \/><\/a>\n\t\t\t<\/div><\/figure>\n\t\t<\/div>\n\n<p style=\"text-align: center;\"><img loading=\"lazy\" decoding=\"async\" class=\"aligncenter wp-image-2691 size-full\" src=\"http:\/\/gus.no\/blogg\/wp-content\/uploads\/2019\/02\/51724427_1083357561847736_3833669163956568064_n.jpg\" alt=\"\" width=\"2048\" height=\"1538\" srcset=\"http:\/\/gus.no\/blogg\/wp-content\/uploads\/2019\/02\/51724427_1083357561847736_3833669163956568064_n.jpg 2048w, http:\/\/gus.no\/blogg\/wp-content\/uploads\/2019\/02\/51724427_1083357561847736_3833669163956568064_n-300x225.jpg 300w, http:\/\/gus.no\/blogg\/wp-content\/uploads\/2019\/02\/51724427_1083357561847736_3833669163956568064_n-768x577.jpg 768w, http:\/\/gus.no\/blogg\/wp-content\/uploads\/2019\/02\/51724427_1083357561847736_3833669163956568064_n-1024x769.jpg 1024w, http:\/\/gus.no\/blogg\/wp-content\/uploads\/2019\/02\/51724427_1083357561847736_3833669163956568064_n-1200x901.jpg 1200w, http:\/\/gus.no\/blogg\/wp-content\/uploads\/2019\/02\/51724427_1083357561847736_3833669163956568064_n-1860x1397.jpg 1860w\" sizes=\"(max-width: 2048px) 100vw, 2048px\" \/><\/p>\n<p style=\"text-align: center;\">Legger med link til en vlog fra de f\u00f8rste dagene:\u00a0<a href=\"https:\/\/www.youtube.com\/watch?v=rid72rkRPdk\">https:\/\/www.youtube.com\/watch?v=rid72rkRPdk<\/a><\/p>\n","protected":false},"excerpt":{"rendered":"<p>N\u00e5 har vi, team Aserbajdsjan, v\u00e6rt her i Baku i ei uke og vi kan ikke annet enn \u00e5 takke Gud.<\/p>\n","protected":false},"author":26,"featured_media":2692,"comment_status":"open","ping_status":"open","sticky":false,"template":"","format":"standard","meta":{"_exactmetrics_skip_tracking":false,"_exactmetrics_sitenote_active":false,"_exactmetrics_sitenote_note":"","_exactmetrics_sitenote_category":0,"footnotes":""},"categories":[33,10],"tags":[],"class_list":["post-2706","post","type-post","status-publish","format-standard","has-post-thumbnail","hentry","category-aserbajdsjan-faith-in-action","category-faith-in-action","has-thumbnail"],"yoast_head":"<!-- This site is optimized with the Yoast SEO plugin v23.5 - https:\/\/yoast.com\/wordpress\/plugins\/seo\/ -->\n<title>Salam Azerbaijan! - Blogg<\/title>\n<meta name=\"robots\" content=\"index, follow, max-snippet:-1, max-image-preview:large, max-video-preview:-1\" \/>\n<link rel=\"canonical\" href=\"http:\/\/gus.no\/blogg\/salam-azerbaijan\/\" \/>\n<meta property=\"og:locale\" content=\"nb_NO\" \/>\n<meta property=\"og:type\" content=\"article\" \/>\n<meta property=\"og:title\" content=\"Salam Azerbaijan! - Blogg\" \/>\n<meta property=\"og:description\" content=\"N\u00e5 har vi, team Aserbajdsjan, v\u00e6rt her i Baku i ei uke og vi kan ikke annet enn \u00e5 takke Gud.\" \/>\n<meta property=\"og:url\" content=\"http:\/\/gus.no\/blogg\/salam-azerbaijan\/\" \/>\n<meta property=\"og:site_name\" content=\"Blogg\" \/>\n<meta property=\"article:publisher\" content=\"http:\/\/www.facebook.com\/gaautsenteret\" \/>\n<meta property=\"article:published_time\" content=\"2019-02-15T08:59:31+00:00\" \/>\n<meta property=\"article:modified_time\" content=\"2019-03-21T07:36:03+00:00\" \/>\n<meta property=\"og:image\" content=\"http:\/\/gus.no\/blogg\/wp-content\/uploads\/2019\/02\/51665058_399189590848971_5750827863494361088_n.jpg\" \/>\n\t<meta property=\"og:image:width\" content=\"2048\" \/>\n\t<meta property=\"og:image:height\" content=\"1538\" \/>\n\t<meta property=\"og:image:type\" content=\"image\/jpeg\" \/>\n<meta name=\"author\" content=\"Team Aserbajdsjan (Faith in Action - 2018\/2019)\" \/>\n<meta name=\"twitter:card\" content=\"summary_large_image\" \/>\n<meta name=\"twitter:label1\" content=\"Skrevet av\" \/>\n\t<meta name=\"twitter:data1\" content=\"Team Aserbajdsjan (Faith in Action - 2018\/2019)\" \/>\n\t<meta name=\"twitter:label2\" content=\"Ansl. lesetid\" \/>\n\t<meta name=\"twitter:data2\" content=\"3 minutter\" \/>\n<script type=\"application\/ld+json\" class=\"yoast-schema-graph\">{\"@context\":\"https:\/\/schema.org\",\"@graph\":[{\"@type\":\"WebPage\",\"@id\":\"http:\/\/gus.no\/blogg\/salam-azerbaijan\/\",\"url\":\"http:\/\/gus.no\/blogg\/salam-azerbaijan\/\",\"name\":\"Salam Azerbaijan! - Blogg\",\"isPartOf\":{\"@id\":\"https:\/\/gus.no\/blogg\/#website\"},\"primaryImageOfPage\":{\"@id\":\"http:\/\/gus.no\/blogg\/salam-azerbaijan\/#primaryimage\"},\"image\":{\"@id\":\"http:\/\/gus.no\/blogg\/salam-azerbaijan\/#primaryimage\"},\"thumbnailUrl\":\"http:\/\/gus.no\/blogg\/wp-content\/uploads\/2019\/02\/51665058_399189590848971_5750827863494361088_n.jpg\",\"datePublished\":\"2019-02-15T08:59:31+00:00\",\"dateModified\":\"2019-03-21T07:36:03+00:00\",\"author\":{\"@id\":\"https:\/\/gus.no\/blogg\/#\/schema\/person\/0b8f96a813e436dee5a18f3c082572be\"},\"breadcrumb\":{\"@id\":\"http:\/\/gus.no\/blogg\/salam-azerbaijan\/#breadcrumb\"},\"inLanguage\":\"nb-NO\",\"potentialAction\":[{\"@type\":\"ReadAction\",\"target\":[\"http:\/\/gus.no\/blogg\/salam-azerbaijan\/\"]}]},{\"@type\":\"ImageObject\",\"inLanguage\":\"nb-NO\",\"@id\":\"http:\/\/gus.no\/blogg\/salam-azerbaijan\/#primaryimage\",\"url\":\"http:\/\/gus.no\/blogg\/wp-content\/uploads\/2019\/02\/51665058_399189590848971_5750827863494361088_n.jpg\",\"contentUrl\":\"http:\/\/gus.no\/blogg\/wp-content\/uploads\/2019\/02\/51665058_399189590848971_5750827863494361088_n.jpg\",\"width\":2048,\"height\":1538,\"caption\":\"Team Aserbajdsjan: Malin, Eline og Helene\"},{\"@type\":\"BreadcrumbList\",\"@id\":\"http:\/\/gus.no\/blogg\/salam-azerbaijan\/#breadcrumb\",\"itemListElement\":[{\"@type\":\"ListItem\",\"position\":1,\"name\":\"Hjem\",\"item\":\"https:\/\/gus.no\/blogg\/\"},{\"@type\":\"ListItem\",\"position\":2,\"name\":\"Salam Azerbaijan!\"}]},{\"@type\":\"WebSite\",\"@id\":\"https:\/\/gus.no\/blogg\/#website\",\"url\":\"https:\/\/gus.no\/blogg\/\",\"name\":\"Blogg\",\"description\":\"G\u00e5 Ut Senteret\",\"potentialAction\":[{\"@type\":\"SearchAction\",\"target\":{\"@type\":\"EntryPoint\",\"urlTemplate\":\"https:\/\/gus.no\/blogg\/?s={search_term_string}\"},\"query-input\":{\"@type\":\"PropertyValueSpecification\",\"valueRequired\":true,\"valueName\":\"search_term_string\"}}],\"inLanguage\":\"nb-NO\"},{\"@type\":\"Person\",\"@id\":\"https:\/\/gus.no\/blogg\/#\/schema\/person\/0b8f96a813e436dee5a18f3c082572be\",\"name\":\"Team Aserbajdsjan (Faith in Action - 2018\/2019)\",\"url\":\"http:\/\/gus.no\/blogg\/author\/fia-aserbajdsjan\/\"}]}<\/script>\n<!-- \/ Yoast SEO plugin. -->","yoast_head_json":{"title":"Salam Azerbaijan! - Blogg","robots":{"index":"index","follow":"follow","max-snippet":"max-snippet:-1","max-image-preview":"max-image-preview:large","max-video-preview":"max-video-preview:-1"},"canonical":"http:\/\/gus.no\/blogg\/salam-azerbaijan\/","og_locale":"nb_NO","og_type":"article","og_title":"Salam Azerbaijan! - Blogg","og_description":"N\u00e5 har vi, team Aserbajdsjan, v\u00e6rt her i Baku i ei uke og vi kan ikke annet enn \u00e5 takke Gud.","og_url":"http:\/\/gus.no\/blogg\/salam-azerbaijan\/","og_site_name":"Blogg","article_publisher":"http:\/\/www.facebook.com\/gaautsenteret","article_published_time":"2019-02-15T08:59:31+00:00","article_modified_time":"2019-03-21T07:36:03+00:00","og_image":[{"width":2048,"height":1538,"url":"http:\/\/gus.no\/blogg\/wp-content\/uploads\/2019\/02\/51665058_399189590848971_5750827863494361088_n.jpg","type":"image\/jpeg"}],"author":"Team Aserbajdsjan (Faith in Action - 2018\/2019)","twitter_card":"summary_large_image","twitter_misc":{"Skrevet av":"Team Aserbajdsjan (Faith in Action - 2018\/2019)","Ansl. lesetid":"3 minutter"},"schema":{"@context":"https:\/\/schema.org","@graph":[{"@type":"WebPage","@id":"http:\/\/gus.no\/blogg\/salam-azerbaijan\/","url":"http:\/\/gus.no\/blogg\/salam-azerbaijan\/","name":"Salam Azerbaijan! - Blogg","isPartOf":{"@id":"https:\/\/gus.no\/blogg\/#website"},"primaryImageOfPage":{"@id":"http:\/\/gus.no\/blogg\/salam-azerbaijan\/#primaryimage"},"image":{"@id":"http:\/\/gus.no\/blogg\/salam-azerbaijan\/#primaryimage"},"thumbnailUrl":"http:\/\/gus.no\/blogg\/wp-content\/uploads\/2019\/02\/51665058_399189590848971_5750827863494361088_n.jpg","datePublished":"2019-02-15T08:59:31+00:00","dateModified":"2019-03-21T07:36:03+00:00","author":{"@id":"https:\/\/gus.no\/blogg\/#\/schema\/person\/0b8f96a813e436dee5a18f3c082572be"},"breadcrumb":{"@id":"http:\/\/gus.no\/blogg\/salam-azerbaijan\/#breadcrumb"},"inLanguage":"nb-NO","potentialAction":[{"@type":"ReadAction","target":["http:\/\/gus.no\/blogg\/salam-azerbaijan\/"]}]},{"@type":"ImageObject","inLanguage":"nb-NO","@id":"http:\/\/gus.no\/blogg\/salam-azerbaijan\/#primaryimage","url":"http:\/\/gus.no\/blogg\/wp-content\/uploads\/2019\/02\/51665058_399189590848971_5750827863494361088_n.jpg","contentUrl":"http:\/\/gus.no\/blogg\/wp-content\/uploads\/2019\/02\/51665058_399189590848971_5750827863494361088_n.jpg","width":2048,"height":1538,"caption":"Team Aserbajdsjan: Malin, Eline og Helene"},{"@type":"BreadcrumbList","@id":"http:\/\/gus.no\/blogg\/salam-azerbaijan\/#breadcrumb","itemListElement":[{"@type":"ListItem","position":1,"name":"Hjem","item":"https:\/\/gus.no\/blogg\/"},{"@type":"ListItem","position":2,"name":"Salam Azerbaijan!"}]},{"@type":"WebSite","@id":"https:\/\/gus.no\/blogg\/#website","url":"https:\/\/gus.no\/blogg\/","name":"Blogg","description":"G\u00e5 Ut Senteret","potentialAction":[{"@type":"SearchAction","target":{"@type":"EntryPoint","urlTemplate":"https:\/\/gus.no\/blogg\/?s={search_term_string}"},"query-input":{"@type":"PropertyValueSpecification","valueRequired":true,"valueName":"search_term_string"}}],"inLanguage":"nb-NO"},{"@type":"Person","@id":"https:\/\/gus.no\/blogg\/#\/schema\/person\/0b8f96a813e436dee5a18f3c082572be","name":"Team Aserbajdsjan (Faith in Action - 2018\/2019)","url":"http:\/\/gus.no\/blogg\/author\/fia-aserbajdsjan\/"}]}},"_links":{"self":[{"href":"http:\/\/gus.no\/blogg\/wp-json\/wp\/v2\/posts\/2706"}],"collection":[{"href":"http:\/\/gus.no\/blogg\/wp-json\/wp\/v2\/posts"}],"about":[{"href":"http:\/\/gus.no\/blogg\/wp-json\/wp\/v2\/types\/post"}],"author":[{"embeddable":true,"href":"http:\/\/gus.no\/blogg\/wp-json\/wp\/v2\/users\/26"}],"replies":[{"embeddable":true,"href":"http:\/\/gus.no\/blogg\/wp-json\/wp\/v2\/comments?post=2706"}],"version-history":[{"count":7,"href":"http:\/\/gus.no\/blogg\/wp-json\/wp\/v2\/posts\/2706\/revisions"}],"predecessor-version":[{"id":2713,"href":"http:\/\/gus.no\/blogg\/wp-json\/wp\/v2\/posts\/2706\/revisions\/2713"}],"wp:featuredmedia":[{"embeddable":true,"href":"http:\/\/gus.no\/blogg\/wp-json\/wp\/v2\/media\/2692"}],"wp:attachment":[{"href":"http:\/\/gus.no\/blogg\/wp-json\/wp\/v2\/media?parent=2706"}],"wp:term":[{"taxonomy":"category","embeddable":true,"href":"http:\/\/gus.no\/blogg\/wp-json\/wp\/v2\/categories?post=2706"},{"taxonomy":"post_tag","embeddable":true,"href":"http:\/\/gus.no\/blogg\/wp-json\/wp\/v2\/tags?post=2706"}],"curies":[{"name":"wp","href":"https:\/\/api.w.org\/{rel}","templated":true}]}}