{"id":4427,"date":"2020-03-12T15:00:23","date_gmt":"2020-03-12T14:00:23","guid":{"rendered":"http:\/\/gus.no\/blogg\/?p=4427"},"modified":"2020-03-16T07:00:55","modified_gmt":"2020-03-16T06:00:55","slug":"koronavirus-dette-gjor-ga-ut-senteret","status":"publish","type":"post","link":"http:\/\/gus.no\/blogg\/koronavirus-dette-gjor-ga-ut-senteret\/","title":{"rendered":"Koronavirus &#8211; dette gj\u00f8r G\u00e5 Ut Senteret"},"content":{"rendered":"\n<p><em>Oppdatert 16.03.20 kl 07.00<\/em><\/p>\n\n\n\n<p>Da verden for alvor ble preget av pandemi i forrige uke, hadde vi 22 studenter utenlands, fordelt p\u00e5 fem land; Ecuador, Paraguay, Etiopia, Bangladesh og Kambodsja. I l\u00f8pet av dagen i dag er alle p\u00e5 plass i Norge.<\/p>\n\n\n\n<h4 class=\"wp-block-heading\"><strong>Fremskyndet hjemreisedato<\/strong><\/h4>\n\n\n\n<p>De aller fleste studentene fra G\u00e5 Ut Senteret vil heller v\u00e6re <em>lengre<\/em> i praksislandene sine i stedet for \u00e5 m\u00e5tte reise hjem tidligere enn planlagt. <\/p>\n\n\n\n<p>Med bakgrunn i myndighetenes risikovurderinger, eskaleringen av situasjonen b\u00e5de her i Norge og i verden for \u00f8vrig og et \u00f8nske om \u00e5 v\u00e6re f\u00f8re var, har vi hatt samtaler med alle teamene og bestemt \u00e5 framskynde studentenes hjemreisedato.<\/p>\n\n\n\n<p>De fleste studentene er ikke selv i risikogruppen for sykdommen, men hovedform\u00e5let for tiltaket er \u00e5 unng\u00e5 at studentene blir sittende fast der de er stasjonert eller ved mellomlanding. Norske myndigheter har innf\u00f8rt 14 dager hjemmekarantene for alle reisende som kommer hjem fra land utenfor Norden. Vi legger med dette til rette for at karantenetiden ikke skal vare inn i p\u00e5skeferien.<\/p>\n\n\n\n<p>Vi \u00f8nsker ogs\u00e5 selvsagt \u00e5 forebygge at de blir smittet av viruset i de landene hvor de n\u00e5 er. <\/p>\n\n\n\n<p>Erfaringsvis er det sv\u00e6rt viktig \u00e5 ivareta en god avslutning og avskjed med alt og alle de n\u00e5 skal reise fra, s\u00e5 dette har ogs\u00e5 v\u00e6rt et viktig hensyn \u00e5 ta n\u00e5r endret hjemreise skal planlegges. V\u00e5re studenter vil ikke bli belastet \u00f8konomisk for endret hjemreise i dette tilfellet.<\/p>\n\n\n\n<h4 class=\"wp-block-heading\"><strong>Debrifingsopplegg og p\u00e5skeferie<\/strong><\/h4>\n\n\n\n<p>I tillegg til selve hjemreisen, vil vi ogs\u00e5 gj\u00f8re om p\u00e5 det viktige debrifingsopplegget studentene skal ha etter hjemreise. Vi vil ikke samle alle studentene fysisk f\u00f8r p\u00e5ske, men legge opp til debrifing gjennom andre former, alt etter hva som er mulig og n\u00f8dvendig. Dette inneb\u00e6rer ogs\u00e5 at studentene vil komme hjem til p\u00e5ske tidligere enn planlagt.<\/p>\n\n\n\n<p>Ta kontakt med skolen p\u00e5 <strong><a href=\"mailto:post@gus.no\">post@gus.no<\/a><\/strong> eller telefon 73 10 22 10 dersom du har sp\u00f8rsm\u00e5l om h\u00e5ndtering av situasjonen.<\/p>\n","protected":false},"excerpt":{"rendered":"<p>Det n\u00e6rmer seg hjemreise for studentene v\u00e5re fra alle verdenshj\u00f8rner. Slik forholder vi oss til korona-epidemien.<\/p>\n","protected":false},"author":1,"featured_media":4428,"comment_status":"open","ping_status":"open","sticky":false,"template":"","format":"standard","meta":{"_exactmetrics_skip_tracking":false,"_exactmetrics_sitenote_active":false,"_exactmetrics_sitenote_note":"","_exactmetrics_sitenote_category":0,"footnotes":""},"categories":[12,23],"tags":[],"class_list":["post-4427","post","type-post","status-publish","format-standard","has-post-thumbnail","hentry","category-global-disippel","category-om-gus","has-thumbnail"],"yoast_head":"<!-- This site is optimized with the Yoast SEO plugin v23.5 - https:\/\/yoast.com\/wordpress\/plugins\/seo\/ -->\n<title>Koronavirus - dette gj\u00f8r G\u00e5 Ut Senteret - Blogg<\/title>\n<meta name=\"robots\" content=\"index, follow, max-snippet:-1, max-image-preview:large, max-video-preview:-1\" \/>\n<link rel=\"canonical\" href=\"https:\/\/gus.no\/blogg\/koronavirus-dette-gjor-ga-ut-senteret\/\" \/>\n<meta property=\"og:locale\" content=\"nb_NO\" \/>\n<meta property=\"og:type\" content=\"article\" \/>\n<meta property=\"og:title\" content=\"Koronavirus - dette gj\u00f8r G\u00e5 Ut Senteret - Blogg\" \/>\n<meta property=\"og:description\" content=\"Det n\u00e6rmer seg hjemreise for studentene v\u00e5re fra alle verdenshj\u00f8rner. Slik forholder vi oss til korona-epidemien.\" \/>\n<meta property=\"og:url\" content=\"https:\/\/gus.no\/blogg\/koronavirus-dette-gjor-ga-ut-senteret\/\" \/>\n<meta property=\"og:site_name\" content=\"Blogg\" \/>\n<meta property=\"article:publisher\" content=\"http:\/\/www.facebook.com\/gaautsenteret\" \/>\n<meta property=\"article:published_time\" content=\"2020-03-12T14:00:23+00:00\" \/>\n<meta property=\"article:modified_time\" content=\"2020-03-16T06:00:55+00:00\" \/>\n<meta property=\"og:image\" content=\"https:\/\/gus.no\/blogg\/wp-content\/uploads\/2020\/03\/Katmandu_22.11-2-1024x683.jpg\" \/>\n\t<meta property=\"og:image:width\" content=\"1024\" \/>\n\t<meta property=\"og:image:height\" content=\"683\" \/>\n\t<meta property=\"og:image:type\" content=\"image\/jpeg\" \/>\n<meta name=\"author\" content=\"\u00d8rjan, rektor\" \/>\n<meta name=\"twitter:card\" content=\"summary_large_image\" \/>\n<meta name=\"twitter:label1\" content=\"Skrevet av\" \/>\n\t<meta name=\"twitter:data1\" content=\"\u00d8rjan, rektor\" \/>\n\t<meta name=\"twitter:label2\" content=\"Ansl. lesetid\" \/>\n\t<meta name=\"twitter:data2\" content=\"2 minutter\" \/>\n<script type=\"application\/ld+json\" class=\"yoast-schema-graph\">{\"@context\":\"https:\/\/schema.org\",\"@graph\":[{\"@type\":\"WebPage\",\"@id\":\"https:\/\/gus.no\/blogg\/koronavirus-dette-gjor-ga-ut-senteret\/\",\"url\":\"https:\/\/gus.no\/blogg\/koronavirus-dette-gjor-ga-ut-senteret\/\",\"name\":\"Koronavirus - dette gj\u00f8r G\u00e5 Ut Senteret - Blogg\",\"isPartOf\":{\"@id\":\"https:\/\/gus.no\/blogg\/#website\"},\"primaryImageOfPage\":{\"@id\":\"https:\/\/gus.no\/blogg\/koronavirus-dette-gjor-ga-ut-senteret\/#primaryimage\"},\"image\":{\"@id\":\"https:\/\/gus.no\/blogg\/koronavirus-dette-gjor-ga-ut-senteret\/#primaryimage\"},\"thumbnailUrl\":\"http:\/\/gus.no\/blogg\/wp-content\/uploads\/2020\/03\/Katmandu_22.11-2.jpg\",\"datePublished\":\"2020-03-12T14:00:23+00:00\",\"dateModified\":\"2020-03-16T06:00:55+00:00\",\"author\":{\"@id\":\"https:\/\/gus.no\/blogg\/#\/schema\/person\/f10cf271f76aa556fadb30c931d41d6b\"},\"breadcrumb\":{\"@id\":\"https:\/\/gus.no\/blogg\/koronavirus-dette-gjor-ga-ut-senteret\/#breadcrumb\"},\"inLanguage\":\"nb-NO\",\"potentialAction\":[{\"@type\":\"ReadAction\",\"target\":[\"https:\/\/gus.no\/blogg\/koronavirus-dette-gjor-ga-ut-senteret\/\"]}]},{\"@type\":\"ImageObject\",\"inLanguage\":\"nb-NO\",\"@id\":\"https:\/\/gus.no\/blogg\/koronavirus-dette-gjor-ga-ut-senteret\/#primaryimage\",\"url\":\"http:\/\/gus.no\/blogg\/wp-content\/uploads\/2020\/03\/Katmandu_22.11-2.jpg\",\"contentUrl\":\"http:\/\/gus.no\/blogg\/wp-content\/uploads\/2020\/03\/Katmandu_22.11-2.jpg\",\"width\":5184,\"height\":3456},{\"@type\":\"BreadcrumbList\",\"@id\":\"https:\/\/gus.no\/blogg\/koronavirus-dette-gjor-ga-ut-senteret\/#breadcrumb\",\"itemListElement\":[{\"@type\":\"ListItem\",\"position\":1,\"name\":\"Hjem\",\"item\":\"https:\/\/gus.no\/blogg\/\"},{\"@type\":\"ListItem\",\"position\":2,\"name\":\"Koronavirus &#8211; dette gj\u00f8r G\u00e5 Ut Senteret\"}]},{\"@type\":\"WebSite\",\"@id\":\"https:\/\/gus.no\/blogg\/#website\",\"url\":\"https:\/\/gus.no\/blogg\/\",\"name\":\"Blogg\",\"description\":\"G\u00e5 Ut Senteret\",\"potentialAction\":[{\"@type\":\"SearchAction\",\"target\":{\"@type\":\"EntryPoint\",\"urlTemplate\":\"https:\/\/gus.no\/blogg\/?s={search_term_string}\"},\"query-input\":{\"@type\":\"PropertyValueSpecification\",\"valueRequired\":true,\"valueName\":\"search_term_string\"}}],\"inLanguage\":\"nb-NO\"},{\"@type\":\"Person\",\"@id\":\"https:\/\/gus.no\/blogg\/#\/schema\/person\/f10cf271f76aa556fadb30c931d41d6b\",\"name\":\"\u00d8rjan, rektor\",\"url\":\"http:\/\/gus.no\/blogg\/author\/otinnen\/\"}]}<\/script>\n<!-- \/ Yoast SEO plugin. -->","yoast_head_json":{"title":"Koronavirus - dette gj\u00f8r G\u00e5 Ut Senteret - Blogg","robots":{"index":"index","follow":"follow","max-snippet":"max-snippet:-1","max-image-preview":"max-image-preview:large","max-video-preview":"max-video-preview:-1"},"canonical":"https:\/\/gus.no\/blogg\/koronavirus-dette-gjor-ga-ut-senteret\/","og_locale":"nb_NO","og_type":"article","og_title":"Koronavirus - dette gj\u00f8r G\u00e5 Ut Senteret - Blogg","og_description":"Det n\u00e6rmer seg hjemreise for studentene v\u00e5re fra alle verdenshj\u00f8rner. Slik forholder vi oss til korona-epidemien.","og_url":"https:\/\/gus.no\/blogg\/koronavirus-dette-gjor-ga-ut-senteret\/","og_site_name":"Blogg","article_publisher":"http:\/\/www.facebook.com\/gaautsenteret","article_published_time":"2020-03-12T14:00:23+00:00","article_modified_time":"2020-03-16T06:00:55+00:00","og_image":[{"width":1024,"height":683,"url":"https:\/\/gus.no\/blogg\/wp-content\/uploads\/2020\/03\/Katmandu_22.11-2-1024x683.jpg","type":"image\/jpeg"}],"author":"\u00d8rjan, rektor","twitter_card":"summary_large_image","twitter_misc":{"Skrevet av":"\u00d8rjan, rektor","Ansl. lesetid":"2 minutter"},"schema":{"@context":"https:\/\/schema.org","@graph":[{"@type":"WebPage","@id":"https:\/\/gus.no\/blogg\/koronavirus-dette-gjor-ga-ut-senteret\/","url":"https:\/\/gus.no\/blogg\/koronavirus-dette-gjor-ga-ut-senteret\/","name":"Koronavirus - dette gj\u00f8r G\u00e5 Ut Senteret - Blogg","isPartOf":{"@id":"https:\/\/gus.no\/blogg\/#website"},"primaryImageOfPage":{"@id":"https:\/\/gus.no\/blogg\/koronavirus-dette-gjor-ga-ut-senteret\/#primaryimage"},"image":{"@id":"https:\/\/gus.no\/blogg\/koronavirus-dette-gjor-ga-ut-senteret\/#primaryimage"},"thumbnailUrl":"http:\/\/gus.no\/blogg\/wp-content\/uploads\/2020\/03\/Katmandu_22.11-2.jpg","datePublished":"2020-03-12T14:00:23+00:00","dateModified":"2020-03-16T06:00:55+00:00","author":{"@id":"https:\/\/gus.no\/blogg\/#\/schema\/person\/f10cf271f76aa556fadb30c931d41d6b"},"breadcrumb":{"@id":"https:\/\/gus.no\/blogg\/koronavirus-dette-gjor-ga-ut-senteret\/#breadcrumb"},"inLanguage":"nb-NO","potentialAction":[{"@type":"ReadAction","target":["https:\/\/gus.no\/blogg\/koronavirus-dette-gjor-ga-ut-senteret\/"]}]},{"@type":"ImageObject","inLanguage":"nb-NO","@id":"https:\/\/gus.no\/blogg\/koronavirus-dette-gjor-ga-ut-senteret\/#primaryimage","url":"http:\/\/gus.no\/blogg\/wp-content\/uploads\/2020\/03\/Katmandu_22.11-2.jpg","contentUrl":"http:\/\/gus.no\/blogg\/wp-content\/uploads\/2020\/03\/Katmandu_22.11-2.jpg","width":5184,"height":3456},{"@type":"BreadcrumbList","@id":"https:\/\/gus.no\/blogg\/koronavirus-dette-gjor-ga-ut-senteret\/#breadcrumb","itemListElement":[{"@type":"ListItem","position":1,"name":"Hjem","item":"https:\/\/gus.no\/blogg\/"},{"@type":"ListItem","position":2,"name":"Koronavirus &#8211; dette gj\u00f8r G\u00e5 Ut Senteret"}]},{"@type":"WebSite","@id":"https:\/\/gus.no\/blogg\/#website","url":"https:\/\/gus.no\/blogg\/","name":"Blogg","description":"G\u00e5 Ut Senteret","potentialAction":[{"@type":"SearchAction","target":{"@type":"EntryPoint","urlTemplate":"https:\/\/gus.no\/blogg\/?s={search_term_string}"},"query-input":{"@type":"PropertyValueSpecification","valueRequired":true,"valueName":"search_term_string"}}],"inLanguage":"nb-NO"},{"@type":"Person","@id":"https:\/\/gus.no\/blogg\/#\/schema\/person\/f10cf271f76aa556fadb30c931d41d6b","name":"\u00d8rjan, rektor","url":"http:\/\/gus.no\/blogg\/author\/otinnen\/"}]}},"_links":{"self":[{"href":"http:\/\/gus.no\/blogg\/wp-json\/wp\/v2\/posts\/4427"}],"collection":[{"href":"http:\/\/gus.no\/blogg\/wp-json\/wp\/v2\/posts"}],"about":[{"href":"http:\/\/gus.no\/blogg\/wp-json\/wp\/v2\/types\/post"}],"author":[{"embeddable":true,"href":"http:\/\/gus.no\/blogg\/wp-json\/wp\/v2\/users\/1"}],"replies":[{"embeddable":true,"href":"http:\/\/gus.no\/blogg\/wp-json\/wp\/v2\/comments?post=4427"}],"version-history":[{"count":4,"href":"http:\/\/gus.no\/blogg\/wp-json\/wp\/v2\/posts\/4427\/revisions"}],"predecessor-version":[{"id":4434,"href":"http:\/\/gus.no\/blogg\/wp-json\/wp\/v2\/posts\/4427\/revisions\/4434"}],"wp:featuredmedia":[{"embeddable":true,"href":"http:\/\/gus.no\/blogg\/wp-json\/wp\/v2\/media\/4428"}],"wp:attachment":[{"href":"http:\/\/gus.no\/blogg\/wp-json\/wp\/v2\/media?parent=4427"}],"wp:term":[{"taxonomy":"category","embeddable":true,"href":"http:\/\/gus.no\/blogg\/wp-json\/wp\/v2\/categories?post=4427"},{"taxonomy":"post_tag","embeddable":true,"href":"http:\/\/gus.no\/blogg\/wp-json\/wp\/v2\/tags?post=4427"}],"curies":[{"name":"wp","href":"https:\/\/api.w.org\/{rel}","templated":true}]}}