{"id":4490,"date":"2020-08-16T23:53:19","date_gmt":"2020-08-16T21:53:19","guid":{"rendered":"http:\/\/gus.no\/blogg\/?p=4490"},"modified":"2020-08-16T23:54:17","modified_gmt":"2020-08-16T21:54:17","slug":"snaart-skolestart-og-en-gira-stab","status":"publish","type":"post","link":"http:\/\/gus.no\/blogg\/snaart-skolestart-og-en-gira-stab\/","title":{"rendered":"Snaart skolestart &#8211; og en gira stab"},"content":{"rendered":"\n<p style=\"text-align:center\"><em><strong>ENDELIG<\/strong> n\u00e6rmer det seg skolestart. Vi i staben gleder oss masse til \u00e5ret som kommer. De to siste ukene har g\u00e5tt til planlegging, forberedelser og stabstur. N\u00e5 er vi straks klare for \u00e5 fylle Berg presteg\u00e5rd med 50 nye, fantastiske studenter! Vi gleder oss til tidenes \u00e5r \u2013 med Jesus, fellesskap og gode opplevelser i fokus. <\/em><\/p>\n\n\n\n<p><\/p>\n\n\n\n<h3 class=\"wp-block-heading\">                        <strong>De to siste ukene <\/strong><\/h3>\n\n\n\n<p style=\"text-align:left\">Det m\u00e5 mye planlegging og forberedelser til for \u00e5 gj\u00f8re \u00e5ret best mulig. G\u00e5 Ut Senteret har i \u00e5r tre ulike linjer med totalt 50 studenter. Linjene er \u201dGlobal disippel\u201d, \u201dFaith in Action\u201d og \u201dBare bibel\u201d. Sistnevnte er vi spesielt stolte av, da dette er en splitter ny linje.<\/p>\n\n\n\n<p style=\"text-align:left\">Et godt skole\u00e5r avhenger selvf\u00f8lgelig av studentene, men ogs\u00e5 staben. En solid, fin og trygg stab er avgj\u00f8rende for et godt skolemilj\u00f8, spennende l\u00e6ring og trivsel. Vi har derfor fokusert masse p\u00e5 \u00e5 bli godt kjent innad i staben, med b\u00e5de stabstur til IMI St\u00f8len, bes\u00f8k hos Barbro og felles lunsj-pauser. Men hvem er egentlig staben?<\/p>\n\n\n\n<figure class=\"wp-block-image\"><img loading=\"lazy\" decoding=\"async\" width=\"1024\" height=\"696\" src=\"http:\/\/gus.no\/blogg\/wp-content\/uploads\/2020\/08\/DSC00158-1024x696.jpg\" alt=\"\" class=\"wp-image-4497\" srcset=\"http:\/\/gus.no\/blogg\/wp-content\/uploads\/2020\/08\/DSC00158-1024x696.jpg 1024w, http:\/\/gus.no\/blogg\/wp-content\/uploads\/2020\/08\/DSC00158-300x204.jpg 300w, http:\/\/gus.no\/blogg\/wp-content\/uploads\/2020\/08\/DSC00158-768x522.jpg 768w, http:\/\/gus.no\/blogg\/wp-content\/uploads\/2020\/08\/DSC00158-1200x815.jpg 1200w, http:\/\/gus.no\/blogg\/wp-content\/uploads\/2020\/08\/DSC00158-1860x1264.jpg 1860w\" sizes=\"(max-width: 1024px) 100vw, 1024px\" \/><figcaption>Storstabstur til IMI St\u00f8len! Ett\u00e5ringene arrangerte storstab-games 2020. <br><\/figcaption><\/figure>\n\n\n\n<figure class=\"wp-block-image\"><img loading=\"lazy\" decoding=\"async\" width=\"1024\" height=\"682\" src=\"http:\/\/gus.no\/blogg\/wp-content\/uploads\/2020\/08\/DSC00235-1024x682.jpg\" alt=\"\" class=\"wp-image-4505\" srcset=\"http:\/\/gus.no\/blogg\/wp-content\/uploads\/2020\/08\/DSC00235-1024x682.jpg 1024w, http:\/\/gus.no\/blogg\/wp-content\/uploads\/2020\/08\/DSC00235-300x200.jpg 300w, http:\/\/gus.no\/blogg\/wp-content\/uploads\/2020\/08\/DSC00235-768x511.jpg 768w, http:\/\/gus.no\/blogg\/wp-content\/uploads\/2020\/08\/DSC00235-1200x799.jpg 1200w, http:\/\/gus.no\/blogg\/wp-content\/uploads\/2020\/08\/DSC00235-1860x1238.jpg 1860w\" sizes=\"(max-width: 1024px) 100vw, 1024px\" \/><\/figure>\n\n\n\n<figure class=\"wp-block-image\"><img loading=\"lazy\" decoding=\"async\" width=\"1024\" height=\"705\" src=\"http:\/\/gus.no\/blogg\/wp-content\/uploads\/2020\/08\/DSC00223-1024x705.jpg\" alt=\"\" class=\"wp-image-4504\" srcset=\"http:\/\/gus.no\/blogg\/wp-content\/uploads\/2020\/08\/DSC00223-1024x705.jpg 1024w, http:\/\/gus.no\/blogg\/wp-content\/uploads\/2020\/08\/DSC00223-300x206.jpg 300w, http:\/\/gus.no\/blogg\/wp-content\/uploads\/2020\/08\/DSC00223-768x529.jpg 768w, http:\/\/gus.no\/blogg\/wp-content\/uploads\/2020\/08\/DSC00223-1200x826.jpg 1200w, http:\/\/gus.no\/blogg\/wp-content\/uploads\/2020\/08\/DSC00223-1860x1280.jpg 1860w\" sizes=\"(max-width: 1024px) 100vw, 1024px\" \/><figcaption>Takk for en fin tur! <\/figcaption><\/figure>\n\n\n\n<h3 class=\"wp-block-heading\">                                <strong>\u00c5rets stab<\/strong><\/h3>\n\n\n\n<p style=\"text-align:left\">\u00c5rets stab best\u00e5r av rektor \u00d8rjan, linjelederne\/l\u00e6rerne Barbro, Synn\u00f8ve og Lars Olav, kontordama Sigrid og ett\u00e5ringene Fanny, Brynjar, Frida og Emilie. Dette er en herlig og livlig gjeng, som gj\u00f8r alt de kan for at G\u00e5 Ut Senteret skal v\u00e6re best mulig. Latteren henger l\u00f8st og iveren etter \u00e5 bli kjent med \u00e5rets studenter er stoooor! #gjengen <\/p>\n\n\n\n<figure class=\"wp-block-image\"><img loading=\"lazy\" decoding=\"async\" width=\"682\" height=\"1024\" src=\"http:\/\/gus.no\/blogg\/wp-content\/uploads\/2020\/08\/DSC00145-682x1024.jpg\" alt=\"\" class=\"wp-image-4496\" srcset=\"http:\/\/gus.no\/blogg\/wp-content\/uploads\/2020\/08\/DSC00145-682x1024.jpg 682w, http:\/\/gus.no\/blogg\/wp-content\/uploads\/2020\/08\/DSC00145-200x300.jpg 200w, http:\/\/gus.no\/blogg\/wp-content\/uploads\/2020\/08\/DSC00145-768x1154.jpg 768w, http:\/\/gus.no\/blogg\/wp-content\/uploads\/2020\/08\/DSC00145-1200x1803.jpg 1200w, http:\/\/gus.no\/blogg\/wp-content\/uploads\/2020\/08\/DSC00145-1860x2794.jpg 1860w\" sizes=\"(max-width: 682px) 100vw, 682px\" \/><figcaption>Hele GUS-staben (med Frida bak kamera) p\u00e5 bes\u00f8k hos Barbro.<\/figcaption><\/figure>\n\n\n\n<h3 class=\"wp-block-heading\">                                 <strong>F\u00f8lg med!<\/strong><\/h3>\n\n\n\n<p style=\"text-align:left\">N\u00e5 er det kun en uke igjen til skolestart her i Trondheim! Dette blir helt r\u00e5tt! Vi er s\u00e5 gira for \u00e5ret som kommer og alt det fantastiske vi har i vente her p\u00e5 G\u00e5 Ut Senteret. Lurer du p\u00e5 mer om oss i staben, om skolestart eller om GUS generelt? F\u00f8lg oss p\u00e5 insta: @gautsenteret<\/p>\n\n\n\n<p><\/p>\n","protected":false},"excerpt":{"rendered":"<p>ENDELIG n\u00e6rmer det seg skolestart. Vi i staben gleder oss masse til \u00e5ret som kommer. De to siste ukene har g\u00e5tt til planlegging, forberedelser og stabstur. N\u00e5 er vi straks klare for \u00e5 fylle Berg presteg\u00e5rd med 50 nye, fantastiske studenter! Vi gleder oss til tidenes \u00e5r \u2013 med Jesus, fellesskap og gode opplevelser i [&hellip;]<\/p>\n","protected":false},"author":29,"featured_media":4500,"comment_status":"open","ping_status":"open","sticky":false,"template":"","format":"standard","meta":{"_exactmetrics_skip_tracking":false,"_exactmetrics_sitenote_active":false,"_exactmetrics_sitenote_note":"","_exactmetrics_sitenote_category":0,"footnotes":""},"categories":[23],"tags":[],"class_list":["post-4490","post","type-post","status-publish","format-standard","has-post-thumbnail","hentry","category-om-gus","has-thumbnail"],"yoast_head":"<!-- This site is optimized with the Yoast SEO plugin v23.5 - https:\/\/yoast.com\/wordpress\/plugins\/seo\/ -->\n<title>Snaart skolestart - og en gira stab - Blogg<\/title>\n<meta name=\"robots\" content=\"index, follow, max-snippet:-1, max-image-preview:large, max-video-preview:-1\" \/>\n<link rel=\"canonical\" href=\"http:\/\/gus.no\/blogg\/snaart-skolestart-og-en-gira-stab\/\" \/>\n<meta property=\"og:locale\" content=\"nb_NO\" \/>\n<meta property=\"og:type\" content=\"article\" \/>\n<meta property=\"og:title\" content=\"Snaart skolestart - og en gira stab - Blogg\" \/>\n<meta property=\"og:description\" content=\"ENDELIG n\u00e6rmer det seg skolestart. Vi i staben gleder oss masse til \u00e5ret som kommer. De to siste ukene har g\u00e5tt til planlegging, forberedelser og stabstur. N\u00e5 er vi straks klare for \u00e5 fylle Berg presteg\u00e5rd med 50 nye, fantastiske studenter! Vi gleder oss til tidenes \u00e5r \u2013 med Jesus, fellesskap og gode opplevelser i [&hellip;]\" \/>\n<meta property=\"og:url\" content=\"http:\/\/gus.no\/blogg\/snaart-skolestart-og-en-gira-stab\/\" \/>\n<meta property=\"og:site_name\" content=\"Blogg\" \/>\n<meta property=\"article:publisher\" content=\"http:\/\/www.facebook.com\/gaautsenteret\" \/>\n<meta property=\"article:published_time\" content=\"2020-08-16T21:53:19+00:00\" \/>\n<meta property=\"article:modified_time\" content=\"2020-08-16T21:54:17+00:00\" \/>\n<meta property=\"og:image\" content=\"http:\/\/gus.no\/blogg\/wp-content\/uploads\/2020\/08\/DSC00173-1024x682.jpg\" \/>\n\t<meta property=\"og:image:width\" content=\"1024\" \/>\n\t<meta property=\"og:image:height\" content=\"682\" \/>\n\t<meta property=\"og:image:type\" content=\"image\/jpeg\" \/>\n<meta name=\"author\" content=\"emilie s\" \/>\n<meta name=\"twitter:card\" content=\"summary_large_image\" \/>\n<meta name=\"twitter:label1\" content=\"Skrevet av\" \/>\n\t<meta name=\"twitter:data1\" content=\"Emilie (ett\u00e5ring)\" \/>\n\t<meta name=\"twitter:label2\" content=\"Ansl. lesetid\" \/>\n\t<meta name=\"twitter:data2\" content=\"2 minutter\" \/>\n<script type=\"application\/ld+json\" class=\"yoast-schema-graph\">{\"@context\":\"https:\/\/schema.org\",\"@graph\":[{\"@type\":\"WebPage\",\"@id\":\"http:\/\/gus.no\/blogg\/snaart-skolestart-og-en-gira-stab\/\",\"url\":\"http:\/\/gus.no\/blogg\/snaart-skolestart-og-en-gira-stab\/\",\"name\":\"Snaart skolestart - og en gira stab - Blogg\",\"isPartOf\":{\"@id\":\"http:\/\/gus.no\/blogg\/#website\"},\"primaryImageOfPage\":{\"@id\":\"http:\/\/gus.no\/blogg\/snaart-skolestart-og-en-gira-stab\/#primaryimage\"},\"image\":{\"@id\":\"http:\/\/gus.no\/blogg\/snaart-skolestart-og-en-gira-stab\/#primaryimage\"},\"thumbnailUrl\":\"http:\/\/gus.no\/blogg\/wp-content\/uploads\/2020\/08\/DSC00173.jpg\",\"datePublished\":\"2020-08-16T21:53:19+00:00\",\"dateModified\":\"2020-08-16T21:54:17+00:00\",\"author\":{\"@id\":\"http:\/\/gus.no\/blogg\/#\/schema\/person\/29d143e568a5307682c120b4d5e02c04\"},\"breadcrumb\":{\"@id\":\"http:\/\/gus.no\/blogg\/snaart-skolestart-og-en-gira-stab\/#breadcrumb\"},\"inLanguage\":\"nb-NO\",\"potentialAction\":[{\"@type\":\"ReadAction\",\"target\":[\"http:\/\/gus.no\/blogg\/snaart-skolestart-og-en-gira-stab\/\"]}]},{\"@type\":\"ImageObject\",\"inLanguage\":\"nb-NO\",\"@id\":\"http:\/\/gus.no\/blogg\/snaart-skolestart-og-en-gira-stab\/#primaryimage\",\"url\":\"http:\/\/gus.no\/blogg\/wp-content\/uploads\/2020\/08\/DSC00173.jpg\",\"contentUrl\":\"http:\/\/gus.no\/blogg\/wp-content\/uploads\/2020\/08\/DSC00173.jpg\",\"width\":5456,\"height\":3632},{\"@type\":\"BreadcrumbList\",\"@id\":\"http:\/\/gus.no\/blogg\/snaart-skolestart-og-en-gira-stab\/#breadcrumb\",\"itemListElement\":[{\"@type\":\"ListItem\",\"position\":1,\"name\":\"Hjem\",\"item\":\"http:\/\/gus.no\/blogg\/\"},{\"@type\":\"ListItem\",\"position\":2,\"name\":\"Snaart skolestart &#8211; og en gira stab\"}]},{\"@type\":\"WebSite\",\"@id\":\"http:\/\/gus.no\/blogg\/#website\",\"url\":\"http:\/\/gus.no\/blogg\/\",\"name\":\"Blogg\",\"description\":\"G\u00e5 Ut Senteret\",\"potentialAction\":[{\"@type\":\"SearchAction\",\"target\":{\"@type\":\"EntryPoint\",\"urlTemplate\":\"http:\/\/gus.no\/blogg\/?s={search_term_string}\"},\"query-input\":{\"@type\":\"PropertyValueSpecification\",\"valueRequired\":true,\"valueName\":\"search_term_string\"}}],\"inLanguage\":\"nb-NO\"},{\"@type\":\"Person\",\"@id\":\"http:\/\/gus.no\/blogg\/#\/schema\/person\/29d143e568a5307682c120b4d5e02c04\",\"name\":\"emilie s\",\"url\":\"http:\/\/gus.no\/blogg\/author\/emilie-s\/\"}]}<\/script>\n<!-- \/ Yoast SEO plugin. -->","yoast_head_json":{"title":"Snaart skolestart - og en gira stab - Blogg","robots":{"index":"index","follow":"follow","max-snippet":"max-snippet:-1","max-image-preview":"max-image-preview:large","max-video-preview":"max-video-preview:-1"},"canonical":"http:\/\/gus.no\/blogg\/snaart-skolestart-og-en-gira-stab\/","og_locale":"nb_NO","og_type":"article","og_title":"Snaart skolestart - og en gira stab - Blogg","og_description":"ENDELIG n\u00e6rmer det seg skolestart. Vi i staben gleder oss masse til \u00e5ret som kommer. De to siste ukene har g\u00e5tt til planlegging, forberedelser og stabstur. N\u00e5 er vi straks klare for \u00e5 fylle Berg presteg\u00e5rd med 50 nye, fantastiske studenter! Vi gleder oss til tidenes \u00e5r \u2013 med Jesus, fellesskap og gode opplevelser i [&hellip;]","og_url":"http:\/\/gus.no\/blogg\/snaart-skolestart-og-en-gira-stab\/","og_site_name":"Blogg","article_publisher":"http:\/\/www.facebook.com\/gaautsenteret","article_published_time":"2020-08-16T21:53:19+00:00","article_modified_time":"2020-08-16T21:54:17+00:00","og_image":[{"width":1024,"height":682,"url":"http:\/\/gus.no\/blogg\/wp-content\/uploads\/2020\/08\/DSC00173-1024x682.jpg","type":"image\/jpeg"}],"author":"emilie s","twitter_card":"summary_large_image","twitter_misc":{"Skrevet av":"Emilie (ett\u00e5ring)","Ansl. lesetid":"2 minutter"},"schema":{"@context":"https:\/\/schema.org","@graph":[{"@type":"WebPage","@id":"http:\/\/gus.no\/blogg\/snaart-skolestart-og-en-gira-stab\/","url":"http:\/\/gus.no\/blogg\/snaart-skolestart-og-en-gira-stab\/","name":"Snaart skolestart - og en gira stab - Blogg","isPartOf":{"@id":"http:\/\/gus.no\/blogg\/#website"},"primaryImageOfPage":{"@id":"http:\/\/gus.no\/blogg\/snaart-skolestart-og-en-gira-stab\/#primaryimage"},"image":{"@id":"http:\/\/gus.no\/blogg\/snaart-skolestart-og-en-gira-stab\/#primaryimage"},"thumbnailUrl":"http:\/\/gus.no\/blogg\/wp-content\/uploads\/2020\/08\/DSC00173.jpg","datePublished":"2020-08-16T21:53:19+00:00","dateModified":"2020-08-16T21:54:17+00:00","author":{"@id":"http:\/\/gus.no\/blogg\/#\/schema\/person\/29d143e568a5307682c120b4d5e02c04"},"breadcrumb":{"@id":"http:\/\/gus.no\/blogg\/snaart-skolestart-og-en-gira-stab\/#breadcrumb"},"inLanguage":"nb-NO","potentialAction":[{"@type":"ReadAction","target":["http:\/\/gus.no\/blogg\/snaart-skolestart-og-en-gira-stab\/"]}]},{"@type":"ImageObject","inLanguage":"nb-NO","@id":"http:\/\/gus.no\/blogg\/snaart-skolestart-og-en-gira-stab\/#primaryimage","url":"http:\/\/gus.no\/blogg\/wp-content\/uploads\/2020\/08\/DSC00173.jpg","contentUrl":"http:\/\/gus.no\/blogg\/wp-content\/uploads\/2020\/08\/DSC00173.jpg","width":5456,"height":3632},{"@type":"BreadcrumbList","@id":"http:\/\/gus.no\/blogg\/snaart-skolestart-og-en-gira-stab\/#breadcrumb","itemListElement":[{"@type":"ListItem","position":1,"name":"Hjem","item":"http:\/\/gus.no\/blogg\/"},{"@type":"ListItem","position":2,"name":"Snaart skolestart &#8211; og en gira stab"}]},{"@type":"WebSite","@id":"http:\/\/gus.no\/blogg\/#website","url":"http:\/\/gus.no\/blogg\/","name":"Blogg","description":"G\u00e5 Ut Senteret","potentialAction":[{"@type":"SearchAction","target":{"@type":"EntryPoint","urlTemplate":"http:\/\/gus.no\/blogg\/?s={search_term_string}"},"query-input":{"@type":"PropertyValueSpecification","valueRequired":true,"valueName":"search_term_string"}}],"inLanguage":"nb-NO"},{"@type":"Person","@id":"http:\/\/gus.no\/blogg\/#\/schema\/person\/29d143e568a5307682c120b4d5e02c04","name":"emilie s","url":"http:\/\/gus.no\/blogg\/author\/emilie-s\/"}]}},"_links":{"self":[{"href":"http:\/\/gus.no\/blogg\/wp-json\/wp\/v2\/posts\/4490"}],"collection":[{"href":"http:\/\/gus.no\/blogg\/wp-json\/wp\/v2\/posts"}],"about":[{"href":"http:\/\/gus.no\/blogg\/wp-json\/wp\/v2\/types\/post"}],"author":[{"embeddable":true,"href":"http:\/\/gus.no\/blogg\/wp-json\/wp\/v2\/users\/29"}],"replies":[{"embeddable":true,"href":"http:\/\/gus.no\/blogg\/wp-json\/wp\/v2\/comments?post=4490"}],"version-history":[{"count":12,"href":"http:\/\/gus.no\/blogg\/wp-json\/wp\/v2\/posts\/4490\/revisions"}],"predecessor-version":[{"id":4522,"href":"http:\/\/gus.no\/blogg\/wp-json\/wp\/v2\/posts\/4490\/revisions\/4522"}],"wp:featuredmedia":[{"embeddable":true,"href":"http:\/\/gus.no\/blogg\/wp-json\/wp\/v2\/media\/4500"}],"wp:attachment":[{"href":"http:\/\/gus.no\/blogg\/wp-json\/wp\/v2\/media?parent=4490"}],"wp:term":[{"taxonomy":"category","embeddable":true,"href":"http:\/\/gus.no\/blogg\/wp-json\/wp\/v2\/categories?post=4490"},{"taxonomy":"post_tag","embeddable":true,"href":"http:\/\/gus.no\/blogg\/wp-json\/wp\/v2\/tags?post=4490"}],"curies":[{"name":"wp","href":"https:\/\/api.w.org\/{rel}","templated":true}]}}