{"id":4818,"date":"2021-03-03T11:34:31","date_gmt":"2021-03-03T10:34:31","guid":{"rendered":"http:\/\/gus.no\/blogg\/?p=4818"},"modified":"2021-06-28T09:03:55","modified_gmt":"2021-06-28T07:03:55","slug":"kultursjokk-i-norge","status":"publish","type":"post","link":"http:\/\/gus.no\/blogg\/kultursjokk-i-norge\/","title":{"rendered":"Kultursjokk i Norge?"},"content":{"rendered":"\n<h4 class=\"wp-block-heading\"><strong>En &laquo;s\u00f8ring&raquo; i Alta <\/strong><\/h4>\n\n\n\n<p>Jeg befinner meg for \u00f8yeblikket i Alta i Finnmark. Da jeg reiste opp hadde jeg forventninger om at jeg skulle bli sett p\u00e5 som en \u00abs\u00f8ring\u00bb som kledde seg for d\u00e5rlig, kunne ingenting om reindrift og snakket en rar dialekt som var vanskelig \u00e5 forst\u00e5. Disse fordommene er helt sanne, for jeg kan virkelig ingenting om reindrift, jeg fryser mesteparten av tiden og jeg m\u00e5 ofte gjenta meg selv b\u00e5de to og tre ganger. Men jeg har enda ikke f\u00e5tt noen kommentarer eller stygge blikk. Jeg har derimot blitt m\u00f8tt med en varme og en iver til \u00e5 vise hva Finnmark har \u00e5 by p\u00e5. <\/p>\n\n\n\n<figure class=\"wp-block-image\"><img loading=\"lazy\" decoding=\"async\" width=\"768\" height=\"1024\" src=\"http:\/\/gus.no\/blogg\/wp-content\/uploads\/2021\/02\/IMG_6059-768x1024.jpg\" alt=\"\" class=\"wp-image-4828\" srcset=\"http:\/\/gus.no\/blogg\/wp-content\/uploads\/2021\/02\/IMG_6059-768x1024.jpg 768w, http:\/\/gus.no\/blogg\/wp-content\/uploads\/2021\/02\/IMG_6059-225x300.jpg 225w, http:\/\/gus.no\/blogg\/wp-content\/uploads\/2021\/02\/IMG_6059-1200x1600.jpg 1200w, http:\/\/gus.no\/blogg\/wp-content\/uploads\/2021\/02\/IMG_6059-1860x2480.jpg 1860w\" sizes=\"(max-width: 768px) 100vw, 768px\" \/><\/figure>\n\n\n\n<p>Kulturen i Finnmark er mye varmere og inkluderende enn jeg hadde sett for meg. Folk \u00f8nsker \u00e5 finne p\u00e5 ting med oss, og kommer gjerne uanmeldt p\u00e5 te og boller en s\u00f8ndagskveld. Samtidig er vi jo enda i Norge; man snakker ikke med folk p\u00e5 bussen og sier ikke ifra hvis noen sniker i k\u00f8en. Men m\u00f8tes man p\u00e5 fjellet, s\u00e5 hilser man! Friluftslivet st\u00e5r nemlig h\u00f8yt her, og den dagligdagse klesstilen best\u00e5r av turbukse, kraftige sko og ulltr\u00f8ye. Det finnes merkepress her i Alta. Det er et press p\u00e5 merker som <em>Norr\u00f8na<\/em>, <em>Bergans<\/em> og <em>Bj\u00f8rn D\u00e6hlie<\/em>, i stedet for <em>Acne<\/em>, <em>Ganni <\/em>og <em>Holtzweiler<\/em>.\u00a0<\/p>\n\n\n\n<figure class=\"wp-block-image\"><img loading=\"lazy\" decoding=\"async\" width=\"768\" height=\"1024\" src=\"http:\/\/gus.no\/blogg\/wp-content\/uploads\/2021\/02\/IMG_5907-e1614686886972-768x1024.jpg\" alt=\"\" class=\"wp-image-4822\" srcset=\"http:\/\/gus.no\/blogg\/wp-content\/uploads\/2021\/02\/IMG_5907-e1614686886972-768x1024.jpg 768w, http:\/\/gus.no\/blogg\/wp-content\/uploads\/2021\/02\/IMG_5907-e1614686886972-225x300.jpg 225w, http:\/\/gus.no\/blogg\/wp-content\/uploads\/2021\/02\/IMG_5907-e1614686886972-1200x1600.jpg 1200w, http:\/\/gus.no\/blogg\/wp-content\/uploads\/2021\/02\/IMG_5907-e1614686886972-1860x2480.jpg 1860w\" sizes=\"(max-width: 768px) 100vw, 768px\" \/><figcaption>Mari vet hvordan \u00e5 kle seg i Alta :))<\/figcaption><\/figure>\n\n\n\n<h4 class=\"wp-block-heading\"><strong>Kulturforskjeller <\/strong><\/h4>\n\n\n\n<p style=\"text-align:left\">Samtidig som jeg har opplevd \u00e5 bli godt tatt imot, har jeg imidlertid forst\u00e5tt at skillet mellom \u00abS\u00f8ringer\u00bb og \u00abFinnbarskinger\u00bb er ganske stort. Noe som merkes spesielt innenfor det samiske. Vi fra s\u00f8r vet lite om samene og hvordan de lever. En samisk konsert i Oslo kan ikke m\u00e5le seg med en hel dag p\u00e5 <em>Sami Siida<\/em> med reinsdyrkj\u00f8ring, lassokasting og historier rundt b\u00e5let. Samene har ogs\u00e5 veldig stor respekt for naturen, og spesielt nordlyset, noe jeg synes er fascinerende!<\/p>\n\n\n\n<p>Vi setter stor pris p\u00e5 \u00e5 f\u00e5 l\u00e6re s\u00e5 mye nytt mens vi fremdeles befinner oss i Norge, og ser frem til \u00e5 bli enda bedre kjent med kulturen her oppe.&nbsp;<\/p>\n\n\n\n<figure class=\"wp-block-image\"><img loading=\"lazy\" decoding=\"async\" width=\"683\" height=\"1024\" src=\"http:\/\/gus.no\/blogg\/wp-content\/uploads\/2021\/02\/IMG_0282-683x1024.jpg\" alt=\"\" class=\"wp-image-4823\" srcset=\"http:\/\/gus.no\/blogg\/wp-content\/uploads\/2021\/02\/IMG_0282-683x1024.jpg 683w, http:\/\/gus.no\/blogg\/wp-content\/uploads\/2021\/02\/IMG_0282-200x300.jpg 200w, http:\/\/gus.no\/blogg\/wp-content\/uploads\/2021\/02\/IMG_0282-768x1152.jpg 768w, http:\/\/gus.no\/blogg\/wp-content\/uploads\/2021\/02\/IMG_0282-1200x1800.jpg 1200w, http:\/\/gus.no\/blogg\/wp-content\/uploads\/2021\/02\/IMG_0282-1860x2790.jpg 1860w\" sizes=\"(max-width: 683px) 100vw, 683px\" \/><figcaption>Vi har m\u00f8tt reinsdyr!<\/figcaption><\/figure>\n\n\n\n<h4 class=\"wp-block-heading\"><strong>Det g\u00e5r bra med oss!<\/strong><\/h4>\n\n\n\n<p>Ellers har vi det veldig bra! Det er mye som skjer om dagen, og vi merker at tiden g\u00e5r fort n\u00e5r man har det g\u00f8y! Vi har nemlig v\u00e6rt her i \u00e9n og en halv m\u00e5ned allerede, og rutinene begynner \u00e5 sette seg. I hjemmet v\u00e5rt, Bullveien 13b (om du vil sende brev), er stemningen god. Oppvasken blir for det meste tatt, musikken m\u00e5 v\u00e6re litt lav og maten er meget smakfull. Roen senker seg n\u00e5r vi sitter med hver v\u00e5r bok, og den blir hevet igjen n\u00e5r Mari setter p\u00e5 \u00abBli med meg p\u00e5 gar\u2019n\u00bb for \u00f8rtende gang. Vi har ogs\u00e5 f\u00e5tt oss gode venner, noe som er en velsignelse i seg selv, og vi har sjeldent et kjedelig \u00f8yeblikk.\u00a0<\/p>\n\n\n\n<h4 class=\"wp-block-heading\"><strong>Praksisen blomstrer<\/strong><\/h4>\n\n\n\n<p>Hovedpraksisen v\u00e5r, fritidsklubben <em>kom.inn<\/em>, har blomstret i det siste! Vi har hatt stort fokus p\u00e5 promotering, og etter dette har vi vokst fra maks ti til omtrent 30 deltakende barn! Vi opplever \u00e5 f\u00e5 bli godt kjent med barna, da vi ser dem gjerne tre dager i uka. Vi begynner \u00e5 se at vi betyr noe for barna som kommer, og det varmer hjertet.&nbsp;<\/p>\n\n\n\n<p>Vi f\u00e5r ogs\u00e5 v\u00e6re med p\u00e5<em> Laget<\/em>. Lagsvirksomheten p\u00e5 skolene her oppe i Alta er minimal, s\u00e5 de m\u00f8tes omtrent \u00e9n gang i uken. Vi syns det er veldig givende \u00e5 snakke med disse ungdomsskoleelevene, og opplever at samtaler om blant annet hvem Gud er, og hva det vil si \u00e5 v\u00e6re en kristen, gj\u00f8r godt for b\u00e5de etablerte kristne og de som er nysgjerrige p\u00e5 troa. Vi ser virkelig frem til \u00e5 bli bedre kjent med disse flotte menneskene!&nbsp;<\/p>\n\n\n\n<figure class=\"wp-block-image\"><img loading=\"lazy\" decoding=\"async\" width=\"768\" height=\"1024\" src=\"http:\/\/gus.no\/blogg\/wp-content\/uploads\/2021\/02\/IMG_0980-768x1024.jpg\" alt=\"\" class=\"wp-image-4830\" srcset=\"http:\/\/gus.no\/blogg\/wp-content\/uploads\/2021\/02\/IMG_0980-768x1024.jpg 768w, http:\/\/gus.no\/blogg\/wp-content\/uploads\/2021\/02\/IMG_0980-225x300.jpg 225w, http:\/\/gus.no\/blogg\/wp-content\/uploads\/2021\/02\/IMG_0980-1200x1600.jpg 1200w, http:\/\/gus.no\/blogg\/wp-content\/uploads\/2021\/02\/IMG_0980-1860x2480.jpg 1860w\" sizes=\"(max-width: 768px) 100vw, 768px\" \/><figcaption>Vi savner \u00e5 ha dyr rundt oss, s\u00e5 da er det godt at Zorro alltid er klar for kos<\/figcaption><\/figure>\n\n\n\n<h4 class=\"wp-block-heading\"><strong>Velsignelse p\u00e5 velsignelse<\/strong><\/h4>\n\n\n\n<p>Her oppe har vi igjen blitt minnet p\u00e5 at Gud virkelig har en plan med alt. Vi er velsignet med lite korona, et \u00e5ndelig felleskap utenfor teamet, nordlys og vakre turer i Hans mektige skaperverk. <\/p>\n\n\n\n<p>Praksisoppholdet her i Alta blir bedre for hver dag som g\u00e5r, og vi er s\u00e5 utrolig takknemlige for at vi er akkurat her. I \u00e5r har vi virkelig f\u00e5tt fokusere p\u00e5 v\u00e5r relasjon med Gud, og det f\u00f8les givende p\u00e5 utallige plan. Det er utrolig spennende \u00e5 v\u00e6re p\u00e5 jobb med v\u00e5r himmelske Far, og vi m\u00e5 si at han virkelig imponerer. Korona stopper ikke oss!<\/p>\n\n\n\n<ul class=\"wp-block-gallery columns-3 is-cropped wp-block-gallery-1 is-layout-flex wp-block-gallery-is-layout-flex\"><li class=\"blocks-gallery-item\"><figure><img loading=\"lazy\" decoding=\"async\" width=\"768\" height=\"1024\" src=\"http:\/\/gus.no\/blogg\/wp-content\/uploads\/2021\/02\/IMG_5913-768x1024.jpg\" alt=\"\" data-id=\"4825\" data-link=\"http:\/\/gus.no\/blogg\/?attachment_id=4825\" class=\"wp-image-4825\" srcset=\"http:\/\/gus.no\/blogg\/wp-content\/uploads\/2021\/02\/IMG_5913-768x1024.jpg 768w, http:\/\/gus.no\/blogg\/wp-content\/uploads\/2021\/02\/IMG_5913-225x300.jpg 225w, http:\/\/gus.no\/blogg\/wp-content\/uploads\/2021\/02\/IMG_5913-1200x1600.jpg 1200w, http:\/\/gus.no\/blogg\/wp-content\/uploads\/2021\/02\/IMG_5913-1860x2480.jpg 1860w\" sizes=\"(max-width: 768px) 100vw, 768px\" \/><figcaption>M\u00f8rketiden byr p\u00e5 mange flotte solnedganger<\/figcaption><\/figure><\/li><li class=\"blocks-gallery-item\"><figure><img loading=\"lazy\" decoding=\"async\" width=\"768\" height=\"1024\" src=\"http:\/\/gus.no\/blogg\/wp-content\/uploads\/2021\/02\/IMG_6099-768x1024.jpg\" alt=\"\" data-id=\"4826\" data-link=\"http:\/\/gus.no\/blogg\/?attachment_id=4826\" class=\"wp-image-4826\" srcset=\"http:\/\/gus.no\/blogg\/wp-content\/uploads\/2021\/02\/IMG_6099-768x1024.jpg 768w, http:\/\/gus.no\/blogg\/wp-content\/uploads\/2021\/02\/IMG_6099-225x300.jpg 225w, http:\/\/gus.no\/blogg\/wp-content\/uploads\/2021\/02\/IMG_6099-1200x1600.jpg 1200w, http:\/\/gus.no\/blogg\/wp-content\/uploads\/2021\/02\/IMG_6099-1860x2480.jpg 1860w\" sizes=\"(max-width: 768px) 100vw, 768px\" \/><figcaption>Katakombem\u00f8te p\u00e5 folkeh\u00f8yskolen<\/figcaption><\/figure><\/li><li class=\"blocks-gallery-item\"><figure><img loading=\"lazy\" decoding=\"async\" width=\"683\" height=\"1024\" src=\"http:\/\/gus.no\/blogg\/wp-content\/uploads\/2021\/02\/IMG_9610-683x1024.jpg\" alt=\"\" data-id=\"4827\" data-link=\"http:\/\/gus.no\/blogg\/?attachment_id=4827\" class=\"wp-image-4827\" srcset=\"http:\/\/gus.no\/blogg\/wp-content\/uploads\/2021\/02\/IMG_9610-683x1024.jpg 683w, http:\/\/gus.no\/blogg\/wp-content\/uploads\/2021\/02\/IMG_9610-200x300.jpg 200w, http:\/\/gus.no\/blogg\/wp-content\/uploads\/2021\/02\/IMG_9610-768x1152.jpg 768w, http:\/\/gus.no\/blogg\/wp-content\/uploads\/2021\/02\/IMG_9610-1200x1800.jpg 1200w, http:\/\/gus.no\/blogg\/wp-content\/uploads\/2021\/02\/IMG_9610-1860x2790.jpg 1860w\" sizes=\"(max-width: 683px) 100vw, 683px\" \/><figcaption>Bes\u00f8k fra team Troms\u00f8 trengtes!<\/figcaption><\/figure><\/li><li class=\"blocks-gallery-item\"><figure><img loading=\"lazy\" decoding=\"async\" width=\"768\" height=\"1024\" src=\"http:\/\/gus.no\/blogg\/wp-content\/uploads\/2021\/02\/2021-02-09-221053.120-768x1024.jpg\" alt=\"\" data-id=\"4824\" data-link=\"http:\/\/gus.no\/blogg\/?attachment_id=4824\" class=\"wp-image-4824\" srcset=\"http:\/\/gus.no\/blogg\/wp-content\/uploads\/2021\/02\/2021-02-09-221053.120-768x1024.jpg 768w, http:\/\/gus.no\/blogg\/wp-content\/uploads\/2021\/02\/2021-02-09-221053.120-225x300.jpg 225w, http:\/\/gus.no\/blogg\/wp-content\/uploads\/2021\/02\/2021-02-09-221053.120-1200x1600.jpg 1200w, http:\/\/gus.no\/blogg\/wp-content\/uploads\/2021\/02\/2021-02-09-221053.120-1860x2480.jpg 1860w\" sizes=\"(max-width: 768px) 100vw, 768px\" \/><figcaption>Bowling er tydeligvis ikke s\u00e5 kult i Alta, men vi liker det!<\/figcaption><\/figure><\/li><\/ul>\n\n\n\n<h4 class=\"wp-block-heading\"><strong>Be gjerne for oss!<\/strong><\/h4>\n\n\n\n<p>Be gjerne om at praksis-arbeidet v\u00e5rt skal fortsette \u00e5 vokse! Be ogs\u00e5 om at vi skal finne en god balanse mellom det \u00e5 gi videre, og \u00e5 lade opp batteriene! <\/p>\n\n\n\n<h2 class=\"wp-block-heading\"><strong>Bibelskole neste \u00e5r?<\/strong><\/h2>\n\n\n\n<p>Inntaket for neste skole\u00e5r er godt i gang!&nbsp;<a href=\"http:\/\/www.gus.no\/\">Sjekk ut de ulike linjene og s\u00f8k om plass i dag.<\/a><\/p>\n","protected":false},"excerpt":{"rendered":"<p>Er det mulig \u00e5 bli m\u00f8tt av en annen kultur i eget land? Svaret er JA!<\/p>\n","protected":false},"author":35,"featured_media":4832,"comment_status":"open","ping_status":"open","sticky":false,"template":"","format":"standard","meta":{"_exactmetrics_skip_tracking":false,"_exactmetrics_sitenote_active":false,"_exactmetrics_sitenote_note":"","_exactmetrics_sitenote_category":0,"footnotes":""},"categories":[12],"tags":[],"class_list":["post-4818","post","type-post","status-publish","format-standard","has-post-thumbnail","hentry","category-global-disippel","has-thumbnail"],"yoast_head":"<!-- This site is optimized with the Yoast SEO plugin v23.5 - https:\/\/yoast.com\/wordpress\/plugins\/seo\/ -->\n<title>Kultursjokk i Norge? - Blogg<\/title>\n<meta name=\"description\" content=\"Blogginnlegg fra team Alta p\u00e5 G\u00e5 Ut Senteret\" \/>\n<meta name=\"robots\" content=\"index, follow, max-snippet:-1, max-image-preview:large, max-video-preview:-1\" \/>\n<link rel=\"canonical\" href=\"http:\/\/gus.no\/blogg\/kultursjokk-i-norge\/\" \/>\n<meta property=\"og:locale\" content=\"nb_NO\" \/>\n<meta property=\"og:type\" content=\"article\" \/>\n<meta property=\"og:title\" content=\"Kultursjokk i Norge? - Blogg\" \/>\n<meta property=\"og:description\" content=\"Blogginnlegg fra team Alta p\u00e5 G\u00e5 Ut Senteret\" \/>\n<meta property=\"og:url\" content=\"http:\/\/gus.no\/blogg\/kultursjokk-i-norge\/\" \/>\n<meta property=\"og:site_name\" content=\"Blogg\" \/>\n<meta property=\"article:publisher\" content=\"http:\/\/www.facebook.com\/gaautsenteret\" \/>\n<meta property=\"article:published_time\" content=\"2021-03-03T10:34:31+00:00\" \/>\n<meta property=\"article:modified_time\" content=\"2021-06-28T07:03:55+00:00\" \/>\n<meta property=\"og:image\" content=\"http:\/\/gus.no\/blogg\/wp-content\/uploads\/2021\/02\/IMG_9584-2-1-1024x683.jpg\" \/>\n\t<meta property=\"og:image:width\" content=\"1024\" \/>\n\t<meta property=\"og:image:height\" content=\"683\" \/>\n\t<meta property=\"og:image:type\" content=\"image\/jpeg\" \/>\n<meta name=\"author\" content=\"Team Alta (Global disippel 2020\/2021)\" \/>\n<meta name=\"twitter:card\" content=\"summary_large_image\" \/>\n<meta name=\"twitter:label1\" content=\"Skrevet av\" \/>\n\t<meta name=\"twitter:data1\" content=\"Team Alta (Global disippel 2020\/2021)\" \/>\n\t<meta name=\"twitter:label2\" content=\"Ansl. lesetid\" \/>\n\t<meta name=\"twitter:data2\" content=\"4 minutter\" \/>\n<script type=\"application\/ld+json\" class=\"yoast-schema-graph\">{\"@context\":\"https:\/\/schema.org\",\"@graph\":[{\"@type\":\"WebPage\",\"@id\":\"http:\/\/gus.no\/blogg\/kultursjokk-i-norge\/\",\"url\":\"http:\/\/gus.no\/blogg\/kultursjokk-i-norge\/\",\"name\":\"Kultursjokk i Norge? - Blogg\",\"isPartOf\":{\"@id\":\"http:\/\/gus.no\/blogg\/#website\"},\"primaryImageOfPage\":{\"@id\":\"http:\/\/gus.no\/blogg\/kultursjokk-i-norge\/#primaryimage\"},\"image\":{\"@id\":\"http:\/\/gus.no\/blogg\/kultursjokk-i-norge\/#primaryimage\"},\"thumbnailUrl\":\"http:\/\/gus.no\/blogg\/wp-content\/uploads\/2021\/02\/IMG_9584-2-1.jpg\",\"datePublished\":\"2021-03-03T10:34:31+00:00\",\"dateModified\":\"2021-06-28T07:03:55+00:00\",\"author\":{\"@id\":\"http:\/\/gus.no\/blogg\/#\/schema\/person\/8c7eaae4cee46883a8097c6a102a8b2c\"},\"description\":\"Blogginnlegg fra team Alta p\u00e5 G\u00e5 Ut Senteret\",\"breadcrumb\":{\"@id\":\"http:\/\/gus.no\/blogg\/kultursjokk-i-norge\/#breadcrumb\"},\"inLanguage\":\"nb-NO\",\"potentialAction\":[{\"@type\":\"ReadAction\",\"target\":[\"http:\/\/gus.no\/blogg\/kultursjokk-i-norge\/\"]}]},{\"@type\":\"ImageObject\",\"inLanguage\":\"nb-NO\",\"@id\":\"http:\/\/gus.no\/blogg\/kultursjokk-i-norge\/#primaryimage\",\"url\":\"http:\/\/gus.no\/blogg\/wp-content\/uploads\/2021\/02\/IMG_9584-2-1.jpg\",\"contentUrl\":\"http:\/\/gus.no\/blogg\/wp-content\/uploads\/2021\/02\/IMG_9584-2-1.jpg\",\"width\":6000,\"height\":4000,\"caption\":\"Dab for ishotell\"},{\"@type\":\"BreadcrumbList\",\"@id\":\"http:\/\/gus.no\/blogg\/kultursjokk-i-norge\/#breadcrumb\",\"itemListElement\":[{\"@type\":\"ListItem\",\"position\":1,\"name\":\"Hjem\",\"item\":\"http:\/\/gus.no\/blogg\/\"},{\"@type\":\"ListItem\",\"position\":2,\"name\":\"Kultursjokk i Norge?\"}]},{\"@type\":\"WebSite\",\"@id\":\"http:\/\/gus.no\/blogg\/#website\",\"url\":\"http:\/\/gus.no\/blogg\/\",\"name\":\"Blogg\",\"description\":\"G\u00e5 Ut Senteret\",\"potentialAction\":[{\"@type\":\"SearchAction\",\"target\":{\"@type\":\"EntryPoint\",\"urlTemplate\":\"http:\/\/gus.no\/blogg\/?s={search_term_string}\"},\"query-input\":{\"@type\":\"PropertyValueSpecification\",\"valueRequired\":true,\"valueName\":\"search_term_string\"}}],\"inLanguage\":\"nb-NO\"},{\"@type\":\"Person\",\"@id\":\"http:\/\/gus.no\/blogg\/#\/schema\/person\/8c7eaae4cee46883a8097c6a102a8b2c\",\"name\":\"Team Alta (Global disippel 2020\/2021)\",\"url\":\"http:\/\/gus.no\/blogg\/author\/teamalta\/\"}]}<\/script>\n<!-- \/ Yoast SEO plugin. -->","yoast_head_json":{"title":"Kultursjokk i Norge? - Blogg","description":"Blogginnlegg fra team Alta p\u00e5 G\u00e5 Ut Senteret","robots":{"index":"index","follow":"follow","max-snippet":"max-snippet:-1","max-image-preview":"max-image-preview:large","max-video-preview":"max-video-preview:-1"},"canonical":"http:\/\/gus.no\/blogg\/kultursjokk-i-norge\/","og_locale":"nb_NO","og_type":"article","og_title":"Kultursjokk i Norge? - Blogg","og_description":"Blogginnlegg fra team Alta p\u00e5 G\u00e5 Ut Senteret","og_url":"http:\/\/gus.no\/blogg\/kultursjokk-i-norge\/","og_site_name":"Blogg","article_publisher":"http:\/\/www.facebook.com\/gaautsenteret","article_published_time":"2021-03-03T10:34:31+00:00","article_modified_time":"2021-06-28T07:03:55+00:00","og_image":[{"width":1024,"height":683,"url":"http:\/\/gus.no\/blogg\/wp-content\/uploads\/2021\/02\/IMG_9584-2-1-1024x683.jpg","type":"image\/jpeg"}],"author":"Team Alta (Global disippel 2020\/2021)","twitter_card":"summary_large_image","twitter_misc":{"Skrevet av":"Team Alta (Global disippel 2020\/2021)","Ansl. lesetid":"4 minutter"},"schema":{"@context":"https:\/\/schema.org","@graph":[{"@type":"WebPage","@id":"http:\/\/gus.no\/blogg\/kultursjokk-i-norge\/","url":"http:\/\/gus.no\/blogg\/kultursjokk-i-norge\/","name":"Kultursjokk i Norge? - Blogg","isPartOf":{"@id":"http:\/\/gus.no\/blogg\/#website"},"primaryImageOfPage":{"@id":"http:\/\/gus.no\/blogg\/kultursjokk-i-norge\/#primaryimage"},"image":{"@id":"http:\/\/gus.no\/blogg\/kultursjokk-i-norge\/#primaryimage"},"thumbnailUrl":"http:\/\/gus.no\/blogg\/wp-content\/uploads\/2021\/02\/IMG_9584-2-1.jpg","datePublished":"2021-03-03T10:34:31+00:00","dateModified":"2021-06-28T07:03:55+00:00","author":{"@id":"http:\/\/gus.no\/blogg\/#\/schema\/person\/8c7eaae4cee46883a8097c6a102a8b2c"},"description":"Blogginnlegg fra team Alta p\u00e5 G\u00e5 Ut Senteret","breadcrumb":{"@id":"http:\/\/gus.no\/blogg\/kultursjokk-i-norge\/#breadcrumb"},"inLanguage":"nb-NO","potentialAction":[{"@type":"ReadAction","target":["http:\/\/gus.no\/blogg\/kultursjokk-i-norge\/"]}]},{"@type":"ImageObject","inLanguage":"nb-NO","@id":"http:\/\/gus.no\/blogg\/kultursjokk-i-norge\/#primaryimage","url":"http:\/\/gus.no\/blogg\/wp-content\/uploads\/2021\/02\/IMG_9584-2-1.jpg","contentUrl":"http:\/\/gus.no\/blogg\/wp-content\/uploads\/2021\/02\/IMG_9584-2-1.jpg","width":6000,"height":4000,"caption":"Dab for ishotell"},{"@type":"BreadcrumbList","@id":"http:\/\/gus.no\/blogg\/kultursjokk-i-norge\/#breadcrumb","itemListElement":[{"@type":"ListItem","position":1,"name":"Hjem","item":"http:\/\/gus.no\/blogg\/"},{"@type":"ListItem","position":2,"name":"Kultursjokk i Norge?"}]},{"@type":"WebSite","@id":"http:\/\/gus.no\/blogg\/#website","url":"http:\/\/gus.no\/blogg\/","name":"Blogg","description":"G\u00e5 Ut Senteret","potentialAction":[{"@type":"SearchAction","target":{"@type":"EntryPoint","urlTemplate":"http:\/\/gus.no\/blogg\/?s={search_term_string}"},"query-input":{"@type":"PropertyValueSpecification","valueRequired":true,"valueName":"search_term_string"}}],"inLanguage":"nb-NO"},{"@type":"Person","@id":"http:\/\/gus.no\/blogg\/#\/schema\/person\/8c7eaae4cee46883a8097c6a102a8b2c","name":"Team Alta (Global disippel 2020\/2021)","url":"http:\/\/gus.no\/blogg\/author\/teamalta\/"}]}},"_links":{"self":[{"href":"http:\/\/gus.no\/blogg\/wp-json\/wp\/v2\/posts\/4818"}],"collection":[{"href":"http:\/\/gus.no\/blogg\/wp-json\/wp\/v2\/posts"}],"about":[{"href":"http:\/\/gus.no\/blogg\/wp-json\/wp\/v2\/types\/post"}],"author":[{"embeddable":true,"href":"http:\/\/gus.no\/blogg\/wp-json\/wp\/v2\/users\/35"}],"replies":[{"embeddable":true,"href":"http:\/\/gus.no\/blogg\/wp-json\/wp\/v2\/comments?post=4818"}],"version-history":[{"count":6,"href":"http:\/\/gus.no\/blogg\/wp-json\/wp\/v2\/posts\/4818\/revisions"}],"predecessor-version":[{"id":4843,"href":"http:\/\/gus.no\/blogg\/wp-json\/wp\/v2\/posts\/4818\/revisions\/4843"}],"wp:featuredmedia":[{"embeddable":true,"href":"http:\/\/gus.no\/blogg\/wp-json\/wp\/v2\/media\/4832"}],"wp:attachment":[{"href":"http:\/\/gus.no\/blogg\/wp-json\/wp\/v2\/media?parent=4818"}],"wp:term":[{"taxonomy":"category","embeddable":true,"href":"http:\/\/gus.no\/blogg\/wp-json\/wp\/v2\/categories?post=4818"},{"taxonomy":"post_tag","embeddable":true,"href":"http:\/\/gus.no\/blogg\/wp-json\/wp\/v2\/tags?post=4818"}],"curies":[{"name":"wp","href":"https:\/\/api.w.org\/{rel}","templated":true}]}}