{"id":5092,"date":"2021-05-03T13:26:22","date_gmt":"2021-05-03T11:26:22","guid":{"rendered":"http:\/\/gus.no\/blogg\/?p=5092"},"modified":"2021-06-28T09:02:55","modified_gmt":"2021-06-28T07:02:55","slug":"var-familie-i-odda","status":"publish","type":"post","link":"http:\/\/gus.no\/blogg\/var-familie-i-odda\/","title":{"rendered":"V\u00e5r familie i Odda"},"content":{"rendered":"\n<h4 class=\"wp-block-heading\"><strong>&laquo;Hjemmekontor&raquo; i Odda<\/strong><\/h4>\n\n\n\n<p>De f\u00f8rste ukene var det mye nedstengning i byen, og vi ble rett og slett satt p\u00e5 hjemmekontor. Dagene gikk da til \u00e5 bli kjent med byen og mentor, og til b\u00f8nnevandring. Vi ble ogs\u00e5 utfordret til \u00e5 lage en <em>Pinsevandring<\/em> til \u00e5rets konfirmanter. Planen er \u00e5 ha et korona-vennlig opplegg som gir en kort innf\u00f8ring i temaer som Kristi Himmelfartsdag, Den Hellige \u00c5nd, Pinsen, og v\u00e5r personlige favoritt; misjonsbefalingen.&nbsp;<br><\/p>\n\n\n\n<p>Mot slutten av hjemmekontortilv\u00e6relsen v\u00e5r, fikk vi lov til \u00e5 bidra med diakonalt arbeid p\u00e5 Kalvanes (bydelen vi bor i). Den ene naboen v\u00e5r hadde v\u00e6rt koronafast p\u00e5 Filippinene i halvannet \u00e5r, og vi fikk lov til \u00e5 v\u00e6re med \u00e5 ta v\u00e5rrengj\u00f8ringen. Dette satte han veldig stor pris p\u00e5, med tanke p\u00e5 hans synsnedsettelse. Etter noen timers arbeid inviterte han oss ut p\u00e5 terrassen der vi fikk servert boller, sauerkraut (fermentert k\u00e5l) og tyrkisk kaffe med polsk kogel mogel (google it!). <\/p>\n\n\n\n<ul class=\"wp-block-gallery columns-3 is-cropped wp-block-gallery-1 is-layout-flex wp-block-gallery-is-layout-flex\"><li class=\"blocks-gallery-item\"><figure><img loading=\"lazy\" decoding=\"async\" width=\"768\" height=\"1024\" src=\"http:\/\/gus.no\/blogg\/wp-content\/uploads\/2021\/04\/IMG_2249-1-768x1024.jpg\" alt=\"\" data-id=\"5131\" data-link=\"http:\/\/gus.no\/blogg\/?attachment_id=5131\" class=\"wp-image-5131\" srcset=\"http:\/\/gus.no\/blogg\/wp-content\/uploads\/2021\/04\/IMG_2249-1-768x1024.jpg 768w, http:\/\/gus.no\/blogg\/wp-content\/uploads\/2021\/04\/IMG_2249-1-225x300.jpg 225w, http:\/\/gus.no\/blogg\/wp-content\/uploads\/2021\/04\/IMG_2249-1.jpg 828w\" sizes=\"(max-width: 768px) 100vw, 768px\" \/><figcaption>Husvask hos naboen<\/figcaption><\/figure><\/li><li class=\"blocks-gallery-item\"><figure><img loading=\"lazy\" decoding=\"async\" width=\"768\" height=\"1024\" src=\"http:\/\/gus.no\/blogg\/wp-content\/uploads\/2021\/04\/FullSizeRender-1-768x1024.jpg\" alt=\"\" data-id=\"5132\" data-link=\"http:\/\/gus.no\/blogg\/?attachment_id=5132\" class=\"wp-image-5132\" srcset=\"http:\/\/gus.no\/blogg\/wp-content\/uploads\/2021\/04\/FullSizeRender-1-768x1024.jpg 768w, http:\/\/gus.no\/blogg\/wp-content\/uploads\/2021\/04\/FullSizeRender-1-225x300.jpg 225w, http:\/\/gus.no\/blogg\/wp-content\/uploads\/2021\/04\/FullSizeRender-1-1200x1600.jpg 1200w, http:\/\/gus.no\/blogg\/wp-content\/uploads\/2021\/04\/FullSizeRender-1-1860x2480.jpg 1860w\" sizes=\"(max-width: 768px) 100vw, 768px\" \/><figcaption>Bes\u00f8k hos mentor&lt;3<\/figcaption><\/figure><\/li><li class=\"blocks-gallery-item\"><figure><img loading=\"lazy\" decoding=\"async\" width=\"768\" height=\"1024\" src=\"http:\/\/gus.no\/blogg\/wp-content\/uploads\/2021\/04\/FullSizeRender-2-2-768x1024.jpg\" alt=\"\" data-id=\"5133\" data-link=\"http:\/\/gus.no\/blogg\/?attachment_id=5133\" class=\"wp-image-5133\" srcset=\"http:\/\/gus.no\/blogg\/wp-content\/uploads\/2021\/04\/FullSizeRender-2-2-768x1024.jpg 768w, http:\/\/gus.no\/blogg\/wp-content\/uploads\/2021\/04\/FullSizeRender-2-2-225x300.jpg 225w, http:\/\/gus.no\/blogg\/wp-content\/uploads\/2021\/04\/FullSizeRender-2-2-1200x1600.jpg 1200w, http:\/\/gus.no\/blogg\/wp-content\/uploads\/2021\/04\/FullSizeRender-2-2-1860x2480.jpg 1860w\" sizes=\"(max-width: 768px) 100vw, 768px\" \/><figcaption>B\u00f8nnevandring for Odda<\/figcaption><\/figure><\/li><\/ul>\n\n\n\n<h4 class=\"wp-block-heading\"><strong>God start p\u00e5 praksis<\/strong><\/h4>\n\n\n\n<p>Den siste uken har det endelig \u00e5pnet litt mer opp i Ullensvang kommune. Vi har f\u00e5tt v\u00e6re med p\u00e5 <em>middags-b\u00f8nn <\/em>i kirken, og v\u00e6re ledere p\u00e5 <em>Tweens-samling<\/em> i nabobygda Tyssedal. Dette skal vi fortsette med i ukene fremover. I tillegg skal vi v\u00e6re med p\u00e5 konfirmant-arbeidet i kirken, hjelpe til i <em>Kirkens bymisjon <\/em>og v\u00e6re med p\u00e5 \u00f8kumeniske b\u00f8nnem\u00f8ter. <br><\/p>\n\n\n\n<p>Vi har blitt tatt godt imot av de kristne her i Odda, og f\u00f8ler p\u00e5 mange m\u00e5ter at vi er del av den kristne familien. Vi er stores\u00f8stre for<em> Tweensa<\/em> og konfirmantene, og barnebarna p\u00e5 Gudstjenestene. Alle \u00f8nsker oss hjertelig velkommen og er genuint interessert i hvem vi er og hvorfor vi er her. Vi blir rikt velsigna, b\u00e5de i b\u00f8nn og i samtale. Folk viser ogs\u00e5 sitt engasjement gjennom mat; b\u00e5de middagsinvitasjoner og matlevering p\u00e5 d\u00f8ra (og det klager vi ikke p\u00e5!). <\/p>\n\n\n\n<ul class=\"wp-block-gallery columns-3 is-cropped wp-block-gallery-2 is-layout-flex wp-block-gallery-is-layout-flex\"><li class=\"blocks-gallery-item\"><figure><img loading=\"lazy\" decoding=\"async\" width=\"1024\" height=\"768\" src=\"http:\/\/gus.no\/blogg\/wp-content\/uploads\/2021\/04\/IMG_2311-1024x768.jpg\" alt=\"\" data-id=\"5134\" data-link=\"http:\/\/gus.no\/blogg\/?attachment_id=5134\" class=\"wp-image-5134\" srcset=\"http:\/\/gus.no\/blogg\/wp-content\/uploads\/2021\/04\/IMG_2311-1024x768.jpg 1024w, http:\/\/gus.no\/blogg\/wp-content\/uploads\/2021\/04\/IMG_2311-300x225.jpg 300w, http:\/\/gus.no\/blogg\/wp-content\/uploads\/2021\/04\/IMG_2311-768x576.jpg 768w, http:\/\/gus.no\/blogg\/wp-content\/uploads\/2021\/04\/IMG_2311-1200x900.jpg 1200w, http:\/\/gus.no\/blogg\/wp-content\/uploads\/2021\/04\/IMG_2311-1860x1395.jpg 1860w\" sizes=\"(max-width: 1024px) 100vw, 1024px\" \/><figcaption>V\u00e5r vakre arbeidsplass<\/figcaption><\/figure><\/li><li class=\"blocks-gallery-item\"><figure><img loading=\"lazy\" decoding=\"async\" width=\"768\" height=\"1024\" src=\"http:\/\/gus.no\/blogg\/wp-content\/uploads\/2021\/04\/IMG_2323-768x1024.jpg\" alt=\"\" data-id=\"5135\" data-link=\"http:\/\/gus.no\/blogg\/?attachment_id=5135\" class=\"wp-image-5135\" srcset=\"http:\/\/gus.no\/blogg\/wp-content\/uploads\/2021\/04\/IMG_2323-768x1024.jpg 768w, http:\/\/gus.no\/blogg\/wp-content\/uploads\/2021\/04\/IMG_2323-225x300.jpg 225w, http:\/\/gus.no\/blogg\/wp-content\/uploads\/2021\/04\/IMG_2323-1200x1600.jpg 1200w, http:\/\/gus.no\/blogg\/wp-content\/uploads\/2021\/04\/IMG_2323-1860x2480.jpg 1860w\" sizes=\"(max-width: 768px) 100vw, 768px\" \/><figcaption>Odda Kyrkje<\/figcaption><\/figure><\/li><li class=\"blocks-gallery-item\"><figure><img loading=\"lazy\" decoding=\"async\" width=\"768\" height=\"1024\" src=\"http:\/\/gus.no\/blogg\/wp-content\/uploads\/2021\/04\/IMG_2341-768x1024.jpg\" alt=\"\" data-id=\"5136\" data-link=\"http:\/\/gus.no\/blogg\/?attachment_id=5136\" class=\"wp-image-5136\" srcset=\"http:\/\/gus.no\/blogg\/wp-content\/uploads\/2021\/04\/IMG_2341-768x1024.jpg 768w, http:\/\/gus.no\/blogg\/wp-content\/uploads\/2021\/04\/IMG_2341-225x300.jpg 225w, http:\/\/gus.no\/blogg\/wp-content\/uploads\/2021\/04\/IMG_2341-1200x1600.jpg 1200w, http:\/\/gus.no\/blogg\/wp-content\/uploads\/2021\/04\/IMG_2341-1860x2480.jpg 1860w\" sizes=\"(max-width: 768px) 100vw, 768px\" \/><figcaption>Forn\u00f8yde jenter p\u00e5 <em>Tweens-samling<\/em><\/figcaption><\/figure><\/li><li class=\"blocks-gallery-item\"><figure><img loading=\"lazy\" decoding=\"async\" width=\"1024\" height=\"768\" src=\"http:\/\/gus.no\/blogg\/wp-content\/uploads\/2021\/04\/IMG_2363-1024x768.jpg\" alt=\"\" data-id=\"5137\" data-link=\"http:\/\/gus.no\/blogg\/?attachment_id=5137\" class=\"wp-image-5137\" srcset=\"http:\/\/gus.no\/blogg\/wp-content\/uploads\/2021\/04\/IMG_2363-1024x768.jpg 1024w, http:\/\/gus.no\/blogg\/wp-content\/uploads\/2021\/04\/IMG_2363-300x225.jpg 300w, http:\/\/gus.no\/blogg\/wp-content\/uploads\/2021\/04\/IMG_2363-768x576.jpg 768w, http:\/\/gus.no\/blogg\/wp-content\/uploads\/2021\/04\/IMG_2363-1200x900.jpg 1200w, http:\/\/gus.no\/blogg\/wp-content\/uploads\/2021\/04\/IMG_2363-1860x1395.jpg 1860w\" sizes=\"(max-width: 1024px) 100vw, 1024px\" \/><figcaption>Uteaktiviteter i vakre omgivelser p\u00e5 <em>Tweens <\/em>i Tyssedal<\/figcaption><\/figure><\/li><\/ul>\n\n\n\n<h4 class=\"wp-block-heading\"><strong>Vi blir utfordret &#8211; og det liker vi!<\/strong><\/h4>\n\n\n\n<p>V\u00e5r gode mentor, Margot-Helene, har s\u00f8rget for at vi blir godt utfordret n\u00e5r vi er her. Sigrid har allerede holdt andakt p\u00e5<em> middagsb\u00f8nn<\/em> i kirken, og videre skal b\u00e5de Ingrid og Hedda holde andakt, og Ane skal lede liturgien. Vi skal v\u00e6re med p\u00e5 <em>salme-kveld<\/em> i Jondal hvor vi blir oppfordret til \u00e5 dele en salme. Vi skal i tillegg ha andakter p\u00e5 sykehjemmet her i Odda. <\/p>\n\n\n\n<p>Vi kjenner nok alle p\u00e5 at vi g\u00e5r litt ut av komfortsonen, men vi tror at Gud utruster oss gjennom disse utfordringene. Vi tar de p\u00e5 strak arm! Forrige uke kom vi i prat med to koselige damer fra kirken, som utfordret oss til \u00e5 finne hver v\u00e5r odding og bosette oss her. Dette er en utfordring som vi kanskje ikke tar like seri\u00f8st, hehe;)<\/p>\n\n\n\n<h4 class=\"wp-block-heading\"><strong>Bildedryss fra fritiden v\u00e5r i vakre Hardanger&lt;3<\/strong><\/h4>\n\n\n\n<ul class=\"wp-block-gallery columns-3 is-cropped wp-block-gallery-3 is-layout-flex wp-block-gallery-is-layout-flex\"><li class=\"blocks-gallery-item\"><figure><img loading=\"lazy\" decoding=\"async\" width=\"768\" height=\"1024\" src=\"http:\/\/gus.no\/blogg\/wp-content\/uploads\/2021\/04\/IMG_2236-768x1024.jpg\" alt=\"\" data-id=\"5139\" data-link=\"http:\/\/gus.no\/blogg\/?attachment_id=5139\" class=\"wp-image-5139\" srcset=\"http:\/\/gus.no\/blogg\/wp-content\/uploads\/2021\/04\/IMG_2236-768x1024.jpg 768w, http:\/\/gus.no\/blogg\/wp-content\/uploads\/2021\/04\/IMG_2236-225x300.jpg 225w, http:\/\/gus.no\/blogg\/wp-content\/uploads\/2021\/04\/IMG_2236.jpg 900w\" sizes=\"(max-width: 768px) 100vw, 768px\" \/><figcaption>Tur p\u00e5 Hardangervidda<\/figcaption><\/figure><\/li><li class=\"blocks-gallery-item\"><figure><img loading=\"lazy\" decoding=\"async\" width=\"1024\" height=\"768\" src=\"http:\/\/gus.no\/blogg\/wp-content\/uploads\/2021\/04\/IMG_3485-1024x768.jpg\" alt=\"\" data-id=\"5140\" data-link=\"http:\/\/gus.no\/blogg\/?attachment_id=5140\" class=\"wp-image-5140\" srcset=\"http:\/\/gus.no\/blogg\/wp-content\/uploads\/2021\/04\/IMG_3485-1024x768.jpg 1024w, http:\/\/gus.no\/blogg\/wp-content\/uploads\/2021\/04\/IMG_3485-300x225.jpg 300w, http:\/\/gus.no\/blogg\/wp-content\/uploads\/2021\/04\/IMG_3485-768x576.jpg 768w, http:\/\/gus.no\/blogg\/wp-content\/uploads\/2021\/04\/IMG_3485-1200x900.jpg 1200w, http:\/\/gus.no\/blogg\/wp-content\/uploads\/2021\/04\/IMG_3485-1860x1395.jpg 1860w\" sizes=\"(max-width: 1024px) 100vw, 1024px\" \/><figcaption>Sigrid koser seg med utsikten fra hengek\u00f8ya<\/figcaption><\/figure><\/li><li class=\"blocks-gallery-item\"><figure><img loading=\"lazy\" decoding=\"async\" width=\"579\" height=\"1024\" src=\"http:\/\/gus.no\/blogg\/wp-content\/uploads\/2021\/04\/IMG_2563-579x1024.jpg\" alt=\"\" data-id=\"5141\" data-link=\"http:\/\/gus.no\/blogg\/?attachment_id=5141\" class=\"wp-image-5141\" srcset=\"http:\/\/gus.no\/blogg\/wp-content\/uploads\/2021\/04\/IMG_2563-579x1024.jpg 579w, http:\/\/gus.no\/blogg\/wp-content\/uploads\/2021\/04\/IMG_2563-170x300.jpg 170w, http:\/\/gus.no\/blogg\/wp-content\/uploads\/2021\/04\/IMG_2563-768x1358.jpg 768w, http:\/\/gus.no\/blogg\/wp-content\/uploads\/2021\/04\/IMG_2563.jpg 828w\" sizes=\"(max-width: 579px) 100vw, 579px\" \/><figcaption>Utsikt over S\u00f8rfjorden<\/figcaption><\/figure><\/li><li class=\"blocks-gallery-item\"><figure><img loading=\"lazy\" decoding=\"async\" width=\"768\" height=\"1024\" src=\"http:\/\/gus.no\/blogg\/wp-content\/uploads\/2021\/04\/FullSizeRender-3-768x1024.jpg\" alt=\"\" data-id=\"5142\" data-link=\"http:\/\/gus.no\/blogg\/?attachment_id=5142\" class=\"wp-image-5142\" srcset=\"http:\/\/gus.no\/blogg\/wp-content\/uploads\/2021\/04\/FullSizeRender-3-768x1024.jpg 768w, http:\/\/gus.no\/blogg\/wp-content\/uploads\/2021\/04\/FullSizeRender-3-225x300.jpg 225w, http:\/\/gus.no\/blogg\/wp-content\/uploads\/2021\/04\/FullSizeRender-3-1200x1600.jpg 1200w, http:\/\/gus.no\/blogg\/wp-content\/uploads\/2021\/04\/FullSizeRender-3-1860x2480.jpg 1860w\" sizes=\"(max-width: 768px) 100vw, 768px\" \/><figcaption>Ane med gamle fabrikkruiner<\/figcaption><\/figure><\/li><li class=\"blocks-gallery-item\"><figure><img loading=\"lazy\" decoding=\"async\" width=\"768\" height=\"1024\" src=\"http:\/\/gus.no\/blogg\/wp-content\/uploads\/2021\/04\/FullSizeRender-2-3-768x1024.jpg\" alt=\"\" data-id=\"5143\" data-link=\"http:\/\/gus.no\/blogg\/?attachment_id=5143\" class=\"wp-image-5143\" srcset=\"http:\/\/gus.no\/blogg\/wp-content\/uploads\/2021\/04\/FullSizeRender-2-3-768x1024.jpg 768w, http:\/\/gus.no\/blogg\/wp-content\/uploads\/2021\/04\/FullSizeRender-2-3-225x300.jpg 225w, http:\/\/gus.no\/blogg\/wp-content\/uploads\/2021\/04\/FullSizeRender-2-3-1200x1600.jpg 1200w, http:\/\/gus.no\/blogg\/wp-content\/uploads\/2021\/04\/FullSizeRender-2-3-1860x2480.jpg 1860w\" sizes=\"(max-width: 768px) 100vw, 768px\" \/><\/figure><\/li><li class=\"blocks-gallery-item\"><figure><img loading=\"lazy\" decoding=\"async\" width=\"768\" height=\"1024\" src=\"http:\/\/gus.no\/blogg\/wp-content\/uploads\/2021\/04\/FullSizeRender-3-1-768x1024.jpg\" alt=\"\" data-id=\"5144\" data-link=\"http:\/\/gus.no\/blogg\/?attachment_id=5144\" class=\"wp-image-5144\" srcset=\"http:\/\/gus.no\/blogg\/wp-content\/uploads\/2021\/04\/FullSizeRender-3-1-768x1024.jpg 768w, http:\/\/gus.no\/blogg\/wp-content\/uploads\/2021\/04\/FullSizeRender-3-1-225x300.jpg 225w, http:\/\/gus.no\/blogg\/wp-content\/uploads\/2021\/04\/FullSizeRender-3-1-1200x1600.jpg 1200w, http:\/\/gus.no\/blogg\/wp-content\/uploads\/2021\/04\/FullSizeRender-3-1-1860x2480.jpg 1860w\" sizes=\"(max-width: 768px) 100vw, 768px\" \/><figcaption>Middag i heimen:)<\/figcaption><\/figure><\/li><li class=\"blocks-gallery-item\"><figure><img loading=\"lazy\" decoding=\"async\" width=\"768\" height=\"1024\" src=\"http:\/\/gus.no\/blogg\/wp-content\/uploads\/2021\/04\/FullSizeRender-4-768x1024.jpg\" alt=\"\" data-id=\"5145\" data-link=\"http:\/\/gus.no\/blogg\/?attachment_id=5145\" class=\"wp-image-5145\" srcset=\"http:\/\/gus.no\/blogg\/wp-content\/uploads\/2021\/04\/FullSizeRender-4-768x1024.jpg 768w, http:\/\/gus.no\/blogg\/wp-content\/uploads\/2021\/04\/FullSizeRender-4-225x300.jpg 225w, http:\/\/gus.no\/blogg\/wp-content\/uploads\/2021\/04\/FullSizeRender-4-1200x1600.jpg 1200w, http:\/\/gus.no\/blogg\/wp-content\/uploads\/2021\/04\/FullSizeRender-4-1860x2480.jpg 1860w\" sizes=\"(max-width: 768px) 100vw, 768px\" \/><figcaption>Ut i skog og mark<\/figcaption><\/figure><\/li><li class=\"blocks-gallery-item\"><figure><img loading=\"lazy\" decoding=\"async\" width=\"768\" height=\"1024\" src=\"http:\/\/gus.no\/blogg\/wp-content\/uploads\/2021\/04\/FullSizeRender-7-768x1024.jpg\" alt=\"\" data-id=\"5146\" data-link=\"http:\/\/gus.no\/blogg\/?attachment_id=5146\" class=\"wp-image-5146\" srcset=\"http:\/\/gus.no\/blogg\/wp-content\/uploads\/2021\/04\/FullSizeRender-7-768x1024.jpg 768w, http:\/\/gus.no\/blogg\/wp-content\/uploads\/2021\/04\/FullSizeRender-7-225x300.jpg 225w, http:\/\/gus.no\/blogg\/wp-content\/uploads\/2021\/04\/FullSizeRender-7-1200x1600.jpg 1200w, http:\/\/gus.no\/blogg\/wp-content\/uploads\/2021\/04\/FullSizeRender-7-1860x2480.jpg 1860w\" sizes=\"(max-width: 768px) 100vw, 768px\" \/><figcaption>Grillings<\/figcaption><\/figure><\/li><li class=\"blocks-gallery-item\"><figure><img loading=\"lazy\" decoding=\"async\" width=\"768\" height=\"1024\" src=\"http:\/\/gus.no\/blogg\/wp-content\/uploads\/2021\/04\/IMG_2309-768x1024.jpg\" alt=\"\" data-id=\"5150\" data-link=\"http:\/\/gus.no\/blogg\/?attachment_id=5150\" class=\"wp-image-5150\" srcset=\"http:\/\/gus.no\/blogg\/wp-content\/uploads\/2021\/04\/IMG_2309-768x1024.jpg 768w, http:\/\/gus.no\/blogg\/wp-content\/uploads\/2021\/04\/IMG_2309-225x300.jpg 225w, http:\/\/gus.no\/blogg\/wp-content\/uploads\/2021\/04\/IMG_2309-1200x1600.jpg 1200w, http:\/\/gus.no\/blogg\/wp-content\/uploads\/2021\/04\/IMG_2309.jpg 1536w\" sizes=\"(max-width: 768px) 100vw, 768px\" \/><figcaption>Nydelig alts\u00e5!<\/figcaption><\/figure><\/li><li class=\"blocks-gallery-item\"><figure><img loading=\"lazy\" decoding=\"async\" width=\"768\" height=\"1024\" src=\"http:\/\/gus.no\/blogg\/wp-content\/uploads\/2021\/04\/IMG_2557-768x1024.jpg\" alt=\"\" data-id=\"5151\" data-link=\"http:\/\/gus.no\/blogg\/?attachment_id=5151\" class=\"wp-image-5151\" srcset=\"http:\/\/gus.no\/blogg\/wp-content\/uploads\/2021\/04\/IMG_2557-768x1024.jpg 768w, http:\/\/gus.no\/blogg\/wp-content\/uploads\/2021\/04\/IMG_2557-225x300.jpg 225w, http:\/\/gus.no\/blogg\/wp-content\/uploads\/2021\/04\/IMG_2557-1200x1600.jpg 1200w, http:\/\/gus.no\/blogg\/wp-content\/uploads\/2021\/04\/IMG_2557.jpg 1536w\" sizes=\"(max-width: 768px) 100vw, 768px\" \/><\/figure><\/li><li class=\"blocks-gallery-item\"><figure><img loading=\"lazy\" decoding=\"async\" width=\"768\" height=\"1024\" src=\"http:\/\/gus.no\/blogg\/wp-content\/uploads\/2021\/04\/IMG_2304-768x1024.jpg\" alt=\"\" data-id=\"5152\" data-link=\"http:\/\/gus.no\/blogg\/?attachment_id=5152\" class=\"wp-image-5152\" srcset=\"http:\/\/gus.no\/blogg\/wp-content\/uploads\/2021\/04\/IMG_2304-768x1024.jpg 768w, http:\/\/gus.no\/blogg\/wp-content\/uploads\/2021\/04\/IMG_2304-225x300.jpg 225w, http:\/\/gus.no\/blogg\/wp-content\/uploads\/2021\/04\/IMG_2304-1200x1600.jpg 1200w, http:\/\/gus.no\/blogg\/wp-content\/uploads\/2021\/04\/IMG_2304.jpg 1536w\" sizes=\"(max-width: 768px) 100vw, 768px\" \/><figcaption>V\u00f8ringsfossen<\/figcaption><\/figure><\/li><li class=\"blocks-gallery-item\"><figure><img loading=\"lazy\" decoding=\"async\" width=\"360\" height=\"480\" src=\"http:\/\/gus.no\/blogg\/wp-content\/uploads\/2021\/04\/IMG_2423-2.jpg\" alt=\"\" data-id=\"5154\" data-link=\"http:\/\/gus.no\/blogg\/?attachment_id=5154\" class=\"wp-image-5154\" srcset=\"http:\/\/gus.no\/blogg\/wp-content\/uploads\/2021\/04\/IMG_2423-2.jpg 360w, http:\/\/gus.no\/blogg\/wp-content\/uploads\/2021\/04\/IMG_2423-2-225x300.jpg 225w\" sizes=\"(max-width: 360px) 100vw, 360px\" \/><figcaption>Ingrid dypt inn i en bok (!)<\/figcaption><\/figure><\/li><\/ul>\n\n\n\n<h4 class=\"wp-block-heading\"><strong>V\u00e6r gjerne med \u00e5 be!<\/strong><\/h4>\n\n\n\n<p>V\u00e6r gjerne med \u00e5 be for oss og praksisen v\u00e5r i Odda. Be om Guds ledelse i andaktene vi skal ha, og at<em> Tweensa <\/em>og konfirmantene skal f\u00f8le seg sett og elsket av Gud. V\u00e6r gjerne ogs\u00e5 med \u00e5 be for de kristne i Odda, og at de m\u00e5 f\u00e5 t\u00e5lmodighet og styrke til det de st\u00e5r i. <\/p>\n\n\n\n<p>F\u00f8lg oss gjerne p\u00e5 instagram for flere oppdateringer: @teamodda<\/p>\n\n\n\n<p><\/p>\n\n\n\n<h2 class=\"wp-block-heading\"><strong>Bibelskole neste \u00e5r?<\/strong><\/h2>\n\n\n\n<p>Inntaket for neste skole\u00e5r er godt i gang!&nbsp;<a href=\"http:\/\/www.gus.no\/\">Sjekk ut de ulike linjene og s\u00f8k om plass i dag.<\/a><\/p>\n","protected":false},"excerpt":{"rendered":"<p>Det var mye stengt de to f\u00f8rste ukene  i Odda, p\u00e5 grunn av \u00f8kt smitte&#8230; Men den siste uken har vi virkelig f\u00e5tt komme i gang med praksisen! Til tross nedstengning merket vi helt fra starten av at vi fikk ta del i Guds familie her i Odda. <\/p>\n","protected":false},"author":44,"featured_media":5095,"comment_status":"open","ping_status":"open","sticky":false,"template":"","format":"standard","meta":{"_exactmetrics_skip_tracking":false,"_exactmetrics_sitenote_active":false,"_exactmetrics_sitenote_note":"","_exactmetrics_sitenote_category":0,"footnotes":""},"categories":[10],"tags":[],"class_list":["post-5092","post","type-post","status-publish","format-standard","has-post-thumbnail","hentry","category-faith-in-action","has-thumbnail"],"yoast_head":"<!-- This site is optimized with the Yoast SEO plugin v23.5 - https:\/\/yoast.com\/wordpress\/plugins\/seo\/ -->\n<title>V\u00e5r familie i Odda - Blogg<\/title>\n<meta name=\"robots\" content=\"index, follow, max-snippet:-1, max-image-preview:large, max-video-preview:-1\" \/>\n<link rel=\"canonical\" href=\"http:\/\/gus.no\/blogg\/var-familie-i-odda\/\" \/>\n<meta property=\"og:locale\" content=\"nb_NO\" \/>\n<meta property=\"og:type\" content=\"article\" \/>\n<meta property=\"og:title\" content=\"V\u00e5r familie i Odda - Blogg\" \/>\n<meta property=\"og:description\" content=\"Det var mye stengt de to f\u00f8rste ukene i Odda, p\u00e5 grunn av \u00f8kt smitte... Men den siste uken har vi virkelig f\u00e5tt komme i gang med praksisen! Til tross nedstengning merket vi helt fra starten av at vi fikk ta del i Guds familie her i Odda.\" \/>\n<meta property=\"og:url\" content=\"http:\/\/gus.no\/blogg\/var-familie-i-odda\/\" \/>\n<meta property=\"og:site_name\" content=\"Blogg\" \/>\n<meta property=\"article:publisher\" content=\"http:\/\/www.facebook.com\/gaautsenteret\" \/>\n<meta property=\"article:published_time\" content=\"2021-05-03T11:26:22+00:00\" \/>\n<meta property=\"article:modified_time\" content=\"2021-06-28T07:02:55+00:00\" \/>\n<meta property=\"og:image\" content=\"http:\/\/gus.no\/blogg\/wp-content\/uploads\/2021\/04\/IMG_2475-1.jpg\" \/>\n\t<meta property=\"og:image:width\" content=\"1465\" \/>\n\t<meta property=\"og:image:height\" content=\"774\" \/>\n\t<meta property=\"og:image:type\" content=\"image\/jpeg\" \/>\n<meta name=\"author\" content=\"Team Odda (Faith in Action 2020\/2021)\" \/>\n<meta name=\"twitter:card\" content=\"summary_large_image\" \/>\n<meta name=\"twitter:label1\" content=\"Skrevet av\" \/>\n\t<meta name=\"twitter:data1\" content=\"Team Odda (Faith in Action 2020\/2021)\" \/>\n\t<meta name=\"twitter:label2\" content=\"Ansl. lesetid\" \/>\n\t<meta name=\"twitter:data2\" content=\"3 minutter\" \/>\n<script type=\"application\/ld+json\" class=\"yoast-schema-graph\">{\"@context\":\"https:\/\/schema.org\",\"@graph\":[{\"@type\":\"WebPage\",\"@id\":\"http:\/\/gus.no\/blogg\/var-familie-i-odda\/\",\"url\":\"http:\/\/gus.no\/blogg\/var-familie-i-odda\/\",\"name\":\"V\u00e5r familie i Odda - Blogg\",\"isPartOf\":{\"@id\":\"https:\/\/gus.no\/blogg\/#website\"},\"primaryImageOfPage\":{\"@id\":\"http:\/\/gus.no\/blogg\/var-familie-i-odda\/#primaryimage\"},\"image\":{\"@id\":\"http:\/\/gus.no\/blogg\/var-familie-i-odda\/#primaryimage\"},\"thumbnailUrl\":\"http:\/\/gus.no\/blogg\/wp-content\/uploads\/2021\/04\/IMG_2475-1.jpg\",\"datePublished\":\"2021-05-03T11:26:22+00:00\",\"dateModified\":\"2021-06-28T07:02:55+00:00\",\"author\":{\"@id\":\"https:\/\/gus.no\/blogg\/#\/schema\/person\/f76eabdd54c470f1f3d1db7992bf8c77\"},\"breadcrumb\":{\"@id\":\"http:\/\/gus.no\/blogg\/var-familie-i-odda\/#breadcrumb\"},\"inLanguage\":\"nb-NO\",\"potentialAction\":[{\"@type\":\"ReadAction\",\"target\":[\"http:\/\/gus.no\/blogg\/var-familie-i-odda\/\"]}]},{\"@type\":\"ImageObject\",\"inLanguage\":\"nb-NO\",\"@id\":\"http:\/\/gus.no\/blogg\/var-familie-i-odda\/#primaryimage\",\"url\":\"http:\/\/gus.no\/blogg\/wp-content\/uploads\/2021\/04\/IMG_2475-1.jpg\",\"contentUrl\":\"http:\/\/gus.no\/blogg\/wp-content\/uploads\/2021\/04\/IMG_2475-1.jpg\",\"width\":1465,\"height\":774},{\"@type\":\"BreadcrumbList\",\"@id\":\"http:\/\/gus.no\/blogg\/var-familie-i-odda\/#breadcrumb\",\"itemListElement\":[{\"@type\":\"ListItem\",\"position\":1,\"name\":\"Hjem\",\"item\":\"https:\/\/gus.no\/blogg\/\"},{\"@type\":\"ListItem\",\"position\":2,\"name\":\"V\u00e5r familie i Odda\"}]},{\"@type\":\"WebSite\",\"@id\":\"https:\/\/gus.no\/blogg\/#website\",\"url\":\"https:\/\/gus.no\/blogg\/\",\"name\":\"Blogg\",\"description\":\"G\u00e5 Ut Senteret\",\"potentialAction\":[{\"@type\":\"SearchAction\",\"target\":{\"@type\":\"EntryPoint\",\"urlTemplate\":\"https:\/\/gus.no\/blogg\/?s={search_term_string}\"},\"query-input\":{\"@type\":\"PropertyValueSpecification\",\"valueRequired\":true,\"valueName\":\"search_term_string\"}}],\"inLanguage\":\"nb-NO\"},{\"@type\":\"Person\",\"@id\":\"https:\/\/gus.no\/blogg\/#\/schema\/person\/f76eabdd54c470f1f3d1db7992bf8c77\",\"name\":\"Team Odda (Faith in Action 2020\/2021)\",\"url\":\"http:\/\/gus.no\/blogg\/author\/teamodda\/\"}]}<\/script>\n<!-- \/ Yoast SEO plugin. -->","yoast_head_json":{"title":"V\u00e5r familie i Odda - Blogg","robots":{"index":"index","follow":"follow","max-snippet":"max-snippet:-1","max-image-preview":"max-image-preview:large","max-video-preview":"max-video-preview:-1"},"canonical":"http:\/\/gus.no\/blogg\/var-familie-i-odda\/","og_locale":"nb_NO","og_type":"article","og_title":"V\u00e5r familie i Odda - Blogg","og_description":"Det var mye stengt de to f\u00f8rste ukene i Odda, p\u00e5 grunn av \u00f8kt smitte... Men den siste uken har vi virkelig f\u00e5tt komme i gang med praksisen! Til tross nedstengning merket vi helt fra starten av at vi fikk ta del i Guds familie her i Odda.","og_url":"http:\/\/gus.no\/blogg\/var-familie-i-odda\/","og_site_name":"Blogg","article_publisher":"http:\/\/www.facebook.com\/gaautsenteret","article_published_time":"2021-05-03T11:26:22+00:00","article_modified_time":"2021-06-28T07:02:55+00:00","og_image":[{"width":1465,"height":774,"url":"http:\/\/gus.no\/blogg\/wp-content\/uploads\/2021\/04\/IMG_2475-1.jpg","type":"image\/jpeg"}],"author":"Team Odda (Faith in Action 2020\/2021)","twitter_card":"summary_large_image","twitter_misc":{"Skrevet av":"Team Odda (Faith in Action 2020\/2021)","Ansl. lesetid":"3 minutter"},"schema":{"@context":"https:\/\/schema.org","@graph":[{"@type":"WebPage","@id":"http:\/\/gus.no\/blogg\/var-familie-i-odda\/","url":"http:\/\/gus.no\/blogg\/var-familie-i-odda\/","name":"V\u00e5r familie i Odda - Blogg","isPartOf":{"@id":"https:\/\/gus.no\/blogg\/#website"},"primaryImageOfPage":{"@id":"http:\/\/gus.no\/blogg\/var-familie-i-odda\/#primaryimage"},"image":{"@id":"http:\/\/gus.no\/blogg\/var-familie-i-odda\/#primaryimage"},"thumbnailUrl":"http:\/\/gus.no\/blogg\/wp-content\/uploads\/2021\/04\/IMG_2475-1.jpg","datePublished":"2021-05-03T11:26:22+00:00","dateModified":"2021-06-28T07:02:55+00:00","author":{"@id":"https:\/\/gus.no\/blogg\/#\/schema\/person\/f76eabdd54c470f1f3d1db7992bf8c77"},"breadcrumb":{"@id":"http:\/\/gus.no\/blogg\/var-familie-i-odda\/#breadcrumb"},"inLanguage":"nb-NO","potentialAction":[{"@type":"ReadAction","target":["http:\/\/gus.no\/blogg\/var-familie-i-odda\/"]}]},{"@type":"ImageObject","inLanguage":"nb-NO","@id":"http:\/\/gus.no\/blogg\/var-familie-i-odda\/#primaryimage","url":"http:\/\/gus.no\/blogg\/wp-content\/uploads\/2021\/04\/IMG_2475-1.jpg","contentUrl":"http:\/\/gus.no\/blogg\/wp-content\/uploads\/2021\/04\/IMG_2475-1.jpg","width":1465,"height":774},{"@type":"BreadcrumbList","@id":"http:\/\/gus.no\/blogg\/var-familie-i-odda\/#breadcrumb","itemListElement":[{"@type":"ListItem","position":1,"name":"Hjem","item":"https:\/\/gus.no\/blogg\/"},{"@type":"ListItem","position":2,"name":"V\u00e5r familie i Odda"}]},{"@type":"WebSite","@id":"https:\/\/gus.no\/blogg\/#website","url":"https:\/\/gus.no\/blogg\/","name":"Blogg","description":"G\u00e5 Ut Senteret","potentialAction":[{"@type":"SearchAction","target":{"@type":"EntryPoint","urlTemplate":"https:\/\/gus.no\/blogg\/?s={search_term_string}"},"query-input":{"@type":"PropertyValueSpecification","valueRequired":true,"valueName":"search_term_string"}}],"inLanguage":"nb-NO"},{"@type":"Person","@id":"https:\/\/gus.no\/blogg\/#\/schema\/person\/f76eabdd54c470f1f3d1db7992bf8c77","name":"Team Odda (Faith in Action 2020\/2021)","url":"http:\/\/gus.no\/blogg\/author\/teamodda\/"}]}},"_links":{"self":[{"href":"http:\/\/gus.no\/blogg\/wp-json\/wp\/v2\/posts\/5092"}],"collection":[{"href":"http:\/\/gus.no\/blogg\/wp-json\/wp\/v2\/posts"}],"about":[{"href":"http:\/\/gus.no\/blogg\/wp-json\/wp\/v2\/types\/post"}],"author":[{"embeddable":true,"href":"http:\/\/gus.no\/blogg\/wp-json\/wp\/v2\/users\/44"}],"replies":[{"embeddable":true,"href":"http:\/\/gus.no\/blogg\/wp-json\/wp\/v2\/comments?post=5092"}],"version-history":[{"count":12,"href":"http:\/\/gus.no\/blogg\/wp-json\/wp\/v2\/posts\/5092\/revisions"}],"predecessor-version":[{"id":5174,"href":"http:\/\/gus.no\/blogg\/wp-json\/wp\/v2\/posts\/5092\/revisions\/5174"}],"wp:featuredmedia":[{"embeddable":true,"href":"http:\/\/gus.no\/blogg\/wp-json\/wp\/v2\/media\/5095"}],"wp:attachment":[{"href":"http:\/\/gus.no\/blogg\/wp-json\/wp\/v2\/media?parent=5092"}],"wp:term":[{"taxonomy":"category","embeddable":true,"href":"http:\/\/gus.no\/blogg\/wp-json\/wp\/v2\/categories?post=5092"},{"taxonomy":"post_tag","embeddable":true,"href":"http:\/\/gus.no\/blogg\/wp-json\/wp\/v2\/tags?post=5092"}],"curies":[{"name":"wp","href":"https:\/\/api.w.org\/{rel}","templated":true}]}}