{"id":5189,"date":"2021-05-11T11:45:51","date_gmt":"2021-05-11T09:45:51","guid":{"rendered":"http:\/\/gus.no\/blogg\/?p=5189"},"modified":"2021-06-28T09:02:48","modified_gmt":"2021-06-28T07:02:48","slug":"fjell-fjord-og-fine-folk","status":"publish","type":"post","link":"http:\/\/gus.no\/blogg\/fjell-fjord-og-fine-folk\/","title":{"rendered":"Fjell, fjord og fine folk"},"content":{"rendered":"\n<h4 class=\"wp-block-heading\"><strong>Spenstig hverdag<\/strong><\/h4>\n\n\n\n<p>Den eneste faste rutinen vi har hver dag, er frokosten som starter kl. 08:30. Vel, den skal egentlig det, men kl. 08:30 kan man se Dorte som fikser seg en eller annen fancy, fargerik frokost, Siren r\u00f8re i gr\u00f8ten mellom hver gang hun g\u00e5r inn og ut av badet, Caroline som forbereder en dose D-vitamin til hele teamet, Emma som stirrer ut i lufta med forh\u00e5pning \u00e5 bli sulten en dag og Vilde som venter ut\u00e5lmodig ved spisebordet p\u00e5 resten av gjengen. Deretter har vi som regel et eller annet spennende opplegg i vente. Vi har nemlig mange baller i lufta og tre kirkesogn vi sjonglerer mellom.<\/p>\n\n\n\n<p>Tirsdagsklubb (s\u00f8ndagsskole p\u00e5 tirsdager), konfirmantundervisning og Carolines barnehage-jobb er gjengangere. Utenom dette har vi v\u00e6rt med p\u00e5 gudstjeneste i eldrebolig, opplegg for psykisk utviklingshemmede, babysang, barnegospel, salmekveld, sosial-kveld for konfirmantene og h\u00f8ymesse. Og enda flere spennende ting venter oss p\u00e5 programmet de siste dagene.&nbsp;<\/p>\n\n\n\n<figure class=\"wp-block-image\"><img loading=\"lazy\" decoding=\"async\" width=\"1024\" height=\"683\" src=\"http:\/\/gus.no\/blogg\/wp-content\/uploads\/2021\/05\/Samekveld-r2-1-of-1-1024x683.jpg\" alt=\"\" class=\"wp-image-5216\" srcset=\"http:\/\/gus.no\/blogg\/wp-content\/uploads\/2021\/05\/Samekveld-r2-1-of-1-1024x683.jpg 1024w, http:\/\/gus.no\/blogg\/wp-content\/uploads\/2021\/05\/Samekveld-r2-1-of-1-300x200.jpg 300w, http:\/\/gus.no\/blogg\/wp-content\/uploads\/2021\/05\/Samekveld-r2-1-of-1-768x512.jpg 768w, http:\/\/gus.no\/blogg\/wp-content\/uploads\/2021\/05\/Samekveld-r2-1-of-1-1200x800.jpg 1200w, http:\/\/gus.no\/blogg\/wp-content\/uploads\/2021\/05\/Samekveld-r2-1-of-1-1860x1240.jpg 1860w\" sizes=\"(max-width: 1024px) 100vw, 1024px\" \/><figcaption>Salmekveld i Skjerv\u00f8y kirke:<\/figcaption><\/figure>\n\n\n\n<ul class=\"wp-block-gallery columns-2 is-cropped wp-block-gallery-1 is-layout-flex wp-block-gallery-is-layout-flex\"><li class=\"blocks-gallery-item\"><figure><img loading=\"lazy\" decoding=\"async\" width=\"1024\" height=\"683\" src=\"http:\/\/gus.no\/blogg\/wp-content\/uploads\/2021\/05\/Salmekveld4-5-of-15-1024x683.jpg\" alt=\"\" data-id=\"5205\" data-link=\"http:\/\/gus.no\/blogg\/?attachment_id=5205\" class=\"wp-image-5205\" srcset=\"http:\/\/gus.no\/blogg\/wp-content\/uploads\/2021\/05\/Salmekveld4-5-of-15-1024x683.jpg 1024w, http:\/\/gus.no\/blogg\/wp-content\/uploads\/2021\/05\/Salmekveld4-5-of-15-300x200.jpg 300w, http:\/\/gus.no\/blogg\/wp-content\/uploads\/2021\/05\/Salmekveld4-5-of-15-768x512.jpg 768w, http:\/\/gus.no\/blogg\/wp-content\/uploads\/2021\/05\/Salmekveld4-5-of-15-1200x800.jpg 1200w, http:\/\/gus.no\/blogg\/wp-content\/uploads\/2021\/05\/Salmekveld4-5-of-15-1860x1240.jpg 1860w\" sizes=\"(max-width: 1024px) 100vw, 1024px\" \/><\/figure><\/li><li class=\"blocks-gallery-item\"><figure><img loading=\"lazy\" decoding=\"async\" width=\"1024\" height=\"683\" src=\"http:\/\/gus.no\/blogg\/wp-content\/uploads\/2021\/05\/Salmekveld-red2-1-of-1-1024x683.jpg\" alt=\"\" data-id=\"5220\" data-link=\"http:\/\/gus.no\/blogg\/?attachment_id=5220\" class=\"wp-image-5220\" srcset=\"http:\/\/gus.no\/blogg\/wp-content\/uploads\/2021\/05\/Salmekveld-red2-1-of-1-1024x683.jpg 1024w, http:\/\/gus.no\/blogg\/wp-content\/uploads\/2021\/05\/Salmekveld-red2-1-of-1-300x200.jpg 300w, http:\/\/gus.no\/blogg\/wp-content\/uploads\/2021\/05\/Salmekveld-red2-1-of-1-768x512.jpg 768w, http:\/\/gus.no\/blogg\/wp-content\/uploads\/2021\/05\/Salmekveld-red2-1-of-1-1200x800.jpg 1200w, http:\/\/gus.no\/blogg\/wp-content\/uploads\/2021\/05\/Salmekveld-red2-1-of-1-1860x1240.jpg 1860w\" sizes=\"(max-width: 1024px) 100vw, 1024px\" \/><\/figure><\/li><\/ul>\n\n\n\n<p>Vi er veldig takknemlige for at vi f\u00e5r v\u00e6re med p\u00e5 s\u00e5 mye variert arbeid, og ikke minst for tilliten vi f\u00e5r av menighetene. Siden vi kom har vi stort sett f\u00e5tt frie t\u00f8yler til \u00e5 utforme innholdet i det vi er med p\u00e5. Ansvaret vi blir gitt, gj\u00f8r at vi f\u00e5r strekke oss, og mestrer ting vi nok ikke hadde forventet. Blant annet har de p\u00e5 teamet som n\u00e6rmest har v\u00e6rt redd barn, n\u00e5 holdt flere s\u00f8ndagsskoleopplegg med glans! Vi har nok alle sammen m\u00e5ttet g\u00e5 litt ut av komfortsonen, men det har v\u00e6rt mye lettere n\u00e5r man har et s\u00e5 bra team i ryggen.<\/p>\n\n\n\n<h4 class=\"wp-block-heading\"><strong>Varm kultur<\/strong> <strong>i et kaldt klima<\/strong><\/h4>\n\n\n\n<p>Vi har f\u00e5tt mange spennende oppdrag, men de m\u00f8tene vi har med menneskene her er noe av det mest verdifulle vi sitter igjen med til n\u00e5. Vi er utrolig takknemlig for at folk i kirkene har tatt s\u00e5 varmt imot oss og invitert oss inn i livene sine. Det har blitt mange gode samtaler om liv og tro, b\u00e5de med folk fra menighetene, med konfirmantene, og mennesker vi m\u00f8ter ellers i praksis. S\u00e5 har det jo ogs\u00e5 v\u00e6rt mange m\u00f8ter etter \u201carbeidstiden\u201d. Forrige uke var det for eksempel kolonnekj\u00f8ring rett utenfor huset v\u00e5rt, s\u00e5 vi bestemte oss for \u00e5 dele ut gratis vafler til bilene som sto i k\u00f8. Som f\u00f8lge av dette, kom vi i kontakt med mange hyggelige mennesker, og ble blant annet venn med en trailersj\u00e5f\u00f8r\/reindriftssame som sa han kunne selge reinskinn til oss neste gang han kj\u00f8rer forbi:)<\/p>\n\n\n\n<figure class=\"wp-block-image\"><img loading=\"lazy\" decoding=\"async\" width=\"1024\" height=\"690\" src=\"http:\/\/gus.no\/blogg\/wp-content\/uploads\/2021\/05\/Vaffelbilde-red2-5-of-1-1024x690.jpg\" alt=\"\" class=\"wp-image-5286\" srcset=\"http:\/\/gus.no\/blogg\/wp-content\/uploads\/2021\/05\/Vaffelbilde-red2-5-of-1-1024x690.jpg 1024w, http:\/\/gus.no\/blogg\/wp-content\/uploads\/2021\/05\/Vaffelbilde-red2-5-of-1-300x202.jpg 300w, http:\/\/gus.no\/blogg\/wp-content\/uploads\/2021\/05\/Vaffelbilde-red2-5-of-1-768x518.jpg 768w, http:\/\/gus.no\/blogg\/wp-content\/uploads\/2021\/05\/Vaffelbilde-red2-5-of-1-1200x809.jpg 1200w, http:\/\/gus.no\/blogg\/wp-content\/uploads\/2021\/05\/Vaffelbilde-red2-5-of-1-1860x1254.jpg 1860w\" sizes=\"(max-width: 1024px) 100vw, 1024px\" \/><\/figure>\n\n\n\n<h4 class=\"wp-block-heading\"><strong>Det skjer kule ting p\u00e5 fritida \u00f2g!<\/strong><\/h4>\n\n\n\n<p>Selv om det er mye praksisopplegg som fyller timeplanen, har vi ogs\u00e5 f\u00e5tt presset inn noen turer. Det dunster som regel alltid b\u00e5llukt fra yttert\u00f8yet i gangen og kamerarullene v\u00e5re er stappfulle av fjell, fjord og fine folk. Vi har blant annet grilla p\u00f8lser foran de ber\u00f8mte Lyngsalpan (eller Freiafjella som alle andre enn Vilde liker \u00e5 si), f\u00e5tt guiding i turomr\u00e5der p\u00e5 Skjerv\u00f8y av en tidligere befal #magnarstropp, v\u00e6rt p\u00e5 topptur og hyttetur, f\u00e5tt oppl\u00e6ring i g\u00e5rdsdrift av mentoren v\u00e5r, bes\u00f8kt Vilde sitt barndomshjem i Lyngen og st\u00e5tt mer p\u00e5 ski enn noen sinne! (bortsett fra Dorte, for skal litt til \u00e5 sl\u00e5 hennes rekord). S\u00e5 m\u00e5 vi jo ogs\u00e5 nevne de trivelige bes\u00f8kene vi har f\u00e5tt av Alta-teamet og Troms\u00f8-teamet&lt;3<\/p>\n\n\n\n<ul class=\"wp-block-gallery columns-2 is-cropped wp-block-gallery-2 is-layout-flex wp-block-gallery-is-layout-flex\"><li class=\"blocks-gallery-item\"><figure><img loading=\"lazy\" decoding=\"async\" width=\"1024\" height=\"768\" src=\"http:\/\/gus.no\/blogg\/wp-content\/uploads\/2021\/05\/B\u00e5ltur2-1024x768.jpg\" alt=\"\" data-id=\"5277\" data-link=\"http:\/\/gus.no\/blogg\/?attachment_id=5277\" class=\"wp-image-5277\" srcset=\"http:\/\/gus.no\/blogg\/wp-content\/uploads\/2021\/05\/B\u00e5ltur2-1024x768.jpg 1024w, http:\/\/gus.no\/blogg\/wp-content\/uploads\/2021\/05\/B\u00e5ltur2-300x225.jpg 300w, http:\/\/gus.no\/blogg\/wp-content\/uploads\/2021\/05\/B\u00e5ltur2-768x576.jpg 768w, http:\/\/gus.no\/blogg\/wp-content\/uploads\/2021\/05\/B\u00e5ltur2-1200x900.jpg 1200w, http:\/\/gus.no\/blogg\/wp-content\/uploads\/2021\/05\/B\u00e5ltur2-1860x1395.jpg 1860w\" sizes=\"(max-width: 1024px) 100vw, 1024px\" \/><\/figure><\/li><li class=\"blocks-gallery-item\"><figure><img loading=\"lazy\" decoding=\"async\" width=\"1024\" height=\"683\" src=\"http:\/\/gus.no\/blogg\/wp-content\/uploads\/2021\/05\/Troms\u00f8visit-red2-1-of-1-2-1024x683.jpg\" alt=\"\" data-id=\"5278\" data-link=\"http:\/\/gus.no\/blogg\/?attachment_id=5278\" class=\"wp-image-5278\" srcset=\"http:\/\/gus.no\/blogg\/wp-content\/uploads\/2021\/05\/Troms\u00f8visit-red2-1-of-1-2-1024x683.jpg 1024w, http:\/\/gus.no\/blogg\/wp-content\/uploads\/2021\/05\/Troms\u00f8visit-red2-1-of-1-2-300x200.jpg 300w, http:\/\/gus.no\/blogg\/wp-content\/uploads\/2021\/05\/Troms\u00f8visit-red2-1-of-1-2-768x512.jpg 768w, http:\/\/gus.no\/blogg\/wp-content\/uploads\/2021\/05\/Troms\u00f8visit-red2-1-of-1-2-1200x800.jpg 1200w, http:\/\/gus.no\/blogg\/wp-content\/uploads\/2021\/05\/Troms\u00f8visit-red2-1-of-1-2-1860x1240.jpg 1860w\" sizes=\"(max-width: 1024px) 100vw, 1024px\" \/><\/figure><\/li><li class=\"blocks-gallery-item\"><figure><img loading=\"lazy\" decoding=\"async\" width=\"749\" height=\"1024\" src=\"http:\/\/gus.no\/blogg\/wp-content\/uploads\/2021\/05\/FullSizeRender-2-749x1024.jpg\" alt=\"\" data-id=\"5290\" data-link=\"http:\/\/gus.no\/blogg\/?attachment_id=5290\" class=\"wp-image-5290\" srcset=\"http:\/\/gus.no\/blogg\/wp-content\/uploads\/2021\/05\/FullSizeRender-2-749x1024.jpg 749w, http:\/\/gus.no\/blogg\/wp-content\/uploads\/2021\/05\/FullSizeRender-2-220x300.jpg 220w, http:\/\/gus.no\/blogg\/wp-content\/uploads\/2021\/05\/FullSizeRender-2-768x1050.jpg 768w, http:\/\/gus.no\/blogg\/wp-content\/uploads\/2021\/05\/FullSizeRender-2-1200x1640.jpg 1200w, http:\/\/gus.no\/blogg\/wp-content\/uploads\/2021\/05\/FullSizeRender-2-1860x2542.jpg 1860w\" sizes=\"(max-width: 749px) 100vw, 749px\" \/><\/figure><\/li><li class=\"blocks-gallery-item\"><figure><img loading=\"lazy\" decoding=\"async\" width=\"768\" height=\"1024\" src=\"http:\/\/gus.no\/blogg\/wp-content\/uploads\/2021\/05\/Topptur-3-768x1024.jpg\" alt=\"\" data-id=\"5291\" data-link=\"http:\/\/gus.no\/blogg\/?attachment_id=5291\" class=\"wp-image-5291\" srcset=\"http:\/\/gus.no\/blogg\/wp-content\/uploads\/2021\/05\/Topptur-3-768x1024.jpg 768w, http:\/\/gus.no\/blogg\/wp-content\/uploads\/2021\/05\/Topptur-3-225x300.jpg 225w, http:\/\/gus.no\/blogg\/wp-content\/uploads\/2021\/05\/Topptur-3-1200x1600.jpg 1200w, http:\/\/gus.no\/blogg\/wp-content\/uploads\/2021\/05\/Topptur-3-1860x2480.jpg 1860w\" sizes=\"(max-width: 768px) 100vw, 768px\" \/><\/figure><\/li><\/ul>\n\n\n\n<h4 class=\"wp-block-heading\"><strong>S\u00e5 takknemlig at det nesten blir klisj\u00e9<\/strong><\/h4>\n\n\n\n<p>Den store, r\u00f8de tr\u00e5den gjennom hele oppholdet v\u00e5rt har v\u00e6rt Guds ledelse og b\u00f8nnesvar.&nbsp; Det er tydelig at Han har tilrettelagt mye for oss, og v\u00e6rt med i b\u00e5de m\u00f8ter med mennesker og utfordringer. For oss har det betydd mye \u00e5 f\u00e5 lov til \u00e5 velsigne de vi m\u00f8ter og merke takknemligheten vi blir m\u00f8tt med. Til gjengjeld har ogs\u00e5 de velsignet oss rikelig tilbake.&nbsp;Kort sagt har vi mye \u00e5 v\u00e6re takknemlig for!<\/p>\n\n\n\n<figure class=\"wp-block-image\"><img loading=\"lazy\" decoding=\"async\" width=\"1024\" height=\"659\" src=\"http:\/\/gus.no\/blogg\/wp-content\/uploads\/2021\/05\/Terassebilde-red2-1-of-1-1024x659.jpg\" alt=\"\" class=\"wp-image-5221\" srcset=\"http:\/\/gus.no\/blogg\/wp-content\/uploads\/2021\/05\/Terassebilde-red2-1-of-1-1024x659.jpg 1024w, http:\/\/gus.no\/blogg\/wp-content\/uploads\/2021\/05\/Terassebilde-red2-1-of-1-300x193.jpg 300w, http:\/\/gus.no\/blogg\/wp-content\/uploads\/2021\/05\/Terassebilde-red2-1-of-1-768x494.jpg 768w, http:\/\/gus.no\/blogg\/wp-content\/uploads\/2021\/05\/Terassebilde-red2-1-of-1-1200x772.jpg 1200w, http:\/\/gus.no\/blogg\/wp-content\/uploads\/2021\/05\/Terassebilde-red2-1-of-1-1860x1197.jpg 1860w\" sizes=\"(max-width: 1024px) 100vw, 1024px\" \/><\/figure>\n\n\n\n<h4 class=\"wp-block-heading\"><strong>Gjerne be for oss!<\/strong><\/h4>\n\n\n\n<ul class=\"wp-block-list\"><li>For at de siste dagene skal bli meningsfulle<\/li><li>For menighetene i Nordreisa, K\u00e5fjord og p\u00e5 Skjerv\u00f8y<\/li><li>For at det vi har s\u00e5dd her skal vokse og b\u00e6re frukt<\/li><\/ul>\n\n\n\n<h2 class=\"wp-block-heading\"><strong>Bibelskole neste \u00e5r?<\/strong><\/h2>\n\n\n\n<p>Inntaket for neste skole\u00e5r er godt i gang!&nbsp;<a href=\"http:\/\/www.gus.no\/\">Sjekk ut de ulike linjene og s\u00f8k om plass i dag.<\/a><\/p>\n","protected":false},"excerpt":{"rendered":"<p>5 uker med praksis i Den norske kirke i Nord-Troms har passert &#8211; og for noen uker det har v\u00e6rt! Hver dag har bydd p\u00e5 kule utfordringer, spennende kulturm\u00f8ter, vakre omgivelser og tid med varme og gjestfrie mennesker.<\/p>\n","protected":false},"author":39,"featured_media":5266,"comment_status":"open","ping_status":"open","sticky":false,"template":"","format":"standard","meta":{"_exactmetrics_skip_tracking":false,"_exactmetrics_sitenote_active":false,"_exactmetrics_sitenote_note":"","_exactmetrics_sitenote_category":0,"footnotes":""},"categories":[10],"tags":[],"class_list":["post-5189","post","type-post","status-publish","format-standard","has-post-thumbnail","hentry","category-faith-in-action","has-thumbnail"],"yoast_head":"<!-- This site is optimized with the Yoast SEO plugin v23.5 - https:\/\/yoast.com\/wordpress\/plugins\/seo\/ -->\n<title>Fjell, fjord og fine folk - Blogg<\/title>\n<meta name=\"robots\" content=\"index, follow, max-snippet:-1, max-image-preview:large, max-video-preview:-1\" \/>\n<link rel=\"canonical\" href=\"http:\/\/gus.no\/blogg\/fjell-fjord-og-fine-folk\/\" \/>\n<meta property=\"og:locale\" content=\"nb_NO\" \/>\n<meta property=\"og:type\" content=\"article\" \/>\n<meta property=\"og:title\" content=\"Fjell, fjord og fine folk - Blogg\" \/>\n<meta property=\"og:description\" content=\"5 uker med praksis i Den norske kirke i Nord-Troms har passert - og for noen uker det har v\u00e6rt! Hver dag har bydd p\u00e5 kule utfordringer, spennende kulturm\u00f8ter, vakre omgivelser og tid med varme og gjestfrie mennesker.\" \/>\n<meta property=\"og:url\" content=\"http:\/\/gus.no\/blogg\/fjell-fjord-og-fine-folk\/\" \/>\n<meta property=\"og:site_name\" content=\"Blogg\" \/>\n<meta property=\"article:publisher\" content=\"http:\/\/www.facebook.com\/gaautsenteret\" \/>\n<meta property=\"article:published_time\" content=\"2021-05-11T09:45:51+00:00\" \/>\n<meta property=\"article:modified_time\" content=\"2021-06-28T07:02:48+00:00\" \/>\n<meta property=\"og:image\" content=\"http:\/\/gus.no\/blogg\/wp-content\/uploads\/2021\/05\/Freiabilde-red2-2-of-1-1024x683.jpg\" \/>\n\t<meta property=\"og:image:width\" content=\"1024\" \/>\n\t<meta property=\"og:image:height\" content=\"683\" \/>\n\t<meta property=\"og:image:type\" content=\"image\/jpeg\" \/>\n<meta name=\"author\" content=\"(Faith in Action 2020\/2021)\" \/>\n<meta name=\"twitter:card\" content=\"summary_large_image\" \/>\n<meta name=\"twitter:label1\" content=\"Skrevet av\" \/>\n\t<meta name=\"twitter:data1\" content=\"(Faith in Action 2020\/2021)\" \/>\n\t<meta name=\"twitter:label2\" content=\"Ansl. lesetid\" \/>\n\t<meta name=\"twitter:data2\" content=\"4 minutter\" \/>\n<script type=\"application\/ld+json\" class=\"yoast-schema-graph\">{\"@context\":\"https:\/\/schema.org\",\"@graph\":[{\"@type\":\"WebPage\",\"@id\":\"http:\/\/gus.no\/blogg\/fjell-fjord-og-fine-folk\/\",\"url\":\"http:\/\/gus.no\/blogg\/fjell-fjord-og-fine-folk\/\",\"name\":\"Fjell, fjord og fine folk - Blogg\",\"isPartOf\":{\"@id\":\"https:\/\/gus.no\/blogg\/#website\"},\"primaryImageOfPage\":{\"@id\":\"http:\/\/gus.no\/blogg\/fjell-fjord-og-fine-folk\/#primaryimage\"},\"image\":{\"@id\":\"http:\/\/gus.no\/blogg\/fjell-fjord-og-fine-folk\/#primaryimage\"},\"thumbnailUrl\":\"http:\/\/gus.no\/blogg\/wp-content\/uploads\/2021\/05\/Freiabilde-red2-2-of-1.jpg\",\"datePublished\":\"2021-05-11T09:45:51+00:00\",\"dateModified\":\"2021-06-28T07:02:48+00:00\",\"author\":{\"@id\":\"https:\/\/gus.no\/blogg\/#\/schema\/person\/307f192e5603a1d8508f7906f8ddcf90\"},\"breadcrumb\":{\"@id\":\"http:\/\/gus.no\/blogg\/fjell-fjord-og-fine-folk\/#breadcrumb\"},\"inLanguage\":\"nb-NO\",\"potentialAction\":[{\"@type\":\"ReadAction\",\"target\":[\"http:\/\/gus.no\/blogg\/fjell-fjord-og-fine-folk\/\"]}]},{\"@type\":\"ImageObject\",\"inLanguage\":\"nb-NO\",\"@id\":\"http:\/\/gus.no\/blogg\/fjell-fjord-og-fine-folk\/#primaryimage\",\"url\":\"http:\/\/gus.no\/blogg\/wp-content\/uploads\/2021\/05\/Freiabilde-red2-2-of-1.jpg\",\"contentUrl\":\"http:\/\/gus.no\/blogg\/wp-content\/uploads\/2021\/05\/Freiabilde-red2-2-of-1.jpg\",\"width\":5227,\"height\":3485},{\"@type\":\"BreadcrumbList\",\"@id\":\"http:\/\/gus.no\/blogg\/fjell-fjord-og-fine-folk\/#breadcrumb\",\"itemListElement\":[{\"@type\":\"ListItem\",\"position\":1,\"name\":\"Hjem\",\"item\":\"https:\/\/gus.no\/blogg\/\"},{\"@type\":\"ListItem\",\"position\":2,\"name\":\"Fjell, fjord og fine folk\"}]},{\"@type\":\"WebSite\",\"@id\":\"https:\/\/gus.no\/blogg\/#website\",\"url\":\"https:\/\/gus.no\/blogg\/\",\"name\":\"Blogg\",\"description\":\"G\u00e5 Ut Senteret\",\"potentialAction\":[{\"@type\":\"SearchAction\",\"target\":{\"@type\":\"EntryPoint\",\"urlTemplate\":\"https:\/\/gus.no\/blogg\/?s={search_term_string}\"},\"query-input\":{\"@type\":\"PropertyValueSpecification\",\"valueRequired\":true,\"valueName\":\"search_term_string\"}}],\"inLanguage\":\"nb-NO\"},{\"@type\":\"Person\",\"@id\":\"https:\/\/gus.no\/blogg\/#\/schema\/person\/307f192e5603a1d8508f7906f8ddcf90\",\"name\":\"(Faith in Action 2020\/2021)\",\"url\":\"http:\/\/gus.no\/blogg\/author\/teamnord-troms\/\"}]}<\/script>\n<!-- \/ Yoast SEO plugin. -->","yoast_head_json":{"title":"Fjell, fjord og fine folk - Blogg","robots":{"index":"index","follow":"follow","max-snippet":"max-snippet:-1","max-image-preview":"max-image-preview:large","max-video-preview":"max-video-preview:-1"},"canonical":"http:\/\/gus.no\/blogg\/fjell-fjord-og-fine-folk\/","og_locale":"nb_NO","og_type":"article","og_title":"Fjell, fjord og fine folk - Blogg","og_description":"5 uker med praksis i Den norske kirke i Nord-Troms har passert - og for noen uker det har v\u00e6rt! Hver dag har bydd p\u00e5 kule utfordringer, spennende kulturm\u00f8ter, vakre omgivelser og tid med varme og gjestfrie mennesker.","og_url":"http:\/\/gus.no\/blogg\/fjell-fjord-og-fine-folk\/","og_site_name":"Blogg","article_publisher":"http:\/\/www.facebook.com\/gaautsenteret","article_published_time":"2021-05-11T09:45:51+00:00","article_modified_time":"2021-06-28T07:02:48+00:00","og_image":[{"width":1024,"height":683,"url":"http:\/\/gus.no\/blogg\/wp-content\/uploads\/2021\/05\/Freiabilde-red2-2-of-1-1024x683.jpg","type":"image\/jpeg"}],"author":"(Faith in Action 2020\/2021)","twitter_card":"summary_large_image","twitter_misc":{"Skrevet av":"(Faith in Action 2020\/2021)","Ansl. lesetid":"4 minutter"},"schema":{"@context":"https:\/\/schema.org","@graph":[{"@type":"WebPage","@id":"http:\/\/gus.no\/blogg\/fjell-fjord-og-fine-folk\/","url":"http:\/\/gus.no\/blogg\/fjell-fjord-og-fine-folk\/","name":"Fjell, fjord og fine folk - Blogg","isPartOf":{"@id":"https:\/\/gus.no\/blogg\/#website"},"primaryImageOfPage":{"@id":"http:\/\/gus.no\/blogg\/fjell-fjord-og-fine-folk\/#primaryimage"},"image":{"@id":"http:\/\/gus.no\/blogg\/fjell-fjord-og-fine-folk\/#primaryimage"},"thumbnailUrl":"http:\/\/gus.no\/blogg\/wp-content\/uploads\/2021\/05\/Freiabilde-red2-2-of-1.jpg","datePublished":"2021-05-11T09:45:51+00:00","dateModified":"2021-06-28T07:02:48+00:00","author":{"@id":"https:\/\/gus.no\/blogg\/#\/schema\/person\/307f192e5603a1d8508f7906f8ddcf90"},"breadcrumb":{"@id":"http:\/\/gus.no\/blogg\/fjell-fjord-og-fine-folk\/#breadcrumb"},"inLanguage":"nb-NO","potentialAction":[{"@type":"ReadAction","target":["http:\/\/gus.no\/blogg\/fjell-fjord-og-fine-folk\/"]}]},{"@type":"ImageObject","inLanguage":"nb-NO","@id":"http:\/\/gus.no\/blogg\/fjell-fjord-og-fine-folk\/#primaryimage","url":"http:\/\/gus.no\/blogg\/wp-content\/uploads\/2021\/05\/Freiabilde-red2-2-of-1.jpg","contentUrl":"http:\/\/gus.no\/blogg\/wp-content\/uploads\/2021\/05\/Freiabilde-red2-2-of-1.jpg","width":5227,"height":3485},{"@type":"BreadcrumbList","@id":"http:\/\/gus.no\/blogg\/fjell-fjord-og-fine-folk\/#breadcrumb","itemListElement":[{"@type":"ListItem","position":1,"name":"Hjem","item":"https:\/\/gus.no\/blogg\/"},{"@type":"ListItem","position":2,"name":"Fjell, fjord og fine folk"}]},{"@type":"WebSite","@id":"https:\/\/gus.no\/blogg\/#website","url":"https:\/\/gus.no\/blogg\/","name":"Blogg","description":"G\u00e5 Ut Senteret","potentialAction":[{"@type":"SearchAction","target":{"@type":"EntryPoint","urlTemplate":"https:\/\/gus.no\/blogg\/?s={search_term_string}"},"query-input":{"@type":"PropertyValueSpecification","valueRequired":true,"valueName":"search_term_string"}}],"inLanguage":"nb-NO"},{"@type":"Person","@id":"https:\/\/gus.no\/blogg\/#\/schema\/person\/307f192e5603a1d8508f7906f8ddcf90","name":"(Faith in Action 2020\/2021)","url":"http:\/\/gus.no\/blogg\/author\/teamnord-troms\/"}]}},"_links":{"self":[{"href":"http:\/\/gus.no\/blogg\/wp-json\/wp\/v2\/posts\/5189"}],"collection":[{"href":"http:\/\/gus.no\/blogg\/wp-json\/wp\/v2\/posts"}],"about":[{"href":"http:\/\/gus.no\/blogg\/wp-json\/wp\/v2\/types\/post"}],"author":[{"embeddable":true,"href":"http:\/\/gus.no\/blogg\/wp-json\/wp\/v2\/users\/39"}],"replies":[{"embeddable":true,"href":"http:\/\/gus.no\/blogg\/wp-json\/wp\/v2\/comments?post=5189"}],"version-history":[{"count":16,"href":"http:\/\/gus.no\/blogg\/wp-json\/wp\/v2\/posts\/5189\/revisions"}],"predecessor-version":[{"id":5308,"href":"http:\/\/gus.no\/blogg\/wp-json\/wp\/v2\/posts\/5189\/revisions\/5308"}],"wp:featuredmedia":[{"embeddable":true,"href":"http:\/\/gus.no\/blogg\/wp-json\/wp\/v2\/media\/5266"}],"wp:attachment":[{"href":"http:\/\/gus.no\/blogg\/wp-json\/wp\/v2\/media?parent=5189"}],"wp:term":[{"taxonomy":"category","embeddable":true,"href":"http:\/\/gus.no\/blogg\/wp-json\/wp\/v2\/categories?post=5189"},{"taxonomy":"post_tag","embeddable":true,"href":"http:\/\/gus.no\/blogg\/wp-json\/wp\/v2\/tags?post=5189"}],"curies":[{"name":"wp","href":"https:\/\/api.w.org\/{rel}","templated":true}]}}