{"id":568,"date":"2017-11-06T02:39:42","date_gmt":"2017-11-06T01:39:42","guid":{"rendered":"http:\/\/gus.no\/blogg\/?p=568"},"modified":"2017-11-09T23:05:22","modified_gmt":"2017-11-09T22:05:22","slug":"vi-bor-i-paraguay","status":"publish","type":"post","link":"http:\/\/gus.no\/blogg\/vi-bor-i-paraguay\/","title":{"rendered":"Vi BOR i Paraguay!"},"content":{"rendered":"<p><em>Hola!<\/em> fra Paraguay! Vi har n\u00e5 bodd ei uke i Paraguay og vi stortrives! Vi har m\u00f8tt mange ulike mennesker, f\u00e5tt et innblikk i kulturen og samfunnet her, og f\u00e5tt kjent litt kirkelivet her i S\u00f8r Amerika.<\/p>\n<h4><strong>Gresset er alltid gr\u00f8nnere p\u00e5 den andre siden..\u00a0<\/strong><\/h4>\n<p>og det er det virkelig her! Vi bor i en veldig frodig del av Paraguay og det yrer av liv over alt! Paraguay har skikkelig fin natur med mye gr\u00f8nne tr\u00e6r og blomster i kontrast til den r\u00f8de bakken. Atyr\u00e1 er helt nydelig og vi gleder oss til \u00e5 bo her de neste m\u00e5nedene.<\/p>\n<div id='gallery-1' class='gallery galleryid-568 gallery-columns-1 gallery-size-full'><figure class='gallery-item'>\n\t\t\t<div class='gallery-icon landscape'>\n\t\t\t\t<img loading=\"lazy\" decoding=\"async\" width=\"6000\" height=\"4000\" src=\"http:\/\/gus.no\/blogg\/wp-content\/uploads\/2017\/11\/fullsizeoutput_498.jpeg\" class=\"attachment-full size-full\" alt=\"\" srcset=\"http:\/\/gus.no\/blogg\/wp-content\/uploads\/2017\/11\/fullsizeoutput_498.jpeg 6000w, http:\/\/gus.no\/blogg\/wp-content\/uploads\/2017\/11\/fullsizeoutput_498-300x200.jpeg 300w, http:\/\/gus.no\/blogg\/wp-content\/uploads\/2017\/11\/fullsizeoutput_498-768x512.jpeg 768w, http:\/\/gus.no\/blogg\/wp-content\/uploads\/2017\/11\/fullsizeoutput_498-1024x683.jpeg 1024w, http:\/\/gus.no\/blogg\/wp-content\/uploads\/2017\/11\/fullsizeoutput_498-1200x800.jpeg 1200w, http:\/\/gus.no\/blogg\/wp-content\/uploads\/2017\/11\/fullsizeoutput_498-1860x1240.jpeg 1860w\" sizes=\"(max-width: 6000px) 100vw, 6000px\" \/>\n\t\t\t<\/div><\/figure>\n\t\t<\/div>\n\n<p>En annen ting vi har forelsket oss i, i alle fall team-medlemmet med st\u00f8rst sovehjerte, er siesta! Det er en periode midt p\u00e5 dagen da man kan sove. Utrolig digg! Det tar p\u00e5 \u00e5 flytte til en ny kultur, det \u00e5 v\u00e6re rundt nye mennesker og et nytt spr\u00e5k, s\u00e5 denne perioden nytes for \u00e5 si det s\u00e5nn!<\/p>\n<div id='gallery-2' class='gallery galleryid-568 gallery-columns-1 gallery-size-full'><figure class='gallery-item'>\n\t\t\t<div class='gallery-icon landscape'>\n\t\t\t\t<a href='http:\/\/gus.no\/blogg\/vi-bor-i-paraguay\/fullsizeoutput_495\/'><img loading=\"lazy\" decoding=\"async\" width=\"4032\" height=\"3024\" src=\"http:\/\/gus.no\/blogg\/wp-content\/uploads\/2017\/11\/fullsizeoutput_495.jpeg\" class=\"attachment-full size-full\" alt=\"\" aria-describedby=\"gallery-2-628\" srcset=\"http:\/\/gus.no\/blogg\/wp-content\/uploads\/2017\/11\/fullsizeoutput_495.jpeg 4032w, http:\/\/gus.no\/blogg\/wp-content\/uploads\/2017\/11\/fullsizeoutput_495-300x225.jpeg 300w, http:\/\/gus.no\/blogg\/wp-content\/uploads\/2017\/11\/fullsizeoutput_495-768x576.jpeg 768w, http:\/\/gus.no\/blogg\/wp-content\/uploads\/2017\/11\/fullsizeoutput_495-1024x768.jpeg 1024w, http:\/\/gus.no\/blogg\/wp-content\/uploads\/2017\/11\/fullsizeoutput_495-1200x900.jpeg 1200w, http:\/\/gus.no\/blogg\/wp-content\/uploads\/2017\/11\/fullsizeoutput_495-1860x1395.jpeg 1860w\" sizes=\"(max-width: 4032px) 100vw, 4032px\" \/><\/a>\n\t\t\t<\/div>\n\t\t\t\t<figcaption class='wp-caption-text gallery-caption' id='gallery-2-628'>\n\t\t\t\tAina og Therese nyter siestaen fra hengek\u00f8ya. De kan melde om lettere vind og 30 varmegrader\n\t\t\t\t<\/figcaption><\/figure>\n\t\t<\/div>\n\n<h4><strong>Vi kysser b\u00e5de til h\u00f8yre og venstre\u00a0<\/strong><\/h4>\n<p>Noen av de f\u00f8rste innblikkene vi fikk av menneskene i Paraguay var f\u00f8rste kvelden v\u00e5r da det norske misjon\u00e6rparet vi bor ved siden av (Thomas og Camilla) arrangerte en velkomstfest for oss der vi fikk m\u00f8te noen av de fra menigheten v\u00e5r.\u00a0Paraguayanere virker veldig \u00e5pne, blide og im\u00f8tekommende, noe vi har f\u00e5tt erfare hele uka.<\/p>\n<p>Her kysser de hverandre p\u00e5 kinnene hver gang de m\u00f8tes og hver gang de drar fra hverandre igjen. Her har vi allerede hatt noen kleine \u00f8yeblikk, der vi fra Norge har g\u00e5tt for h\u00e5ndhilsning mens de har g\u00e5tt for kyssing.\u00a0 Til forvirring er det noen som ikke kysser men hilser med h\u00e5nda i stedet. Spesielt kleint blir det n\u00e5r vi da g\u00e5r for kyssing. Say what liksom? Veldig forvirrende. Man vet dermed aldri hva man kan forvente, s\u00e5 man m\u00e5 bare v\u00e6re frimodig og ta det hele med et smil! <em>&laquo;Smil og nikk jenter, bare smil og nikk..&raquo;<\/em><\/p>\n<p>Samme kveld fikk vi smake p\u00e5 Pi\u00f1a- og Guaranabrus som kom i 3 liters-flasker! Thomas og Camilla har vaffeljern s\u00e5 vi fikk stekt norske vafler (det har aldri smakt s\u00e5 godt!) og Paraguayanerne stod for Terer\u00e9. Dette er den &laquo;sosiale koden&raquo; , eller drikken, for \u00e5 komme inn i gjengen og kulturen her. Vi er litt uenige om hva det smaker og om det var godt, men en oppfatning er at det smaker som kald gr\u00f8nn te.<\/p>\n<p>Det er nesten som en s\u00e5nn fredspipe. De har noe gr\u00f8nt (plante, te, urter??) som de har oppi en kopp og s\u00e5 heller de vann i. Denne koppen, med suger\u00f8r, g\u00e5r s\u00e5 p\u00e5 rundgang hele kvelden. Blir vi i Paraguayteamet syke er nok ikke grunnen d\u00e5rlig drikkevann, det er nok heller fremmed bakteriekultur fra alle vi deler drikke og dermed spytt med, haha.<\/p>\n<p><img loading=\"lazy\" decoding=\"async\" class=\"alignnone size-full wp-image-632\" src=\"http:\/\/gus.no\/blogg\/wp-content\/uploads\/2017\/11\/collage-de-paraguay.jpg\" alt=\"\" width=\"1200\" height=\"396\" srcset=\"http:\/\/gus.no\/blogg\/wp-content\/uploads\/2017\/11\/collage-de-paraguay.jpg 1200w, http:\/\/gus.no\/blogg\/wp-content\/uploads\/2017\/11\/collage-de-paraguay-300x99.jpg 300w, http:\/\/gus.no\/blogg\/wp-content\/uploads\/2017\/11\/collage-de-paraguay-768x253.jpg 768w, http:\/\/gus.no\/blogg\/wp-content\/uploads\/2017\/11\/collage-de-paraguay-1024x338.jpg 1024w\" sizes=\"(max-width: 1200px) 100vw, 1200px\" \/><\/p>\n<h4><strong>Vi snakker spansk! Det vil si&#8230; vi pr\u00f8ver<\/strong><\/h4>\n<p>Velkomstkvelden var ogs\u00e5 f\u00f8rste anledning til \u00e5 teste spanskkunnskapene v\u00e5re. Vi som har hatt spansk p\u00e5 skolen f\u00f8r synes det gikk overraskende bra, vi skj\u00f8nte faktisk enkelte ting innimellom! Men vi fikk s\u00e5 klart hjelp av b\u00e5de ordbok og tolk. Det hjalp veldig at de vi snakket med viste oss stor t\u00e5lmodighet og et \u00f8nske om \u00e5 forst\u00e5 det vi sa. Ogs\u00e5 her gikk vi p\u00e5 noen bommerter, som at Aina klarte \u00e5 si hun hadde en lillebror p\u00e5 44 \u00e5r i stedet for 14. N\u00e5r reaksjonen var &laquo;Qu\u00e9?!?!&raquo;, da skj\u00f8nte vi fort at hun hadde sagt noe feil.<\/p>\n<p>Denne uka har vi hatt spr\u00e5kskole med l\u00e6reren v\u00e5r Marisel der vi har l\u00e6rt spansk. Vi har kjent p\u00e5 frustrasjon og irritasjon da ingen av oss er s\u00e6rlige t\u00e5lmodige n\u00e5r det kommer til spr\u00e5kl\u00e6ringen. Vi vil gjerne forst\u00e5 og kunne snakke med de rundt oss, n\u00e5 med en gang! Vi, som alle andre, m\u00e5 nok bare ta tiden til hjelp. Det g\u00e5r sakte, men det g\u00e5r fremover.<\/p>\n<div id='gallery-3' class='gallery galleryid-568 gallery-columns-1 gallery-size-full'><figure class='gallery-item'>\n\t\t\t<div class='gallery-icon landscape'>\n\t\t\t\t<img loading=\"lazy\" decoding=\"async\" width=\"4032\" height=\"3024\" src=\"http:\/\/gus.no\/blogg\/wp-content\/uploads\/2017\/11\/IMG_6450.jpg\" class=\"attachment-full size-full\" alt=\"\" aria-describedby=\"gallery-3-637\" srcset=\"http:\/\/gus.no\/blogg\/wp-content\/uploads\/2017\/11\/IMG_6450.jpg 4032w, http:\/\/gus.no\/blogg\/wp-content\/uploads\/2017\/11\/IMG_6450-300x225.jpg 300w, http:\/\/gus.no\/blogg\/wp-content\/uploads\/2017\/11\/IMG_6450-768x576.jpg 768w, http:\/\/gus.no\/blogg\/wp-content\/uploads\/2017\/11\/IMG_6450-1024x768.jpg 1024w, http:\/\/gus.no\/blogg\/wp-content\/uploads\/2017\/11\/IMG_6450-1200x900.jpg 1200w, http:\/\/gus.no\/blogg\/wp-content\/uploads\/2017\/11\/IMG_6450-1860x1395.jpg 1860w\" sizes=\"(max-width: 4032px) 100vw, 4032px\" \/>\n\t\t\t<\/div>\n\t\t\t\t<figcaption class='wp-caption-text gallery-caption' id='gallery-3-637'>\n\t\t\t\tSquaden v\u00e5r! Vi er p\u00e5 tur med noen ungdommer fra menigheten\n\t\t\t\t<\/figcaption><\/figure>\n\t\t<\/div>\n\n<h4><strong>De har MYE spennende mat!<\/strong><\/h4>\n<p>Noe av det mest spennende ved et nytt land er \u00e5 g\u00e5 inn i butikker og \u00e5 smake p\u00e5 lokal mat. Rett ovenfor der vi bor har vi en Hipermarkado, en alt mulig-butikk der vi har hamstra masse forskjellig mat. Hver matvare kommer i s\u00e5nn circa hundre forskjellige varianter og det meste viser seg \u00e5 inneholde farlig mye sukker.\u00a0Karoline sin reaksjon p\u00e5 eplejuicen vi drakk i dag tidlig var &laquo;Hvis eplekj\u00e6rlighet p\u00e5 pinne hadde kommet i flytende form hadde den smakt akkurat det samme som eple-juicen v\u00e5r&raquo;.<\/p>\n<p>Ellers har vi funnet godt syltet\u00f8y og noe som heter\u00a0Dulce de leche\u00a0som smaker akkurat det samme som norsk Hap\u00e5. Noen kjente smaker er veldig godt! Og s\u00e5 er det betryggende at vi har med leverpostei fra Norge.<\/p>\n<p>Dette var oppdateringen fra Guaychicas for denne gang,<\/p>\n<p>Hasta luego!<\/p>\n<p><iframe loading=\"lazy\" src=\"https:\/\/www.facebook.com\/plugins\/video.php?href=https%3A%2F%2Fwww.facebook.com%2Fgaautsenteret%2Fvideos%2F1685435498156010%2F&#038;width=560&#038;show_text=true&#038;appId=202502936435770&#038;height=468\" width=\"560\" height=\"468\" style=\"border:none;overflow:hidden\" scrolling=\"no\" frameborder=\"0\" allowTransparency=\"true\" allowFullScreen=\"true\"><\/iframe><\/p>\n","protected":false},"excerpt":{"rendered":"<p>&laquo;Det er godt, det er varmt, det er klamt, men det er deilig&raquo;, slik beskriver Karoline de f\u00f8rste dagene i Paraguay.<\/p>\n","protected":false},"author":7,"featured_media":641,"comment_status":"open","ping_status":"open","sticky":false,"template":"","format":"standard","meta":{"_exactmetrics_skip_tracking":false,"_exactmetrics_sitenote_active":false,"_exactmetrics_sitenote_note":"","_exactmetrics_sitenote_category":0,"footnotes":""},"categories":[6],"tags":[],"class_list":["post-568","post","type-post","status-publish","format-standard","has-post-thumbnail","hentry","category-paraguay","has-thumbnail"],"yoast_head":"<!-- This site is optimized with the Yoast SEO plugin v23.5 - https:\/\/yoast.com\/wordpress\/plugins\/seo\/ -->\n<title>Vi BOR i Paraguay! - Blogg<\/title>\n<meta name=\"robots\" content=\"index, follow, max-snippet:-1, max-image-preview:large, max-video-preview:-1\" \/>\n<link rel=\"canonical\" href=\"http:\/\/gus.no\/blogg\/vi-bor-i-paraguay\/\" \/>\n<meta property=\"og:locale\" content=\"nb_NO\" \/>\n<meta property=\"og:type\" content=\"article\" \/>\n<meta property=\"og:title\" content=\"Vi BOR i Paraguay! - Blogg\" \/>\n<meta property=\"og:description\" content=\"&quot;Det er godt, det er varmt, det er klamt, men det er deilig&quot;, slik beskriver Karoline de f\u00f8rste dagene i Paraguay.\" \/>\n<meta property=\"og:url\" content=\"http:\/\/gus.no\/blogg\/vi-bor-i-paraguay\/\" \/>\n<meta property=\"og:site_name\" content=\"Blogg\" \/>\n<meta property=\"article:publisher\" content=\"http:\/\/www.facebook.com\/gaautsenteret\" \/>\n<meta property=\"article:published_time\" content=\"2017-11-06T01:39:42+00:00\" \/>\n<meta property=\"article:modified_time\" content=\"2017-11-09T22:05:22+00:00\" \/>\n<meta property=\"og:image\" content=\"http:\/\/gus.no\/blogg\/wp-content\/uploads\/2017\/11\/IMG_6458-1-1024x768.jpg\" \/>\n\t<meta property=\"og:image:width\" content=\"1024\" \/>\n\t<meta property=\"og:image:height\" content=\"768\" \/>\n\t<meta property=\"og:image:type\" content=\"image\/jpeg\" \/>\n<meta name=\"author\" content=\"Team Paraguay (Global disippel 2017\/2018)\" \/>\n<meta name=\"twitter:card\" content=\"summary_large_image\" \/>\n<meta name=\"twitter:label1\" content=\"Skrevet av\" \/>\n\t<meta name=\"twitter:data1\" content=\"Team Paraguay (Global disippel 2017\/2018)\" \/>\n\t<meta name=\"twitter:label2\" content=\"Ansl. lesetid\" \/>\n\t<meta name=\"twitter:data2\" content=\"4 minutter\" \/>\n<script type=\"application\/ld+json\" class=\"yoast-schema-graph\">{\"@context\":\"https:\/\/schema.org\",\"@graph\":[{\"@type\":\"WebPage\",\"@id\":\"http:\/\/gus.no\/blogg\/vi-bor-i-paraguay\/\",\"url\":\"http:\/\/gus.no\/blogg\/vi-bor-i-paraguay\/\",\"name\":\"Vi BOR i Paraguay! - Blogg\",\"isPartOf\":{\"@id\":\"http:\/\/gus.no\/blogg\/#website\"},\"primaryImageOfPage\":{\"@id\":\"http:\/\/gus.no\/blogg\/vi-bor-i-paraguay\/#primaryimage\"},\"image\":{\"@id\":\"http:\/\/gus.no\/blogg\/vi-bor-i-paraguay\/#primaryimage\"},\"thumbnailUrl\":\"http:\/\/gus.no\/blogg\/wp-content\/uploads\/2017\/11\/IMG_6458-1.jpg\",\"datePublished\":\"2017-11-06T01:39:42+00:00\",\"dateModified\":\"2017-11-09T22:05:22+00:00\",\"author\":{\"@id\":\"http:\/\/gus.no\/blogg\/#\/schema\/person\/7f5d50916768b66bda0c6ca4948320fe\"},\"breadcrumb\":{\"@id\":\"http:\/\/gus.no\/blogg\/vi-bor-i-paraguay\/#breadcrumb\"},\"inLanguage\":\"nb-NO\",\"potentialAction\":[{\"@type\":\"ReadAction\",\"target\":[\"http:\/\/gus.no\/blogg\/vi-bor-i-paraguay\/\"]}]},{\"@type\":\"ImageObject\",\"inLanguage\":\"nb-NO\",\"@id\":\"http:\/\/gus.no\/blogg\/vi-bor-i-paraguay\/#primaryimage\",\"url\":\"http:\/\/gus.no\/blogg\/wp-content\/uploads\/2017\/11\/IMG_6458-1.jpg\",\"contentUrl\":\"http:\/\/gus.no\/blogg\/wp-content\/uploads\/2017\/11\/IMG_6458-1.jpg\",\"width\":4032,\"height\":3024},{\"@type\":\"BreadcrumbList\",\"@id\":\"http:\/\/gus.no\/blogg\/vi-bor-i-paraguay\/#breadcrumb\",\"itemListElement\":[{\"@type\":\"ListItem\",\"position\":1,\"name\":\"Hjem\",\"item\":\"http:\/\/gus.no\/blogg\/\"},{\"@type\":\"ListItem\",\"position\":2,\"name\":\"Vi BOR i Paraguay!\"}]},{\"@type\":\"WebSite\",\"@id\":\"http:\/\/gus.no\/blogg\/#website\",\"url\":\"http:\/\/gus.no\/blogg\/\",\"name\":\"Blogg\",\"description\":\"G\u00e5 Ut Senteret\",\"potentialAction\":[{\"@type\":\"SearchAction\",\"target\":{\"@type\":\"EntryPoint\",\"urlTemplate\":\"http:\/\/gus.no\/blogg\/?s={search_term_string}\"},\"query-input\":{\"@type\":\"PropertyValueSpecification\",\"valueRequired\":true,\"valueName\":\"search_term_string\"}}],\"inLanguage\":\"nb-NO\"},{\"@type\":\"Person\",\"@id\":\"http:\/\/gus.no\/blogg\/#\/schema\/person\/7f5d50916768b66bda0c6ca4948320fe\",\"name\":\"Team Paraguay (Global disippel 2017\/2018)\",\"url\":\"http:\/\/gus.no\/blogg\/author\/paraguay\/\"}]}<\/script>\n<!-- \/ Yoast SEO plugin. -->","yoast_head_json":{"title":"Vi BOR i Paraguay! - Blogg","robots":{"index":"index","follow":"follow","max-snippet":"max-snippet:-1","max-image-preview":"max-image-preview:large","max-video-preview":"max-video-preview:-1"},"canonical":"http:\/\/gus.no\/blogg\/vi-bor-i-paraguay\/","og_locale":"nb_NO","og_type":"article","og_title":"Vi BOR i Paraguay! - Blogg","og_description":"\"Det er godt, det er varmt, det er klamt, men det er deilig\", slik beskriver Karoline de f\u00f8rste dagene i Paraguay.","og_url":"http:\/\/gus.no\/blogg\/vi-bor-i-paraguay\/","og_site_name":"Blogg","article_publisher":"http:\/\/www.facebook.com\/gaautsenteret","article_published_time":"2017-11-06T01:39:42+00:00","article_modified_time":"2017-11-09T22:05:22+00:00","og_image":[{"width":1024,"height":768,"url":"http:\/\/gus.no\/blogg\/wp-content\/uploads\/2017\/11\/IMG_6458-1-1024x768.jpg","type":"image\/jpeg"}],"author":"Team Paraguay (Global disippel 2017\/2018)","twitter_card":"summary_large_image","twitter_misc":{"Skrevet av":"Team Paraguay (Global disippel 2017\/2018)","Ansl. lesetid":"4 minutter"},"schema":{"@context":"https:\/\/schema.org","@graph":[{"@type":"WebPage","@id":"http:\/\/gus.no\/blogg\/vi-bor-i-paraguay\/","url":"http:\/\/gus.no\/blogg\/vi-bor-i-paraguay\/","name":"Vi BOR i Paraguay! - Blogg","isPartOf":{"@id":"http:\/\/gus.no\/blogg\/#website"},"primaryImageOfPage":{"@id":"http:\/\/gus.no\/blogg\/vi-bor-i-paraguay\/#primaryimage"},"image":{"@id":"http:\/\/gus.no\/blogg\/vi-bor-i-paraguay\/#primaryimage"},"thumbnailUrl":"http:\/\/gus.no\/blogg\/wp-content\/uploads\/2017\/11\/IMG_6458-1.jpg","datePublished":"2017-11-06T01:39:42+00:00","dateModified":"2017-11-09T22:05:22+00:00","author":{"@id":"http:\/\/gus.no\/blogg\/#\/schema\/person\/7f5d50916768b66bda0c6ca4948320fe"},"breadcrumb":{"@id":"http:\/\/gus.no\/blogg\/vi-bor-i-paraguay\/#breadcrumb"},"inLanguage":"nb-NO","potentialAction":[{"@type":"ReadAction","target":["http:\/\/gus.no\/blogg\/vi-bor-i-paraguay\/"]}]},{"@type":"ImageObject","inLanguage":"nb-NO","@id":"http:\/\/gus.no\/blogg\/vi-bor-i-paraguay\/#primaryimage","url":"http:\/\/gus.no\/blogg\/wp-content\/uploads\/2017\/11\/IMG_6458-1.jpg","contentUrl":"http:\/\/gus.no\/blogg\/wp-content\/uploads\/2017\/11\/IMG_6458-1.jpg","width":4032,"height":3024},{"@type":"BreadcrumbList","@id":"http:\/\/gus.no\/blogg\/vi-bor-i-paraguay\/#breadcrumb","itemListElement":[{"@type":"ListItem","position":1,"name":"Hjem","item":"http:\/\/gus.no\/blogg\/"},{"@type":"ListItem","position":2,"name":"Vi BOR i Paraguay!"}]},{"@type":"WebSite","@id":"http:\/\/gus.no\/blogg\/#website","url":"http:\/\/gus.no\/blogg\/","name":"Blogg","description":"G\u00e5 Ut Senteret","potentialAction":[{"@type":"SearchAction","target":{"@type":"EntryPoint","urlTemplate":"http:\/\/gus.no\/blogg\/?s={search_term_string}"},"query-input":{"@type":"PropertyValueSpecification","valueRequired":true,"valueName":"search_term_string"}}],"inLanguage":"nb-NO"},{"@type":"Person","@id":"http:\/\/gus.no\/blogg\/#\/schema\/person\/7f5d50916768b66bda0c6ca4948320fe","name":"Team Paraguay (Global disippel 2017\/2018)","url":"http:\/\/gus.no\/blogg\/author\/paraguay\/"}]}},"_links":{"self":[{"href":"http:\/\/gus.no\/blogg\/wp-json\/wp\/v2\/posts\/568"}],"collection":[{"href":"http:\/\/gus.no\/blogg\/wp-json\/wp\/v2\/posts"}],"about":[{"href":"http:\/\/gus.no\/blogg\/wp-json\/wp\/v2\/types\/post"}],"author":[{"embeddable":true,"href":"http:\/\/gus.no\/blogg\/wp-json\/wp\/v2\/users\/7"}],"replies":[{"embeddable":true,"href":"http:\/\/gus.no\/blogg\/wp-json\/wp\/v2\/comments?post=568"}],"version-history":[{"count":4,"href":"http:\/\/gus.no\/blogg\/wp-json\/wp\/v2\/posts\/568\/revisions"}],"predecessor-version":[{"id":650,"href":"http:\/\/gus.no\/blogg\/wp-json\/wp\/v2\/posts\/568\/revisions\/650"}],"wp:featuredmedia":[{"embeddable":true,"href":"http:\/\/gus.no\/blogg\/wp-json\/wp\/v2\/media\/641"}],"wp:attachment":[{"href":"http:\/\/gus.no\/blogg\/wp-json\/wp\/v2\/media?parent=568"}],"wp:term":[{"taxonomy":"category","embeddable":true,"href":"http:\/\/gus.no\/blogg\/wp-json\/wp\/v2\/categories?post=568"},{"taxonomy":"post_tag","embeddable":true,"href":"http:\/\/gus.no\/blogg\/wp-json\/wp\/v2\/tags?post=568"}],"curies":[{"name":"wp","href":"https:\/\/api.w.org\/{rel}","templated":true}]}}