{"id":5712,"date":"2021-11-30T10:54:39","date_gmt":"2021-11-30T09:54:39","guid":{"rendered":"http:\/\/gus.no\/blogg\/?p=5712"},"modified":"2021-12-06T20:48:23","modified_gmt":"2021-12-06T19:48:23","slug":"vart-forste-mote-med-ecuador","status":"publish","type":"post","link":"http:\/\/gus.no\/blogg\/vart-forste-mote-med-ecuador\/","title":{"rendered":"V\u00e5rt f\u00f8rste m\u00f8te med Ecuador"},"content":{"rendered":"\n<p>Etter en 11-timers lang (men artig) flytur, ankom vi endelig Guayaquil. Vi kom oss ganske lett gjennom sikkerhetskontrollen, selv om den betjente n\u00f8lte litt n\u00e5r vi sa vi bare var turister. Men, vi kom oss heldigvis videre og&nbsp;m\u00f8tte v\u00e5r kj\u00e6re mentor \u00c5se. Vi tilbrakte den f\u00f8rste natta i Ecuador, p\u00e5 et hotell.&nbsp;<\/p>\n\n\n\n<h4 class=\"wp-block-heading\"><strong>Andesfjellene og pruting<\/strong><\/h4>\n\n\n\n<p>Neste dag gikk turen til Cuenca, byen vi forel\u00f8pig bor i. Bilturen tok 5 timer, men det var en utrolig koselig tur, der vi fikk se mye av det flotte landskapet og den utrolig vakre naturen! Siden Cuenca ligger i Andesfjellene, var det mye oppoverbakker og mye dotter i \u00f8rene. Men det var absolutt verdt det! Og p\u00e5 slutten av turen, fant vi lykken, da&nbsp;de solgte Red Bull til kun 1$ p\u00e5 en sliten bensinstasjon!<\/p>\n\n\n\n<p>Den f\u00f8rste uka i selveste Cuenca, har g\u00e5tt til spr\u00e5kskole, og selvf\u00f8lgelig litt turistattraksjoner. Vi har allerede l\u00e6rt oss en del spansk, og v\u00e6rt p\u00e5 mange museum. I tillegg har vi ogs\u00e5 v\u00e6rt&nbsp;p\u00e5 ulike marked, og vi har selvf\u00f8lgelig l\u00e6rt oss \u00e5 prute p\u00e5 ting som vi vil kj\u00f8pe;) <\/p>\n\n\n\n<ul class=\"wp-block-gallery alignwide columns-2 is-cropped wp-block-gallery-1 is-layout-flex wp-block-gallery-is-layout-flex\"><li class=\"blocks-gallery-item\"><figure><img loading=\"lazy\" decoding=\"async\" width=\"768\" height=\"1024\" src=\"http:\/\/gus.no\/blogg\/wp-content\/uploads\/2021\/11\/261281164_220836273511931_2251719394586907161_n-768x1024.jpg\" alt=\"\" data-id=\"5715\" data-link=\"http:\/\/gus.no\/blogg\/?attachment_id=5715\" class=\"wp-image-5715\" srcset=\"http:\/\/gus.no\/blogg\/wp-content\/uploads\/2021\/11\/261281164_220836273511931_2251719394586907161_n-768x1024.jpg 768w, http:\/\/gus.no\/blogg\/wp-content\/uploads\/2021\/11\/261281164_220836273511931_2251719394586907161_n-225x300.jpg 225w, http:\/\/gus.no\/blogg\/wp-content\/uploads\/2021\/11\/261281164_220836273511931_2251719394586907161_n-1200x1600.jpg 1200w, http:\/\/gus.no\/blogg\/wp-content\/uploads\/2021\/11\/261281164_220836273511931_2251719394586907161_n-1860x2480.jpg 1860w\" sizes=\"(max-width: 768px) 100vw, 768px\" \/><\/figure><\/li><li class=\"blocks-gallery-item\"><figure><img loading=\"lazy\" decoding=\"async\" width=\"768\" height=\"1024\" src=\"http:\/\/gus.no\/blogg\/wp-content\/uploads\/2021\/11\/260242145_1077878299614405_6583139081638567355_n-768x1024.jpg\" alt=\"\" data-id=\"5713\" data-link=\"http:\/\/gus.no\/blogg\/?attachment_id=5713\" class=\"wp-image-5713\" srcset=\"http:\/\/gus.no\/blogg\/wp-content\/uploads\/2021\/11\/260242145_1077878299614405_6583139081638567355_n-768x1024.jpg 768w, http:\/\/gus.no\/blogg\/wp-content\/uploads\/2021\/11\/260242145_1077878299614405_6583139081638567355_n-225x300.jpg 225w, http:\/\/gus.no\/blogg\/wp-content\/uploads\/2021\/11\/260242145_1077878299614405_6583139081638567355_n-1200x1600.jpg 1200w, http:\/\/gus.no\/blogg\/wp-content\/uploads\/2021\/11\/260242145_1077878299614405_6583139081638567355_n-1860x2480.jpg 1860w\" sizes=\"(max-width: 768px) 100vw, 768px\" \/><\/figure><\/li><\/ul>\n\n\n\n<p>Samtidig&nbsp;som \u00e5 v\u00e6re turister og elever, har vi ogs\u00e5 hatt v\u00e5rt eget store hus, ved siden av v\u00e5r mentor.&nbsp; Selv om v\u00e6ret ute er veldig varmt og fuktig, er det iskaldt om nettene, da husene ikke er isolerte som i Norge. Heldigvis har vi pakka med masse ullt\u00f8y, som holder oss varme.<\/p>\n\n\n\n<h4 class=\"wp-block-heading\"><strong>Skj\u00f8nne vertsfamilier og ville bussturer<\/strong><\/h4>\n\n\n\n<p>Vi har flyttet inn i ulike vertsfamilier. Selvom nervene var mange, p\u00e5 vei til familien, gikk det veldig fint \u00e5 m\u00f8te de! De er utrolig hyggelige og skj\u00f8nne mennesker, som virkelig bryr seg om deg, og om Gud (som er et bonus poeng). De lager mye god mat, som vi har v\u00e6rt s\u00e5 heldige \u00e5 f\u00e5 smakt p\u00e5! Blant annet frukt, mye forskjellig ris og supper!&nbsp;<\/p>\n\n\n\n<p>Vi har ogs\u00e5 blitt veldig flinke til \u00e5 ta buss, til tross for noen bomturer\u2026 men bussturene her er en opplevelse i seg selv. De kj\u00f8rer fort og svinger hardt, som om de kj\u00f8rte om kapp med de andre bilene. Det f\u00f8les nesten ut som en Berg-og-dal bane!&nbsp;<\/p>\n\n\n\n<ul class=\"wp-block-gallery alignwide columns-1 is-cropped wp-block-gallery-2 is-layout-flex wp-block-gallery-is-layout-flex\"><li class=\"blocks-gallery-item\"><figure><img loading=\"lazy\" decoding=\"async\" width=\"1024\" height=\"768\" src=\"http:\/\/gus.no\/blogg\/wp-content\/uploads\/2021\/11\/260101828_572592860705729_2102190497359429031_n-1024x768.jpg\" alt=\"\" data-id=\"5714\" data-link=\"http:\/\/gus.no\/blogg\/?attachment_id=5714\" class=\"wp-image-5714\" srcset=\"http:\/\/gus.no\/blogg\/wp-content\/uploads\/2021\/11\/260101828_572592860705729_2102190497359429031_n-1024x768.jpg 1024w, http:\/\/gus.no\/blogg\/wp-content\/uploads\/2021\/11\/260101828_572592860705729_2102190497359429031_n-300x225.jpg 300w, http:\/\/gus.no\/blogg\/wp-content\/uploads\/2021\/11\/260101828_572592860705729_2102190497359429031_n-768x576.jpg 768w, http:\/\/gus.no\/blogg\/wp-content\/uploads\/2021\/11\/260101828_572592860705729_2102190497359429031_n-1200x900.jpg 1200w, http:\/\/gus.no\/blogg\/wp-content\/uploads\/2021\/11\/260101828_572592860705729_2102190497359429031_n-1860x1395.jpg 1860w\" sizes=\"(max-width: 1024px) 100vw, 1024px\" \/><figcaption>\u00c5 ta bussen er noe for seg selv!<\/figcaption><\/figure><\/li><\/ul>\n\n\n\n<p>Selv om turen s\u00e5 langt har godt fint og vi har hatt mange fine opplevelser, er det&nbsp;dessverre mange hjeml\u00f8se og tiggere her. Blant annet barn som sitter og tigger.&nbsp;Dette er et veldig trist syn, og det er vanskelig \u00e5 kun g\u00e5 forbi. Derfor, \u00f8nsker vi at dere er med \u00e5 be for disse barna og familiene som sitter gatelangs.<\/p>\n","protected":false},"excerpt":{"rendered":"<p>En dr\u00f8y uke har allerede g\u00e5tt, siden vi ankom Cuenca, Ecuador. Vi har smakt mye god mat, v\u00e6rt litt turister, g\u00e5tt p\u00e5 spr\u00e5kskole, l\u00e6rt oss \u00e5 prute og mye mer!<\/p>\n","protected":false},"author":46,"featured_media":5716,"comment_status":"open","ping_status":"open","sticky":false,"template":"","format":"standard","meta":{"_exactmetrics_skip_tracking":false,"_exactmetrics_sitenote_active":false,"_exactmetrics_sitenote_note":"","_exactmetrics_sitenote_category":0,"footnotes":""},"categories":[30,1],"tags":[],"class_list":["post-5712","post","type-post","status-publish","format-standard","has-post-thumbnail","hentry","category-ecuador","category-ukategorisert","has-thumbnail"],"yoast_head":"<!-- This site is optimized with the Yoast SEO plugin v23.5 - https:\/\/yoast.com\/wordpress\/plugins\/seo\/ -->\n<title>V\u00e5rt f\u00f8rste m\u00f8te med Ecuador - Blogg<\/title>\n<meta name=\"robots\" content=\"index, follow, max-snippet:-1, max-image-preview:large, max-video-preview:-1\" \/>\n<link rel=\"canonical\" href=\"https:\/\/gus.no\/blogg\/vart-forste-mote-med-ecuador\/\" \/>\n<meta property=\"og:locale\" content=\"nb_NO\" \/>\n<meta property=\"og:type\" content=\"article\" \/>\n<meta property=\"og:title\" content=\"V\u00e5rt f\u00f8rste m\u00f8te med Ecuador - Blogg\" \/>\n<meta property=\"og:description\" content=\"En dr\u00f8y uke har allerede g\u00e5tt, siden vi ankom Cuenca, Ecuador. Vi har smakt mye god mat, v\u00e6rt litt turister, g\u00e5tt p\u00e5 spr\u00e5kskole, l\u00e6rt oss \u00e5 prute og mye mer!\" \/>\n<meta property=\"og:url\" content=\"https:\/\/gus.no\/blogg\/vart-forste-mote-med-ecuador\/\" \/>\n<meta property=\"og:site_name\" content=\"Blogg\" \/>\n<meta property=\"article:publisher\" content=\"http:\/\/www.facebook.com\/gaautsenteret\" \/>\n<meta property=\"article:published_time\" content=\"2021-11-30T09:54:39+00:00\" \/>\n<meta property=\"article:modified_time\" content=\"2021-12-06T19:48:23+00:00\" \/>\n<meta property=\"og:image\" content=\"https:\/\/gus.no\/blogg\/wp-content\/uploads\/2021\/11\/260186644_587843919109020_3244490755081867790_n-e1637926360806.jpg\" \/>\n\t<meta property=\"og:image:width\" content=\"1170\" \/>\n\t<meta property=\"og:image:height\" content=\"867\" \/>\n\t<meta property=\"og:image:type\" content=\"image\/jpeg\" \/>\n<meta name=\"author\" content=\"Tobias Wessel\" \/>\n<meta name=\"twitter:card\" content=\"summary_large_image\" \/>\n<meta name=\"twitter:label1\" content=\"Skrevet av\" \/>\n\t<meta name=\"twitter:data1\" content=\"Team Ecuador (Global disippel 2021\/2022)\" \/>\n\t<meta name=\"twitter:label2\" content=\"Ansl. lesetid\" \/>\n\t<meta name=\"twitter:data2\" content=\"2 minutter\" \/>\n<script type=\"application\/ld+json\" class=\"yoast-schema-graph\">{\"@context\":\"https:\/\/schema.org\",\"@graph\":[{\"@type\":\"WebPage\",\"@id\":\"https:\/\/gus.no\/blogg\/vart-forste-mote-med-ecuador\/\",\"url\":\"https:\/\/gus.no\/blogg\/vart-forste-mote-med-ecuador\/\",\"name\":\"V\u00e5rt f\u00f8rste m\u00f8te med Ecuador - Blogg\",\"isPartOf\":{\"@id\":\"https:\/\/gus.no\/blogg\/#website\"},\"primaryImageOfPage\":{\"@id\":\"https:\/\/gus.no\/blogg\/vart-forste-mote-med-ecuador\/#primaryimage\"},\"image\":{\"@id\":\"https:\/\/gus.no\/blogg\/vart-forste-mote-med-ecuador\/#primaryimage\"},\"thumbnailUrl\":\"http:\/\/gus.no\/blogg\/wp-content\/uploads\/2021\/11\/260186644_587843919109020_3244490755081867790_n-e1637926360806.jpg\",\"datePublished\":\"2021-11-30T09:54:39+00:00\",\"dateModified\":\"2021-12-06T19:48:23+00:00\",\"author\":{\"@id\":\"https:\/\/gus.no\/blogg\/#\/schema\/person\/09509e251a5119a9981989fb2f052ef3\"},\"breadcrumb\":{\"@id\":\"https:\/\/gus.no\/blogg\/vart-forste-mote-med-ecuador\/#breadcrumb\"},\"inLanguage\":\"nb-NO\",\"potentialAction\":[{\"@type\":\"ReadAction\",\"target\":[\"https:\/\/gus.no\/blogg\/vart-forste-mote-med-ecuador\/\"]}]},{\"@type\":\"ImageObject\",\"inLanguage\":\"nb-NO\",\"@id\":\"https:\/\/gus.no\/blogg\/vart-forste-mote-med-ecuador\/#primaryimage\",\"url\":\"http:\/\/gus.no\/blogg\/wp-content\/uploads\/2021\/11\/260186644_587843919109020_3244490755081867790_n-e1637926360806.jpg\",\"contentUrl\":\"http:\/\/gus.no\/blogg\/wp-content\/uploads\/2021\/11\/260186644_587843919109020_3244490755081867790_n-e1637926360806.jpg\",\"width\":1170,\"height\":867},{\"@type\":\"BreadcrumbList\",\"@id\":\"https:\/\/gus.no\/blogg\/vart-forste-mote-med-ecuador\/#breadcrumb\",\"itemListElement\":[{\"@type\":\"ListItem\",\"position\":1,\"name\":\"Hjem\",\"item\":\"https:\/\/gus.no\/blogg\/\"},{\"@type\":\"ListItem\",\"position\":2,\"name\":\"V\u00e5rt f\u00f8rste m\u00f8te med Ecuador\"}]},{\"@type\":\"WebSite\",\"@id\":\"https:\/\/gus.no\/blogg\/#website\",\"url\":\"https:\/\/gus.no\/blogg\/\",\"name\":\"Blogg\",\"description\":\"G\u00e5 Ut Senteret\",\"potentialAction\":[{\"@type\":\"SearchAction\",\"target\":{\"@type\":\"EntryPoint\",\"urlTemplate\":\"https:\/\/gus.no\/blogg\/?s={search_term_string}\"},\"query-input\":{\"@type\":\"PropertyValueSpecification\",\"valueRequired\":true,\"valueName\":\"search_term_string\"}}],\"inLanguage\":\"nb-NO\"},{\"@type\":\"Person\",\"@id\":\"https:\/\/gus.no\/blogg\/#\/schema\/person\/09509e251a5119a9981989fb2f052ef3\",\"name\":\"Tobias Wessel\",\"url\":\"http:\/\/gus.no\/blogg\/author\/tobiasw\/\"}]}<\/script>\n<!-- \/ Yoast SEO plugin. -->","yoast_head_json":{"title":"V\u00e5rt f\u00f8rste m\u00f8te med Ecuador - Blogg","robots":{"index":"index","follow":"follow","max-snippet":"max-snippet:-1","max-image-preview":"max-image-preview:large","max-video-preview":"max-video-preview:-1"},"canonical":"https:\/\/gus.no\/blogg\/vart-forste-mote-med-ecuador\/","og_locale":"nb_NO","og_type":"article","og_title":"V\u00e5rt f\u00f8rste m\u00f8te med Ecuador - Blogg","og_description":"En dr\u00f8y uke har allerede g\u00e5tt, siden vi ankom Cuenca, Ecuador. Vi har smakt mye god mat, v\u00e6rt litt turister, g\u00e5tt p\u00e5 spr\u00e5kskole, l\u00e6rt oss \u00e5 prute og mye mer!","og_url":"https:\/\/gus.no\/blogg\/vart-forste-mote-med-ecuador\/","og_site_name":"Blogg","article_publisher":"http:\/\/www.facebook.com\/gaautsenteret","article_published_time":"2021-11-30T09:54:39+00:00","article_modified_time":"2021-12-06T19:48:23+00:00","og_image":[{"width":1170,"height":867,"url":"https:\/\/gus.no\/blogg\/wp-content\/uploads\/2021\/11\/260186644_587843919109020_3244490755081867790_n-e1637926360806.jpg","type":"image\/jpeg"}],"author":"Tobias Wessel","twitter_card":"summary_large_image","twitter_misc":{"Skrevet av":"Team Ecuador (Global disippel 2021\/2022)","Ansl. lesetid":"2 minutter"},"schema":{"@context":"https:\/\/schema.org","@graph":[{"@type":"WebPage","@id":"https:\/\/gus.no\/blogg\/vart-forste-mote-med-ecuador\/","url":"https:\/\/gus.no\/blogg\/vart-forste-mote-med-ecuador\/","name":"V\u00e5rt f\u00f8rste m\u00f8te med Ecuador - Blogg","isPartOf":{"@id":"https:\/\/gus.no\/blogg\/#website"},"primaryImageOfPage":{"@id":"https:\/\/gus.no\/blogg\/vart-forste-mote-med-ecuador\/#primaryimage"},"image":{"@id":"https:\/\/gus.no\/blogg\/vart-forste-mote-med-ecuador\/#primaryimage"},"thumbnailUrl":"http:\/\/gus.no\/blogg\/wp-content\/uploads\/2021\/11\/260186644_587843919109020_3244490755081867790_n-e1637926360806.jpg","datePublished":"2021-11-30T09:54:39+00:00","dateModified":"2021-12-06T19:48:23+00:00","author":{"@id":"https:\/\/gus.no\/blogg\/#\/schema\/person\/09509e251a5119a9981989fb2f052ef3"},"breadcrumb":{"@id":"https:\/\/gus.no\/blogg\/vart-forste-mote-med-ecuador\/#breadcrumb"},"inLanguage":"nb-NO","potentialAction":[{"@type":"ReadAction","target":["https:\/\/gus.no\/blogg\/vart-forste-mote-med-ecuador\/"]}]},{"@type":"ImageObject","inLanguage":"nb-NO","@id":"https:\/\/gus.no\/blogg\/vart-forste-mote-med-ecuador\/#primaryimage","url":"http:\/\/gus.no\/blogg\/wp-content\/uploads\/2021\/11\/260186644_587843919109020_3244490755081867790_n-e1637926360806.jpg","contentUrl":"http:\/\/gus.no\/blogg\/wp-content\/uploads\/2021\/11\/260186644_587843919109020_3244490755081867790_n-e1637926360806.jpg","width":1170,"height":867},{"@type":"BreadcrumbList","@id":"https:\/\/gus.no\/blogg\/vart-forste-mote-med-ecuador\/#breadcrumb","itemListElement":[{"@type":"ListItem","position":1,"name":"Hjem","item":"https:\/\/gus.no\/blogg\/"},{"@type":"ListItem","position":2,"name":"V\u00e5rt f\u00f8rste m\u00f8te med Ecuador"}]},{"@type":"WebSite","@id":"https:\/\/gus.no\/blogg\/#website","url":"https:\/\/gus.no\/blogg\/","name":"Blogg","description":"G\u00e5 Ut Senteret","potentialAction":[{"@type":"SearchAction","target":{"@type":"EntryPoint","urlTemplate":"https:\/\/gus.no\/blogg\/?s={search_term_string}"},"query-input":{"@type":"PropertyValueSpecification","valueRequired":true,"valueName":"search_term_string"}}],"inLanguage":"nb-NO"},{"@type":"Person","@id":"https:\/\/gus.no\/blogg\/#\/schema\/person\/09509e251a5119a9981989fb2f052ef3","name":"Tobias Wessel","url":"http:\/\/gus.no\/blogg\/author\/tobiasw\/"}]}},"_links":{"self":[{"href":"http:\/\/gus.no\/blogg\/wp-json\/wp\/v2\/posts\/5712"}],"collection":[{"href":"http:\/\/gus.no\/blogg\/wp-json\/wp\/v2\/posts"}],"about":[{"href":"http:\/\/gus.no\/blogg\/wp-json\/wp\/v2\/types\/post"}],"author":[{"embeddable":true,"href":"http:\/\/gus.no\/blogg\/wp-json\/wp\/v2\/users\/46"}],"replies":[{"embeddable":true,"href":"http:\/\/gus.no\/blogg\/wp-json\/wp\/v2\/comments?post=5712"}],"version-history":[{"count":7,"href":"http:\/\/gus.no\/blogg\/wp-json\/wp\/v2\/posts\/5712\/revisions"}],"predecessor-version":[{"id":5792,"href":"http:\/\/gus.no\/blogg\/wp-json\/wp\/v2\/posts\/5712\/revisions\/5792"}],"wp:featuredmedia":[{"embeddable":true,"href":"http:\/\/gus.no\/blogg\/wp-json\/wp\/v2\/media\/5716"}],"wp:attachment":[{"href":"http:\/\/gus.no\/blogg\/wp-json\/wp\/v2\/media?parent=5712"}],"wp:term":[{"taxonomy":"category","embeddable":true,"href":"http:\/\/gus.no\/blogg\/wp-json\/wp\/v2\/categories?post=5712"},{"taxonomy":"post_tag","embeddable":true,"href":"http:\/\/gus.no\/blogg\/wp-json\/wp\/v2\/tags?post=5712"}],"curies":[{"name":"wp","href":"https:\/\/api.w.org\/{rel}","templated":true}]}}