{"id":5995,"date":"2022-01-24T11:01:01","date_gmt":"2022-01-24T10:01:01","guid":{"rendered":"http:\/\/gus.no\/blogg\/?p=5995"},"modified":"2022-01-24T11:16:41","modified_gmt":"2022-01-24T10:16:41","slug":"splitter-nye-lokaler-i-trondheim-sentrum","status":"publish","type":"post","link":"http:\/\/gus.no\/blogg\/splitter-nye-lokaler-i-trondheim-sentrum\/","title":{"rendered":"Vi flytter til splitter nye lokaler i Trondheim sentrum"},"content":{"rendered":"\n<p>N\u00e5r det nye skole\u00e5ret starter i august 2022, holder G\u00e5 Ut Senteret fortsatt til i \u00e6rverdige Berg presteg\u00e5rd, like utenfor Trondheim sentrum. Her kan vi nyte sommer- og h\u00f8stdager i den store hagen.<\/p>\n\n\n\n<p>Men n\u00e5r vinteren setter inn for fullt, flytter vi inn i splitter nye lokaler midt i hjertet av byen. Byggingen er i gang, og et kombinert skole- og menighetsbygg skal etter planen st\u00e5 ferdig rundt nytt\u00e5r. Her f\u00e5r vi tett, daglig kontakt med Salem menighet &#8211; Normisjons sentrumsmenighet i Trondheim.<\/p>\n\n\n\n<p>Menighetslokalene best\u00e5r i dag av en gammel byg\u00e5rd og en stor menighetssal. Salen skal rehabiliteres og bli helt ny, og det bygges et tilbygg som skal inneholde en flott og \u00e5pen kaf\u00e9 med store vinduer ut mot gaten &#8211; og skolelokaler i 2. etasje.<\/p>\n\n\n\n<ul class=\"wp-block-gallery alignfull columns-2 is-cropped wp-block-gallery-1 is-layout-flex wp-block-gallery-is-layout-flex\"><li class=\"blocks-gallery-item\"><figure><img loading=\"lazy\" decoding=\"async\" width=\"1024\" height=\"540\" src=\"https:\/\/gus.no\/blogg\/wp-content\/uploads\/2022\/01\/kafe-1024x540.jpg\" alt=\"\" data-id=\"5999\" data-link=\"https:\/\/gus.no\/blogg\/?attachment_id=5999\" class=\"wp-image-5999\" srcset=\"http:\/\/gus.no\/blogg\/wp-content\/uploads\/2022\/01\/kafe-1024x540.jpg 1024w, http:\/\/gus.no\/blogg\/wp-content\/uploads\/2022\/01\/kafe-300x158.jpg 300w, http:\/\/gus.no\/blogg\/wp-content\/uploads\/2022\/01\/kafe-768x405.jpg 768w, http:\/\/gus.no\/blogg\/wp-content\/uploads\/2022\/01\/kafe-1200x633.jpg 1200w, http:\/\/gus.no\/blogg\/wp-content\/uploads\/2022\/01\/kafe-1860x980.jpg 1860w\" sizes=\"(max-width: 1024px) 100vw, 1024px\" \/><figcaption>Kaf\u00e9en fylles med studenter og ansatte til lunsj.<\/figcaption><\/figure><\/li><li class=\"blocks-gallery-item\"><figure><img loading=\"lazy\" decoding=\"async\" width=\"1024\" height=\"539\" src=\"https:\/\/gus.no\/blogg\/wp-content\/uploads\/2022\/01\/bibliotek-1024x539.jpg\" alt=\"\" data-id=\"6000\" data-link=\"https:\/\/gus.no\/blogg\/?attachment_id=6000\" class=\"wp-image-6000\" srcset=\"http:\/\/gus.no\/blogg\/wp-content\/uploads\/2022\/01\/bibliotek-1024x539.jpg 1024w, http:\/\/gus.no\/blogg\/wp-content\/uploads\/2022\/01\/bibliotek-300x158.jpg 300w, http:\/\/gus.no\/blogg\/wp-content\/uploads\/2022\/01\/bibliotek-768x404.jpg 768w, http:\/\/gus.no\/blogg\/wp-content\/uploads\/2022\/01\/bibliotek-1200x632.jpg 1200w, http:\/\/gus.no\/blogg\/wp-content\/uploads\/2022\/01\/bibliotek-1860x979.jpg 1860w\" sizes=\"(max-width: 1024px) 100vw, 1024px\" \/><figcaption>Fra biblioteket i 2. etg har du utsikt over kaf\u00e9en.<\/figcaption><\/figure><\/li><\/ul>\n\n\n\n<ul class=\"wp-block-gallery alignfull columns-2 is-cropped wp-block-gallery-2 is-layout-flex wp-block-gallery-is-layout-flex\"><li class=\"blocks-gallery-item\"><figure><img loading=\"lazy\" decoding=\"async\" width=\"1024\" height=\"540\" src=\"http:\/\/gus.no\/blogg\/wp-content\/uploads\/2022\/01\/foaje-1024x540.jpg\" alt=\"\" data-id=\"6005\" data-link=\"http:\/\/gus.no\/blogg\/?attachment_id=6005\" class=\"wp-image-6005\" srcset=\"http:\/\/gus.no\/blogg\/wp-content\/uploads\/2022\/01\/foaje-1024x540.jpg 1024w, http:\/\/gus.no\/blogg\/wp-content\/uploads\/2022\/01\/foaje-300x158.jpg 300w, http:\/\/gus.no\/blogg\/wp-content\/uploads\/2022\/01\/foaje-768x405.jpg 768w, http:\/\/gus.no\/blogg\/wp-content\/uploads\/2022\/01\/foaje-1200x633.jpg 1200w, http:\/\/gus.no\/blogg\/wp-content\/uploads\/2022\/01\/foaje-1860x982.jpg 1860w\" sizes=\"(max-width: 1024px) 100vw, 1024px\" \/><figcaption>Inngangsd\u00f8ren fra gaten til h\u00f8yre, kaf\u00e9en til venstre.<\/figcaption><\/figure><\/li><li class=\"blocks-gallery-item\"><figure><img loading=\"lazy\" decoding=\"async\" width=\"1024\" height=\"540\" src=\"http:\/\/gus.no\/blogg\/wp-content\/uploads\/2022\/01\/grupperom-1024x540.jpg\" alt=\"\" data-id=\"6004\" data-link=\"http:\/\/gus.no\/blogg\/?attachment_id=6004\" class=\"wp-image-6004\" srcset=\"http:\/\/gus.no\/blogg\/wp-content\/uploads\/2022\/01\/grupperom-1024x540.jpg 1024w, http:\/\/gus.no\/blogg\/wp-content\/uploads\/2022\/01\/grupperom-300x158.jpg 300w, http:\/\/gus.no\/blogg\/wp-content\/uploads\/2022\/01\/grupperom-768x405.jpg 768w, http:\/\/gus.no\/blogg\/wp-content\/uploads\/2022\/01\/grupperom-1200x633.jpg 1200w, http:\/\/gus.no\/blogg\/wp-content\/uploads\/2022\/01\/grupperom-1860x982.jpg 1860w\" sizes=\"(max-width: 1024px) 100vw, 1024px\" \/><figcaption>Ogs\u00e5 fra grupperom i 2. etg kan du se ned i kaf\u00e9en.<\/figcaption><\/figure><\/li><\/ul>\n\n\n\n<h4 class=\"wp-block-heading\"><strong>Hvorfor flytte?<\/strong><\/h4>\n\n\n\n<p>Vi som har v\u00e6rt p\u00e5 G\u00e5 Ut Senteret de siste \u00e5rene har trivdes veldig godt p\u00e5 Berg presteg\u00e5rd. Men vi merker ogs\u00e5 at det er mye som kan bli bedre i nye og moderne lokaler. De siste \u00e5rene har vi blitt s\u00e5pass mange studenter at vi trenger st\u00f8rre plass b\u00e5de til undervisning, lunsj og fritid.<\/p>\n\n\n\n<p>I tillegg til stor kaf\u00e9 og menighetssal, vil vi f\u00e5 tre undervisningsrom, bibliotek, liten sal til morgensamlinger og fellessamlinger &#8211; og hele syv grupperom til teamsamlinger, gruppearbeid og selvstudium.<\/p>\n\n\n\n<p>Det er ogs\u00e5 viktig for oss \u00e5 samlokaliseres med menigheten som tilh\u00f8rer skolen. P\u00e5 den m\u00e5ten vil studentene v\u00e5re komme tettere p\u00e5 et aktivt menighetsliv, og f\u00e5 et forhold til frivillige og ansatte som arbeider med et bredt spekter av oppgaver i menighet, diakoni og misjon.<\/p>\n\n\n\n<p><strong>Bli med p\u00e5 innflyttingen i helt nye lokaler!<\/strong><br>Sjekk ut linjetilbudet og s\u00f8k om plass p\u00e5 <a href=\"https:\/\/www.gus.no\"><strong>gus.no<\/strong><\/a><strong>.<\/strong><\/p>\n\n\n\n<iframe src=\"https:\/\/www.google.com\/maps\/embed?pb=!1m14!1m8!1m3!1d7138.493860923533!2d10.38561385258701!3d63.429771300000006!3m2!1i1024!2i768!4f13.1!3m3!1m2!1s0x466d319ac2585675%3A0xed0b321cd054b138!2sSalem%20Menighet!5e0!3m2!1sno!2ske!4v1643017957425!5m2!1sno!2ske\" width=\"800\" height=\"600\" style=\"border:0;\" allowfullscreen=\"\" loading=\"lazy\"><\/iframe>\n","protected":false},"excerpt":{"rendered":"<p>I l\u00f8pet av neste skole\u00e5r flytter G\u00e5 Ut Senteret inn i splitter nye lokaler i Trondheim sentrum!<\/p>\n","protected":false},"author":1,"featured_media":5998,"comment_status":"open","ping_status":"open","sticky":false,"template":"","format":"standard","meta":{"_exactmetrics_skip_tracking":false,"_exactmetrics_sitenote_active":false,"_exactmetrics_sitenote_note":"","_exactmetrics_sitenote_category":0,"footnotes":""},"categories":[23],"tags":[],"class_list":["post-5995","post","type-post","status-publish","format-standard","has-post-thumbnail","hentry","category-om-gus","has-thumbnail"],"yoast_head":"<!-- This site is optimized with the Yoast SEO plugin v23.5 - https:\/\/yoast.com\/wordpress\/plugins\/seo\/ -->\n<title>Vi flytter til splitter nye lokaler i Trondheim sentrum - Blogg<\/title>\n<meta name=\"robots\" content=\"index, follow, max-snippet:-1, max-image-preview:large, max-video-preview:-1\" \/>\n<link rel=\"canonical\" href=\"http:\/\/gus.no\/blogg\/splitter-nye-lokaler-i-trondheim-sentrum\/\" \/>\n<meta property=\"og:locale\" content=\"nb_NO\" \/>\n<meta property=\"og:type\" content=\"article\" \/>\n<meta property=\"og:title\" content=\"Vi flytter til splitter nye lokaler i Trondheim sentrum - Blogg\" \/>\n<meta property=\"og:description\" content=\"I l\u00f8pet av neste skole\u00e5r flytter G\u00e5 Ut Senteret inn i splitter nye lokaler i Trondheim sentrum!\" \/>\n<meta property=\"og:url\" content=\"http:\/\/gus.no\/blogg\/splitter-nye-lokaler-i-trondheim-sentrum\/\" \/>\n<meta property=\"og:site_name\" content=\"Blogg\" \/>\n<meta property=\"article:publisher\" content=\"http:\/\/www.facebook.com\/gaautsenteret\" \/>\n<meta property=\"article:published_time\" content=\"2022-01-24T10:01:01+00:00\" \/>\n<meta property=\"article:modified_time\" content=\"2022-01-24T10:16:41+00:00\" \/>\n<meta property=\"og:image\" content=\"http:\/\/gus.no\/blogg\/wp-content\/uploads\/2022\/01\/nyesalem-1024x768.jpg\" \/>\n\t<meta property=\"og:image:width\" content=\"1024\" \/>\n\t<meta property=\"og:image:height\" content=\"768\" \/>\n\t<meta property=\"og:image:type\" content=\"image\/jpeg\" \/>\n<meta name=\"author\" content=\"\u00d8rjan, rektor\" \/>\n<meta name=\"twitter:card\" content=\"summary_large_image\" \/>\n<meta name=\"twitter:label1\" content=\"Skrevet av\" \/>\n\t<meta name=\"twitter:data1\" content=\"\u00d8rjan, rektor\" \/>\n\t<meta name=\"twitter:label2\" content=\"Ansl. lesetid\" \/>\n\t<meta name=\"twitter:data2\" content=\"2 minutter\" \/>\n<script type=\"application\/ld+json\" class=\"yoast-schema-graph\">{\"@context\":\"https:\/\/schema.org\",\"@graph\":[{\"@type\":\"WebPage\",\"@id\":\"http:\/\/gus.no\/blogg\/splitter-nye-lokaler-i-trondheim-sentrum\/\",\"url\":\"http:\/\/gus.no\/blogg\/splitter-nye-lokaler-i-trondheim-sentrum\/\",\"name\":\"Vi flytter til splitter nye lokaler i Trondheim sentrum - Blogg\",\"isPartOf\":{\"@id\":\"http:\/\/gus.no\/blogg\/#website\"},\"primaryImageOfPage\":{\"@id\":\"http:\/\/gus.no\/blogg\/splitter-nye-lokaler-i-trondheim-sentrum\/#primaryimage\"},\"image\":{\"@id\":\"http:\/\/gus.no\/blogg\/splitter-nye-lokaler-i-trondheim-sentrum\/#primaryimage\"},\"thumbnailUrl\":\"http:\/\/gus.no\/blogg\/wp-content\/uploads\/2022\/01\/nyesalem.jpg\",\"datePublished\":\"2022-01-24T10:01:01+00:00\",\"dateModified\":\"2022-01-24T10:16:41+00:00\",\"author\":{\"@id\":\"http:\/\/gus.no\/blogg\/#\/schema\/person\/f10cf271f76aa556fadb30c931d41d6b\"},\"breadcrumb\":{\"@id\":\"http:\/\/gus.no\/blogg\/splitter-nye-lokaler-i-trondheim-sentrum\/#breadcrumb\"},\"inLanguage\":\"nb-NO\",\"potentialAction\":[{\"@type\":\"ReadAction\",\"target\":[\"http:\/\/gus.no\/blogg\/splitter-nye-lokaler-i-trondheim-sentrum\/\"]}]},{\"@type\":\"ImageObject\",\"inLanguage\":\"nb-NO\",\"@id\":\"http:\/\/gus.no\/blogg\/splitter-nye-lokaler-i-trondheim-sentrum\/#primaryimage\",\"url\":\"http:\/\/gus.no\/blogg\/wp-content\/uploads\/2022\/01\/nyesalem.jpg\",\"contentUrl\":\"http:\/\/gus.no\/blogg\/wp-content\/uploads\/2022\/01\/nyesalem.jpg\",\"width\":3072,\"height\":2304},{\"@type\":\"BreadcrumbList\",\"@id\":\"http:\/\/gus.no\/blogg\/splitter-nye-lokaler-i-trondheim-sentrum\/#breadcrumb\",\"itemListElement\":[{\"@type\":\"ListItem\",\"position\":1,\"name\":\"Hjem\",\"item\":\"http:\/\/gus.no\/blogg\/\"},{\"@type\":\"ListItem\",\"position\":2,\"name\":\"Vi flytter til splitter nye lokaler i Trondheim sentrum\"}]},{\"@type\":\"WebSite\",\"@id\":\"http:\/\/gus.no\/blogg\/#website\",\"url\":\"http:\/\/gus.no\/blogg\/\",\"name\":\"Blogg\",\"description\":\"G\u00e5 Ut Senteret\",\"potentialAction\":[{\"@type\":\"SearchAction\",\"target\":{\"@type\":\"EntryPoint\",\"urlTemplate\":\"http:\/\/gus.no\/blogg\/?s={search_term_string}\"},\"query-input\":{\"@type\":\"PropertyValueSpecification\",\"valueRequired\":true,\"valueName\":\"search_term_string\"}}],\"inLanguage\":\"nb-NO\"},{\"@type\":\"Person\",\"@id\":\"http:\/\/gus.no\/blogg\/#\/schema\/person\/f10cf271f76aa556fadb30c931d41d6b\",\"name\":\"\u00d8rjan, rektor\",\"url\":\"http:\/\/gus.no\/blogg\/author\/otinnen\/\"}]}<\/script>\n<!-- \/ Yoast SEO plugin. -->","yoast_head_json":{"title":"Vi flytter til splitter nye lokaler i Trondheim sentrum - Blogg","robots":{"index":"index","follow":"follow","max-snippet":"max-snippet:-1","max-image-preview":"max-image-preview:large","max-video-preview":"max-video-preview:-1"},"canonical":"http:\/\/gus.no\/blogg\/splitter-nye-lokaler-i-trondheim-sentrum\/","og_locale":"nb_NO","og_type":"article","og_title":"Vi flytter til splitter nye lokaler i Trondheim sentrum - Blogg","og_description":"I l\u00f8pet av neste skole\u00e5r flytter G\u00e5 Ut Senteret inn i splitter nye lokaler i Trondheim sentrum!","og_url":"http:\/\/gus.no\/blogg\/splitter-nye-lokaler-i-trondheim-sentrum\/","og_site_name":"Blogg","article_publisher":"http:\/\/www.facebook.com\/gaautsenteret","article_published_time":"2022-01-24T10:01:01+00:00","article_modified_time":"2022-01-24T10:16:41+00:00","og_image":[{"width":1024,"height":768,"url":"http:\/\/gus.no\/blogg\/wp-content\/uploads\/2022\/01\/nyesalem-1024x768.jpg","type":"image\/jpeg"}],"author":"\u00d8rjan, rektor","twitter_card":"summary_large_image","twitter_misc":{"Skrevet av":"\u00d8rjan, rektor","Ansl. lesetid":"2 minutter"},"schema":{"@context":"https:\/\/schema.org","@graph":[{"@type":"WebPage","@id":"http:\/\/gus.no\/blogg\/splitter-nye-lokaler-i-trondheim-sentrum\/","url":"http:\/\/gus.no\/blogg\/splitter-nye-lokaler-i-trondheim-sentrum\/","name":"Vi flytter til splitter nye lokaler i Trondheim sentrum - Blogg","isPartOf":{"@id":"http:\/\/gus.no\/blogg\/#website"},"primaryImageOfPage":{"@id":"http:\/\/gus.no\/blogg\/splitter-nye-lokaler-i-trondheim-sentrum\/#primaryimage"},"image":{"@id":"http:\/\/gus.no\/blogg\/splitter-nye-lokaler-i-trondheim-sentrum\/#primaryimage"},"thumbnailUrl":"http:\/\/gus.no\/blogg\/wp-content\/uploads\/2022\/01\/nyesalem.jpg","datePublished":"2022-01-24T10:01:01+00:00","dateModified":"2022-01-24T10:16:41+00:00","author":{"@id":"http:\/\/gus.no\/blogg\/#\/schema\/person\/f10cf271f76aa556fadb30c931d41d6b"},"breadcrumb":{"@id":"http:\/\/gus.no\/blogg\/splitter-nye-lokaler-i-trondheim-sentrum\/#breadcrumb"},"inLanguage":"nb-NO","potentialAction":[{"@type":"ReadAction","target":["http:\/\/gus.no\/blogg\/splitter-nye-lokaler-i-trondheim-sentrum\/"]}]},{"@type":"ImageObject","inLanguage":"nb-NO","@id":"http:\/\/gus.no\/blogg\/splitter-nye-lokaler-i-trondheim-sentrum\/#primaryimage","url":"http:\/\/gus.no\/blogg\/wp-content\/uploads\/2022\/01\/nyesalem.jpg","contentUrl":"http:\/\/gus.no\/blogg\/wp-content\/uploads\/2022\/01\/nyesalem.jpg","width":3072,"height":2304},{"@type":"BreadcrumbList","@id":"http:\/\/gus.no\/blogg\/splitter-nye-lokaler-i-trondheim-sentrum\/#breadcrumb","itemListElement":[{"@type":"ListItem","position":1,"name":"Hjem","item":"http:\/\/gus.no\/blogg\/"},{"@type":"ListItem","position":2,"name":"Vi flytter til splitter nye lokaler i Trondheim sentrum"}]},{"@type":"WebSite","@id":"http:\/\/gus.no\/blogg\/#website","url":"http:\/\/gus.no\/blogg\/","name":"Blogg","description":"G\u00e5 Ut Senteret","potentialAction":[{"@type":"SearchAction","target":{"@type":"EntryPoint","urlTemplate":"http:\/\/gus.no\/blogg\/?s={search_term_string}"},"query-input":{"@type":"PropertyValueSpecification","valueRequired":true,"valueName":"search_term_string"}}],"inLanguage":"nb-NO"},{"@type":"Person","@id":"http:\/\/gus.no\/blogg\/#\/schema\/person\/f10cf271f76aa556fadb30c931d41d6b","name":"\u00d8rjan, rektor","url":"http:\/\/gus.no\/blogg\/author\/otinnen\/"}]}},"_links":{"self":[{"href":"http:\/\/gus.no\/blogg\/wp-json\/wp\/v2\/posts\/5995"}],"collection":[{"href":"http:\/\/gus.no\/blogg\/wp-json\/wp\/v2\/posts"}],"about":[{"href":"http:\/\/gus.no\/blogg\/wp-json\/wp\/v2\/types\/post"}],"author":[{"embeddable":true,"href":"http:\/\/gus.no\/blogg\/wp-json\/wp\/v2\/users\/1"}],"replies":[{"embeddable":true,"href":"http:\/\/gus.no\/blogg\/wp-json\/wp\/v2\/comments?post=5995"}],"version-history":[{"count":5,"href":"http:\/\/gus.no\/blogg\/wp-json\/wp\/v2\/posts\/5995\/revisions"}],"predecessor-version":[{"id":6008,"href":"http:\/\/gus.no\/blogg\/wp-json\/wp\/v2\/posts\/5995\/revisions\/6008"}],"wp:featuredmedia":[{"embeddable":true,"href":"http:\/\/gus.no\/blogg\/wp-json\/wp\/v2\/media\/5998"}],"wp:attachment":[{"href":"http:\/\/gus.no\/blogg\/wp-json\/wp\/v2\/media?parent=5995"}],"wp:term":[{"taxonomy":"category","embeddable":true,"href":"http:\/\/gus.no\/blogg\/wp-json\/wp\/v2\/categories?post=5995"},{"taxonomy":"post_tag","embeddable":true,"href":"http:\/\/gus.no\/blogg\/wp-json\/wp\/v2\/tags?post=5995"}],"curies":[{"name":"wp","href":"https:\/\/api.w.org\/{rel}","templated":true}]}}