{"id":2141,"date":"2018-12-02T10:32:51","date_gmt":"2018-12-02T09:32:51","guid":{"rendered":"http:\/\/gus.no\/blogg\/?p=2141"},"modified":"2018-12-02T10:32:51","modified_gmt":"2018-12-02T09:32:51","slug":"forste-uke-under-ekvator","status":"publish","type":"post","link":"https:\/\/gus.no\/blogg\/forste-uke-under-ekvator\/","title":{"rendered":"F\u00f8rste uke under ekvator"},"content":{"rendered":"<p>Vi satt oss p\u00e5 flyet med mange forventninger, selv om vi egentlig ikke vet hva vi kunne forvente. Vi visste ikke hvor vi skulle bo, eller om det var noe kjent med det som ville m\u00f8te oss.<\/p>\n<p>Uansett hvor lite vi visste om hva vi hadde foran oss, visste vi hvert fall en ting \u2013 vi reiser ikke alene. Trygge i tanken p\u00e5 at vi skulle p\u00e5 eventyr med Gud, dro vi ut i verden med stort p\u00e5gangsmot og godt hum\u00f8r. Turen gikk til Bali, v\u00e5rt nye hjem.<\/p>\n<p>Vi kom oss frem, og det i seg selv var et m\u00e5l. V\u00e5r andre oppgave var \u00e5 finne ut hvor vi skulle bo. Hadde vi egentlig noe ly for natten? Vi kom frem til at vi var smarte som hadde tatt med oss hengek\u00f8yer\u2013 men fikk heldigvis ikke bruk for dem f\u00f8rste natten. Mentorene v\u00e5re hadde funnet et sted til oss mens vi satt p\u00e5 flyet nedover. Det viste seg at vi skulle flytte inn i andreetasje hos v\u00e5r kj\u00e6re Oma(bestemor) Kim. Oma er ei lokal og nydelig b\u00f8nnedame som smiler konstant, og vi er kjempe takknemlige for at hun har tatt oss imot med \u00e5pne armer. Nabolaget er ogs\u00e5 supert, og vi er blitt lovet yogatimer av dama over gata.<\/p>\n<div id='gallery-1' class='gallery galleryid-2141 gallery-columns-3 gallery-size-full'><figure class='gallery-item'>\n\t\t\t<div class='gallery-icon landscape'>\n\t\t\t\t<a href='https:\/\/gus.no\/blogg\/forste-uke-under-ekvator\/ja\/'><img loading=\"lazy\" decoding=\"async\" width=\"2048\" height=\"1536\" src=\"https:\/\/gus.no\/blogg\/wp-content\/uploads\/2018\/11\/ja.jpg\" class=\"attachment-full size-full\" alt=\"\" srcset=\"https:\/\/gus.no\/blogg\/wp-content\/uploads\/2018\/11\/ja.jpg 2048w, https:\/\/gus.no\/blogg\/wp-content\/uploads\/2018\/11\/ja-300x225.jpg 300w, https:\/\/gus.no\/blogg\/wp-content\/uploads\/2018\/11\/ja-768x576.jpg 768w, https:\/\/gus.no\/blogg\/wp-content\/uploads\/2018\/11\/ja-1024x768.jpg 1024w, https:\/\/gus.no\/blogg\/wp-content\/uploads\/2018\/11\/ja-1200x900.jpg 1200w, https:\/\/gus.no\/blogg\/wp-content\/uploads\/2018\/11\/ja-1860x1395.jpg 1860w\" sizes=\"(max-width: 2048px) 100vw, 2048px\" \/><\/a>\n\t\t\t<\/div><\/figure><figure class='gallery-item'>\n\t\t\t<div class='gallery-icon landscape'>\n\t\t\t\t<a href='https:\/\/gus.no\/blogg\/forste-uke-under-ekvator\/img_6359-2\/'><img loading=\"lazy\" decoding=\"async\" width=\"2016\" height=\"1512\" src=\"https:\/\/gus.no\/blogg\/wp-content\/uploads\/2018\/11\/IMG_6359-1.jpg\" class=\"attachment-full size-full\" alt=\"\" srcset=\"https:\/\/gus.no\/blogg\/wp-content\/uploads\/2018\/11\/IMG_6359-1.jpg 2016w, https:\/\/gus.no\/blogg\/wp-content\/uploads\/2018\/11\/IMG_6359-1-300x225.jpg 300w, https:\/\/gus.no\/blogg\/wp-content\/uploads\/2018\/11\/IMG_6359-1-768x576.jpg 768w, https:\/\/gus.no\/blogg\/wp-content\/uploads\/2018\/11\/IMG_6359-1-1024x768.jpg 1024w, https:\/\/gus.no\/blogg\/wp-content\/uploads\/2018\/11\/IMG_6359-1-1200x900.jpg 1200w, https:\/\/gus.no\/blogg\/wp-content\/uploads\/2018\/11\/IMG_6359-1-1860x1395.jpg 1860w\" sizes=\"(max-width: 2016px) 100vw, 2016px\" \/><\/a>\n\t\t\t<\/div><\/figure><figure class='gallery-item'>\n\t\t\t<div class='gallery-icon landscape'>\n\t\t\t\t<a href='https:\/\/gus.no\/blogg\/forste-uke-under-ekvator\/47078988_359101431591015_1401987023174107136_n\/'><img loading=\"lazy\" decoding=\"async\" width=\"1080\" height=\"815\" src=\"https:\/\/gus.no\/blogg\/wp-content\/uploads\/2018\/11\/47078988_359101431591015_1401987023174107136_n.jpg\" class=\"attachment-full size-full\" alt=\"\" srcset=\"https:\/\/gus.no\/blogg\/wp-content\/uploads\/2018\/11\/47078988_359101431591015_1401987023174107136_n.jpg 1080w, https:\/\/gus.no\/blogg\/wp-content\/uploads\/2018\/11\/47078988_359101431591015_1401987023174107136_n-300x226.jpg 300w, https:\/\/gus.no\/blogg\/wp-content\/uploads\/2018\/11\/47078988_359101431591015_1401987023174107136_n-768x580.jpg 768w, https:\/\/gus.no\/blogg\/wp-content\/uploads\/2018\/11\/47078988_359101431591015_1401987023174107136_n-1024x773.jpg 1024w\" sizes=\"(max-width: 1080px) 100vw, 1080px\" \/><\/a>\n\t\t\t<\/div><\/figure>\n\t\t<\/div>\n\n<p>Det neste som m\u00f8tte oss var at mentorene v\u00e5re satte sin fulle tillit til at vi skulle arrangere en julefest. Denne skulle holdes for tretti barn fra gatesenteret, som Balilife Foundation driver her p\u00e5 Bali. Til tross for varmen vi var kommet til, kombinert med jet-lag var det rett ut \u00e5 kj\u00f8pe inn gaver og ting til juleaktiviteter for barna. Gjengen er enige om at vi koste oss minst like mye som barna med nisse, bading og aktiviteter. Ikke nok med det, skulle vi ogs\u00e5 bli selvstendige \u2013 vi skulle ut alene i trafikken. Dette har g\u00e5tt overraskende bra hvis man ser vekk i fra en del kvelte skrik og konstant gipsing!<\/p>\n<p>Vi har n\u00e5 endelig f\u00e5tt startet med spr\u00e5kkurs, som er kjempespennende samtidig som det er utfordrende. Litt frustrasjon blir det n\u00e5r man etter tiende gangen ikke greier den ene glosen, men vi kommer oss, og gleder oss til \u00e5 komme mer inn p\u00e5 de lokale og bryte spr\u00e5kbarrieren som ligger i lufta.<\/p>\n<p>Ellers blir fritiden forel\u00f8pig fylt av surfing, kj\u00f8ring, mye mat og donuts. Den siste uken er det ikke sjeldent vi har h\u00f8rt Sveinung si: \u00abEg e gira p\u00e5 \u00e5 surfe!\u00bb eller Martin: \u00abI da ska \u00e6 ha donuts!\u00bb. Vi gleder oss til \u00e5 bli bedre kjent med v\u00e5rt nye hjem, og ser frem til \u00e5 bo her de neste m\u00e5nedene. Sampai Jumpa!<\/p>\n<p><iframe loading=\"lazy\" title=\"F\u00f8rste uka p\u00e5 Bali!\" width=\"560\" height=\"315\" src=\"https:\/\/www.youtube.com\/embed\/wwdDbNXRBZM?start=13&#038;feature=oembed\" frameborder=\"0\" allow=\"accelerometer; autoplay; clipboard-write; encrypted-media; gyroscope; picture-in-picture; web-share\" referrerpolicy=\"strict-origin-when-cross-origin\" allowfullscreen><\/iframe><\/p>\n<p>&nbsp;<\/p>\n","protected":false},"excerpt":{"rendered":"<p>Uansett hvor lite vi visste om hva vi hadde foran oss, visste vi hvert fall en ting \u2013 vi reiser ikke alene. Trygge i tanken p\u00e5 at vi skulle p\u00e5 eventyr med Gud dro vi ut i verden med stort p\u00e5gangsmot og godt hum\u00f8r. Turen gikk til Bali, v\u00e5rt nye hjem.<\/p>\n","protected":false},"author":20,"featured_media":2155,"comment_status":"open","ping_status":"open","sticky":false,"template":"","format":"standard","meta":{"_exactmetrics_skip_tracking":false,"_exactmetrics_sitenote_active":false,"_exactmetrics_sitenote_note":"","_exactmetrics_sitenote_category":0,"footnotes":""},"categories":[12,8],"tags":[],"class_list":["post-2141","post","type-post","status-publish","format-standard","has-post-thumbnail","hentry","category-global-disippel","category-indonesia","has-thumbnail"],"yoast_head":"<!-- This site is optimized with the Yoast SEO plugin v23.5 - https:\/\/yoast.com\/wordpress\/plugins\/seo\/ -->\n<title>F\u00f8rste uke under ekvator - Blogg<\/title>\n<meta name=\"robots\" content=\"index, follow, max-snippet:-1, max-image-preview:large, max-video-preview:-1\" \/>\n<link rel=\"canonical\" href=\"https:\/\/gus.no\/blogg\/forste-uke-under-ekvator\/\" \/>\n<meta property=\"og:locale\" content=\"nb_NO\" \/>\n<meta property=\"og:type\" content=\"article\" \/>\n<meta property=\"og:title\" content=\"F\u00f8rste uke under ekvator - Blogg\" \/>\n<meta property=\"og:description\" content=\"Uansett hvor lite vi visste om hva vi hadde foran oss, visste vi hvert fall en ting \u2013 vi reiser ikke alene. Trygge i tanken p\u00e5 at vi skulle p\u00e5 eventyr med Gud dro vi ut i verden med stort p\u00e5gangsmot og godt hum\u00f8r. Turen gikk til Bali, v\u00e5rt nye hjem.\" \/>\n<meta property=\"og:url\" content=\"https:\/\/gus.no\/blogg\/forste-uke-under-ekvator\/\" \/>\n<meta property=\"og:site_name\" content=\"Blogg\" \/>\n<meta property=\"article:publisher\" content=\"http:\/\/www.facebook.com\/gaautsenteret\" \/>\n<meta property=\"article:published_time\" content=\"2018-12-02T09:32:51+00:00\" \/>\n<meta property=\"og:image\" content=\"https:\/\/gus.no\/blogg\/wp-content\/uploads\/2018\/11\/46892090_779674249034546_1112249873710710784_n.jpg\" \/>\n\t<meta property=\"og:image:width\" content=\"2048\" \/>\n\t<meta property=\"og:image:height\" content=\"1247\" \/>\n\t<meta property=\"og:image:type\" content=\"image\/jpeg\" \/>\n<meta name=\"author\" content=\"Team Indonesia (Global disippel 2018\/2019)\" \/>\n<meta name=\"twitter:card\" content=\"summary_large_image\" \/>\n<meta name=\"twitter:label1\" content=\"Skrevet av\" \/>\n\t<meta name=\"twitter:data1\" content=\"Team Indonesia (Global disippel 2018\/2019)\" \/>\n\t<meta name=\"twitter:label2\" content=\"Ansl. lesetid\" \/>\n\t<meta name=\"twitter:data2\" content=\"2 minutter\" \/>\n<script type=\"application\/ld+json\" class=\"yoast-schema-graph\">{\"@context\":\"https:\/\/schema.org\",\"@graph\":[{\"@type\":\"WebPage\",\"@id\":\"https:\/\/gus.no\/blogg\/forste-uke-under-ekvator\/\",\"url\":\"https:\/\/gus.no\/blogg\/forste-uke-under-ekvator\/\",\"name\":\"F\u00f8rste uke under ekvator - Blogg\",\"isPartOf\":{\"@id\":\"http:\/\/gus.no\/blogg\/#website\"},\"primaryImageOfPage\":{\"@id\":\"https:\/\/gus.no\/blogg\/forste-uke-under-ekvator\/#primaryimage\"},\"image\":{\"@id\":\"https:\/\/gus.no\/blogg\/forste-uke-under-ekvator\/#primaryimage\"},\"thumbnailUrl\":\"https:\/\/gus.no\/blogg\/wp-content\/uploads\/2018\/11\/46892090_779674249034546_1112249873710710784_n.jpg\",\"datePublished\":\"2018-12-02T09:32:51+00:00\",\"dateModified\":\"2018-12-02T09:32:51+00:00\",\"author\":{\"@id\":\"http:\/\/gus.no\/blogg\/#\/schema\/person\/f042a0a0935568cad2416d69daabe129\"},\"breadcrumb\":{\"@id\":\"https:\/\/gus.no\/blogg\/forste-uke-under-ekvator\/#breadcrumb\"},\"inLanguage\":\"nb-NO\",\"potentialAction\":[{\"@type\":\"ReadAction\",\"target\":[\"https:\/\/gus.no\/blogg\/forste-uke-under-ekvator\/\"]}]},{\"@type\":\"ImageObject\",\"inLanguage\":\"nb-NO\",\"@id\":\"https:\/\/gus.no\/blogg\/forste-uke-under-ekvator\/#primaryimage\",\"url\":\"https:\/\/gus.no\/blogg\/wp-content\/uploads\/2018\/11\/46892090_779674249034546_1112249873710710784_n.jpg\",\"contentUrl\":\"https:\/\/gus.no\/blogg\/wp-content\/uploads\/2018\/11\/46892090_779674249034546_1112249873710710784_n.jpg\",\"width\":2048,\"height\":1247},{\"@type\":\"BreadcrumbList\",\"@id\":\"https:\/\/gus.no\/blogg\/forste-uke-under-ekvator\/#breadcrumb\",\"itemListElement\":[{\"@type\":\"ListItem\",\"position\":1,\"name\":\"Hjem\",\"item\":\"http:\/\/gus.no\/blogg\/\"},{\"@type\":\"ListItem\",\"position\":2,\"name\":\"F\u00f8rste uke under ekvator\"}]},{\"@type\":\"WebSite\",\"@id\":\"http:\/\/gus.no\/blogg\/#website\",\"url\":\"http:\/\/gus.no\/blogg\/\",\"name\":\"Blogg\",\"description\":\"G\u00e5 Ut Senteret\",\"potentialAction\":[{\"@type\":\"SearchAction\",\"target\":{\"@type\":\"EntryPoint\",\"urlTemplate\":\"http:\/\/gus.no\/blogg\/?s={search_term_string}\"},\"query-input\":{\"@type\":\"PropertyValueSpecification\",\"valueRequired\":true,\"valueName\":\"search_term_string\"}}],\"inLanguage\":\"nb-NO\"},{\"@type\":\"Person\",\"@id\":\"http:\/\/gus.no\/blogg\/#\/schema\/person\/f042a0a0935568cad2416d69daabe129\",\"name\":\"Team Indonesia (Global disippel 2018\/2019)\",\"url\":\"https:\/\/gus.no\/blogg\/author\/karina\/\"}]}<\/script>\n<!-- \/ Yoast SEO plugin. -->","yoast_head_json":{"title":"F\u00f8rste uke under ekvator - Blogg","robots":{"index":"index","follow":"follow","max-snippet":"max-snippet:-1","max-image-preview":"max-image-preview:large","max-video-preview":"max-video-preview:-1"},"canonical":"https:\/\/gus.no\/blogg\/forste-uke-under-ekvator\/","og_locale":"nb_NO","og_type":"article","og_title":"F\u00f8rste uke under ekvator - Blogg","og_description":"Uansett hvor lite vi visste om hva vi hadde foran oss, visste vi hvert fall en ting \u2013 vi reiser ikke alene. Trygge i tanken p\u00e5 at vi skulle p\u00e5 eventyr med Gud dro vi ut i verden med stort p\u00e5gangsmot og godt hum\u00f8r. Turen gikk til Bali, v\u00e5rt nye hjem.","og_url":"https:\/\/gus.no\/blogg\/forste-uke-under-ekvator\/","og_site_name":"Blogg","article_publisher":"http:\/\/www.facebook.com\/gaautsenteret","article_published_time":"2018-12-02T09:32:51+00:00","og_image":[{"width":2048,"height":1247,"url":"https:\/\/gus.no\/blogg\/wp-content\/uploads\/2018\/11\/46892090_779674249034546_1112249873710710784_n.jpg","type":"image\/jpeg"}],"author":"Team Indonesia (Global disippel 2018\/2019)","twitter_card":"summary_large_image","twitter_misc":{"Skrevet av":"Team Indonesia (Global disippel 2018\/2019)","Ansl. lesetid":"2 minutter"},"schema":{"@context":"https:\/\/schema.org","@graph":[{"@type":"WebPage","@id":"https:\/\/gus.no\/blogg\/forste-uke-under-ekvator\/","url":"https:\/\/gus.no\/blogg\/forste-uke-under-ekvator\/","name":"F\u00f8rste uke under ekvator - Blogg","isPartOf":{"@id":"http:\/\/gus.no\/blogg\/#website"},"primaryImageOfPage":{"@id":"https:\/\/gus.no\/blogg\/forste-uke-under-ekvator\/#primaryimage"},"image":{"@id":"https:\/\/gus.no\/blogg\/forste-uke-under-ekvator\/#primaryimage"},"thumbnailUrl":"https:\/\/gus.no\/blogg\/wp-content\/uploads\/2018\/11\/46892090_779674249034546_1112249873710710784_n.jpg","datePublished":"2018-12-02T09:32:51+00:00","dateModified":"2018-12-02T09:32:51+00:00","author":{"@id":"http:\/\/gus.no\/blogg\/#\/schema\/person\/f042a0a0935568cad2416d69daabe129"},"breadcrumb":{"@id":"https:\/\/gus.no\/blogg\/forste-uke-under-ekvator\/#breadcrumb"},"inLanguage":"nb-NO","potentialAction":[{"@type":"ReadAction","target":["https:\/\/gus.no\/blogg\/forste-uke-under-ekvator\/"]}]},{"@type":"ImageObject","inLanguage":"nb-NO","@id":"https:\/\/gus.no\/blogg\/forste-uke-under-ekvator\/#primaryimage","url":"https:\/\/gus.no\/blogg\/wp-content\/uploads\/2018\/11\/46892090_779674249034546_1112249873710710784_n.jpg","contentUrl":"https:\/\/gus.no\/blogg\/wp-content\/uploads\/2018\/11\/46892090_779674249034546_1112249873710710784_n.jpg","width":2048,"height":1247},{"@type":"BreadcrumbList","@id":"https:\/\/gus.no\/blogg\/forste-uke-under-ekvator\/#breadcrumb","itemListElement":[{"@type":"ListItem","position":1,"name":"Hjem","item":"http:\/\/gus.no\/blogg\/"},{"@type":"ListItem","position":2,"name":"F\u00f8rste uke under ekvator"}]},{"@type":"WebSite","@id":"http:\/\/gus.no\/blogg\/#website","url":"http:\/\/gus.no\/blogg\/","name":"Blogg","description":"G\u00e5 Ut Senteret","potentialAction":[{"@type":"SearchAction","target":{"@type":"EntryPoint","urlTemplate":"http:\/\/gus.no\/blogg\/?s={search_term_string}"},"query-input":{"@type":"PropertyValueSpecification","valueRequired":true,"valueName":"search_term_string"}}],"inLanguage":"nb-NO"},{"@type":"Person","@id":"http:\/\/gus.no\/blogg\/#\/schema\/person\/f042a0a0935568cad2416d69daabe129","name":"Team Indonesia (Global disippel 2018\/2019)","url":"https:\/\/gus.no\/blogg\/author\/karina\/"}]}},"_links":{"self":[{"href":"https:\/\/gus.no\/blogg\/wp-json\/wp\/v2\/posts\/2141"}],"collection":[{"href":"https:\/\/gus.no\/blogg\/wp-json\/wp\/v2\/posts"}],"about":[{"href":"https:\/\/gus.no\/blogg\/wp-json\/wp\/v2\/types\/post"}],"author":[{"embeddable":true,"href":"https:\/\/gus.no\/blogg\/wp-json\/wp\/v2\/users\/20"}],"replies":[{"embeddable":true,"href":"https:\/\/gus.no\/blogg\/wp-json\/wp\/v2\/comments?post=2141"}],"version-history":[{"count":7,"href":"https:\/\/gus.no\/blogg\/wp-json\/wp\/v2\/posts\/2141\/revisions"}],"predecessor-version":[{"id":2166,"href":"https:\/\/gus.no\/blogg\/wp-json\/wp\/v2\/posts\/2141\/revisions\/2166"}],"wp:featuredmedia":[{"embeddable":true,"href":"https:\/\/gus.no\/blogg\/wp-json\/wp\/v2\/media\/2155"}],"wp:attachment":[{"href":"https:\/\/gus.no\/blogg\/wp-json\/wp\/v2\/media?parent=2141"}],"wp:term":[{"taxonomy":"category","embeddable":true,"href":"https:\/\/gus.no\/blogg\/wp-json\/wp\/v2\/categories?post=2141"},{"taxonomy":"post_tag","embeddable":true,"href":"https:\/\/gus.no\/blogg\/wp-json\/wp\/v2\/tags?post=2141"}],"curies":[{"name":"wp","href":"https:\/\/api.w.org\/{rel}","templated":true}]}}