{"id":2223,"date":"2018-12-11T13:38:31","date_gmt":"2018-12-11T12:38:31","guid":{"rendered":"http:\/\/gus.no\/blogg\/?p=2223"},"modified":"2018-12-13T09:54:25","modified_gmt":"2018-12-13T08:54:25","slug":"advent-pa-bali","status":"publish","type":"post","link":"https:\/\/gus.no\/blogg\/advent-pa-bali\/","title":{"rendered":"Advent p\u00e5 Bali"},"content":{"rendered":"<p>&nbsp;<\/p>\n<p>Det er snart jul, og selv uten kulde og sn\u00f8 s\u00e5 ser ogs\u00e5 vi her p\u00e5 Bali frem til dette! Medbrakte poser med k\u00e5lrabistappe og en u\u00e5pnet julebrus ligger klar \u00e5 venter p\u00e5 oss &#8211; og vi gleder oss til en helt annerledes jul!<\/p>\n<p>Selv om det er en liten stund igjen til jul, er adventstiden godt i gang. Tradisjon tro har vi her p\u00e5 Bali med oss \u00abJul i svingen\u00bb p\u00e5 DVD, og koser oss med dette hver kveld. Vi har ogs\u00e5 endevendt alle butikker p\u00e5 utkikk etter julekalender, men m\u00e5tte etter en god del kappgang p\u00e5 senteret(og et par klager fra noen, ikke fullt s\u00e5 svette gutter som ville hjem) gi opp letingen. Til tross for ingen julekalender kom vi over en kj\u00f8ttdisk med ribbe, og er rimelig forn\u00f8yd med fangsten! Vi har n\u00e5 gjort v\u00e5rt for \u00e5 komme i julestemning, og det gjenst\u00e5r bare \u00e5 vente p\u00e5 jul.<\/p>\n<p><img loading=\"lazy\" decoding=\"async\" class=\"alignnone size-full wp-image-2238\" src=\"http:\/\/gus.no\/blogg\/wp-content\/uploads\/2018\/12\/Bali13.jpg\" alt=\"\" width=\"640\" height=\"960\" srcset=\"https:\/\/gus.no\/blogg\/wp-content\/uploads\/2018\/12\/Bali13.jpg 640w, https:\/\/gus.no\/blogg\/wp-content\/uploads\/2018\/12\/Bali13-200x300.jpg 200w\" sizes=\"(max-width: 640px) 100vw, 640px\" \/><\/p>\n<p>Ventetiden er en fin tid, men det er ogs\u00e5 en tid hvor t\u00e5lmodigheten settes p\u00e5 pr\u00f8ve. Vi venter. Vi venter p\u00e5 \u00e5 f\u00e5 feire dagen da Jesus kom til verden. Noen er midt i eksamenstid og venter p\u00e5 juleferie. Andre klarer nesten ikke vente til jul, og har allerede begynt \u00e5 lete etter gaver som kan v\u00e6re gjemt rundt i huset. Noen venter ogs\u00e5 p\u00e5 et nytt \u00e5r med nye muligheter. Her p\u00e5 Bali ventes det p\u00e5 jul, men det ventes ogs\u00e5 p\u00e5 andre ting.<\/p>\n<blockquote><p>\u00abVi er nesten ferdige med spr\u00e5kskolen, og den har v\u00e6rt bra den alts\u00e5! Veldig bra! Men vi har v\u00e6rt her i 3 uker og kun hatt skole 3 timer om dagen. Ellers har vi surret rundt og pr\u00f8vd \u00e5 finne ut hvordan en hverdag ser ut her p\u00e5 Bali. Jeg tror vi har funnet frem til noe &#8211; men denne hverdagen ligner mer en ferie, enn det ligner en arbeidsdag.. og jeg har ikke kommet hit for \u00e5 feriere..\u00bb<\/p><\/blockquote>\n<p>Dette var de f\u00f8rste tankene mine som dukket opp n\u00e5r vi f\u00f8rst begynte p\u00e5 spr\u00e5kskolen. At det ligner mer p\u00e5 ferie enn \u00e5 v\u00e6re p\u00e5 jobb for Gud, for det var jo ikke ferie jeg kom hit for. Etter tenking og grubling inns\u00e5 jeg at advent virkelig er en del av min hverdag her og n\u00e5. Og akkurat som vi i adventstiden venter p\u00e5 \u00e5 f\u00e5 feire Jesus, venter vi ogs\u00e5 p\u00e5 \u00e5 f\u00e5 begynne \u00e5 jobbe &#8211; \u00e5 f\u00e5 gj\u00f8re en forskjell.<\/p>\n<div id='gallery-1' class='gallery galleryid-2223 gallery-columns-3 gallery-size-full'><figure class='gallery-item'>\n\t\t\t<div class='gallery-icon landscape'>\n\t\t\t\t<a href='https:\/\/gus.no\/blogg\/advent-pa-bali\/bali-1\/'><img loading=\"lazy\" decoding=\"async\" width=\"1080\" height=\"720\" src=\"https:\/\/gus.no\/blogg\/wp-content\/uploads\/2018\/12\/bali-1-1.jpg\" class=\"attachment-full size-full\" alt=\"\" aria-describedby=\"gallery-1-2242\" srcset=\"https:\/\/gus.no\/blogg\/wp-content\/uploads\/2018\/12\/bali-1-1.jpg 1080w, https:\/\/gus.no\/blogg\/wp-content\/uploads\/2018\/12\/bali-1-1-300x200.jpg 300w, https:\/\/gus.no\/blogg\/wp-content\/uploads\/2018\/12\/bali-1-1-768x512.jpg 768w, https:\/\/gus.no\/blogg\/wp-content\/uploads\/2018\/12\/bali-1-1-1024x683.jpg 1024w\" sizes=\"(max-width: 1080px) 100vw, 1080px\" \/><\/a>\n\t\t\t<\/div>\n\t\t\t\t<figcaption class='wp-caption-text gallery-caption' id='gallery-1-2242'>\n\t\t\t\tSveinung p\u00e5 tur.\n\t\t\t\t<\/figcaption><\/figure><figure class='gallery-item'>\n\t\t\t<div class='gallery-icon landscape'>\n\t\t\t\t<a href='https:\/\/gus.no\/blogg\/advent-pa-bali\/bali12\/'><img loading=\"lazy\" decoding=\"async\" width=\"1080\" height=\"720\" src=\"https:\/\/gus.no\/blogg\/wp-content\/uploads\/2018\/12\/BAli12.jpg\" class=\"attachment-full size-full\" alt=\"\" srcset=\"https:\/\/gus.no\/blogg\/wp-content\/uploads\/2018\/12\/BAli12.jpg 1080w, https:\/\/gus.no\/blogg\/wp-content\/uploads\/2018\/12\/BAli12-300x200.jpg 300w, https:\/\/gus.no\/blogg\/wp-content\/uploads\/2018\/12\/BAli12-768x512.jpg 768w, https:\/\/gus.no\/blogg\/wp-content\/uploads\/2018\/12\/BAli12-1024x683.jpg 1024w\" sizes=\"(max-width: 1080px) 100vw, 1080px\" \/><\/a>\n\t\t\t<\/div><\/figure><figure class='gallery-item'>\n\t\t\t<div class='gallery-icon landscape'>\n\t\t\t\t<a href='https:\/\/gus.no\/blogg\/advent-pa-bali\/bali-4\/'><img loading=\"lazy\" decoding=\"async\" width=\"1080\" height=\"720\" src=\"https:\/\/gus.no\/blogg\/wp-content\/uploads\/2018\/12\/bali-4-1.jpg\" class=\"attachment-full size-full\" alt=\"\" srcset=\"https:\/\/gus.no\/blogg\/wp-content\/uploads\/2018\/12\/bali-4-1.jpg 1080w, https:\/\/gus.no\/blogg\/wp-content\/uploads\/2018\/12\/bali-4-1-300x200.jpg 300w, https:\/\/gus.no\/blogg\/wp-content\/uploads\/2018\/12\/bali-4-1-768x512.jpg 768w, https:\/\/gus.no\/blogg\/wp-content\/uploads\/2018\/12\/bali-4-1-1024x683.jpg 1024w\" sizes=\"(max-width: 1080px) 100vw, 1080px\" \/><\/a>\n\t\t\t<\/div><\/figure>\n\t\t<\/div>\n\n<p>F\u00f8r vi begynner \u00e5 jobbe er det n\u00f8dvendig med forberedelser. Ventetiden brukes p\u00e5 \u00e5 l\u00e6re spr\u00e5ket og \u00e5 bli kjent med kulturen. Dette gj\u00f8r at vi seinere vil kunne bryte barrierene mellom oss og folkene vi m\u00f8ter.\u00a0 Og ja det setter t\u00e5lmodigheten min p\u00e5 pr\u00f8ve.. jeg har s\u00e5 lyst til \u00e5 l\u00f8pe til alle mennesker jeg ser og vise dem Guds godhet, omsorg og kj\u00e6rlighet. Men hvordan kan jeg gj\u00f8re det uten \u00e5 vite hvordan jeg kan kommunisere med dem?<\/p>\n<p>\u00c5 kommunisere med mennesker er vanskeligere enn jeg hadde trodd. Vi har forskjellig spr\u00e5k, forskjellige oppfatninger og forskjellige levem\u00e5ter. Vi prioriterer forskjellig, og vi har forskjellige verdier. Ved \u00e5 vente, observere og l\u00e6re kan vi f\u00e5 tak p\u00e5 nettopp dette. Det er derfor v\u00e5r adventstid her p\u00e5 Bali er s\u00e5 utrolig viktig.<\/p>\n<div id='gallery-2' class='gallery galleryid-2223 gallery-columns-4 gallery-size-full'><figure class='gallery-item'>\n\t\t\t<div class='gallery-icon portrait'>\n\t\t\t\t<a href='https:\/\/gus.no\/blogg\/advent-pa-bali\/bali-6\/'><img loading=\"lazy\" decoding=\"async\" width=\"640\" height=\"960\" src=\"https:\/\/gus.no\/blogg\/wp-content\/uploads\/2018\/12\/bali-6-1.jpg\" class=\"attachment-full size-full\" alt=\"\" srcset=\"https:\/\/gus.no\/blogg\/wp-content\/uploads\/2018\/12\/bali-6-1.jpg 640w, https:\/\/gus.no\/blogg\/wp-content\/uploads\/2018\/12\/bali-6-1-200x300.jpg 200w\" sizes=\"(max-width: 640px) 100vw, 640px\" \/><\/a>\n\t\t\t<\/div><\/figure><figure class='gallery-item'>\n\t\t\t<div class='gallery-icon portrait'>\n\t\t\t\t<a href='https:\/\/gus.no\/blogg\/advent-pa-bali\/bali-8\/'><img loading=\"lazy\" decoding=\"async\" width=\"640\" height=\"960\" src=\"https:\/\/gus.no\/blogg\/wp-content\/uploads\/2018\/12\/bali-8-1.jpg\" class=\"attachment-full size-full\" alt=\"\" srcset=\"https:\/\/gus.no\/blogg\/wp-content\/uploads\/2018\/12\/bali-8-1.jpg 640w, https:\/\/gus.no\/blogg\/wp-content\/uploads\/2018\/12\/bali-8-1-200x300.jpg 200w\" sizes=\"(max-width: 640px) 100vw, 640px\" \/><\/a>\n\t\t\t<\/div><\/figure><figure class='gallery-item'>\n\t\t\t<div class='gallery-icon portrait'>\n\t\t\t\t<a href='https:\/\/gus.no\/blogg\/advent-pa-bali\/bali-5\/'><img loading=\"lazy\" decoding=\"async\" width=\"640\" height=\"960\" src=\"https:\/\/gus.no\/blogg\/wp-content\/uploads\/2018\/12\/bali-5-1.jpg\" class=\"attachment-full size-full\" alt=\"\" srcset=\"https:\/\/gus.no\/blogg\/wp-content\/uploads\/2018\/12\/bali-5-1.jpg 640w, https:\/\/gus.no\/blogg\/wp-content\/uploads\/2018\/12\/bali-5-1-200x300.jpg 200w\" sizes=\"(max-width: 640px) 100vw, 640px\" \/><\/a>\n\t\t\t<\/div><\/figure><figure class='gallery-item'>\n\t\t\t<div class='gallery-icon portrait'>\n\t\t\t\t<a href='https:\/\/gus.no\/blogg\/advent-pa-bali\/bali-2\/'><img loading=\"lazy\" decoding=\"async\" width=\"640\" height=\"960\" src=\"https:\/\/gus.no\/blogg\/wp-content\/uploads\/2018\/12\/Bali-2-1.jpg\" class=\"attachment-full size-full\" alt=\"\" srcset=\"https:\/\/gus.no\/blogg\/wp-content\/uploads\/2018\/12\/Bali-2-1.jpg 640w, https:\/\/gus.no\/blogg\/wp-content\/uploads\/2018\/12\/Bali-2-1-200x300.jpg 200w\" sizes=\"(max-width: 640px) 100vw, 640px\" \/><\/a>\n\t\t\t<\/div><\/figure>\n\t\t<\/div>\n\n<p>Selv om vi ikke begynner \u00e5 jobbe f\u00f8r i begynnelsen av januar betyr denne tiden s\u00e5 utrolig mye for v\u00e5rt opphold her og menneskene vi kommer til \u00e5 m\u00f8te fremover. Med mye fridager og ingen jobbing m\u00e5 vi stole p\u00e5 at Gud har kontrollen! Vi m\u00e5 stole p\u00e5 at selv i sus og dus s\u00e5 kan Gud bruke oss! At selv i en tid hvor vi venter &#8211; er Gud tilstede.<\/p>\n<p>Selv m\u00e5 jeg vente til jeg er klar for \u00e5 m\u00f8te mennesker p\u00e5 best mulig m\u00e5te. Og ogs\u00e5 gjennom min venting kan Gud virke! Gud virker p\u00e5 en uforst\u00e5elig og fantastisk m\u00e5te &#8211; og selv om man kanskje ikke ser eller merker det, s\u00e5 er Han tilstede akkurat der du er og der jeg er! Han er her p\u00e5 Bali og selv om jeg f\u00f8ler p\u00e5 advent-stemningen, vet jeg at det kun er jeg som venter. For Gud venter ikke, han har ikke fridager. Han jobber akkurat her og n\u00e5! Og jeg gleder meg til \u00e5 se hvilke planer Han har for Bali og oss fremover!<\/p>\n<p>Vi hilser fra Bali og \u00f8nsker alle en riktig fin adventstid og GOD JUL!<\/p>\n<h4><strong>Bibelskole neste \u00e5r?<\/strong><\/h4>\n<p>N\u00e5 kan du s\u00f8ke om plass p\u00e5 G\u00e5 Ut Senteret for skole\u00e5ret 2019\/2020. Sjekk ut linjene og s\u00f8k om plass p\u00e5 <strong><a href=\"http:\/\/www.gus.no\">gus.no.<\/a><\/strong><\/p>\n","protected":false},"excerpt":{"rendered":"<p>&laquo;..selv om jeg f\u00f8ler p\u00e5 advent-stemningen, vet jeg at det kun er jeg som venter. For Gud venter ikke, han har ikke fridager. Han jobber akkurat her og n\u00e5!&raquo;<\/p>\n","protected":false},"author":20,"featured_media":2235,"comment_status":"open","ping_status":"open","sticky":false,"template":"","format":"standard","meta":{"_exactmetrics_skip_tracking":false,"_exactmetrics_sitenote_active":false,"_exactmetrics_sitenote_note":"","_exactmetrics_sitenote_category":0,"footnotes":""},"categories":[12,8,1],"tags":[],"class_list":["post-2223","post","type-post","status-publish","format-standard","has-post-thumbnail","hentry","category-global-disippel","category-indonesia","category-ukategorisert","has-thumbnail"],"yoast_head":"<!-- This site is optimized with the Yoast SEO plugin v23.5 - https:\/\/yoast.com\/wordpress\/plugins\/seo\/ -->\n<title>Advent p\u00e5 Bali - Blogg<\/title>\n<meta name=\"robots\" content=\"index, follow, max-snippet:-1, max-image-preview:large, max-video-preview:-1\" \/>\n<link rel=\"canonical\" href=\"https:\/\/gus.no\/blogg\/advent-pa-bali\/\" \/>\n<meta property=\"og:locale\" content=\"nb_NO\" \/>\n<meta property=\"og:type\" content=\"article\" \/>\n<meta property=\"og:title\" content=\"Advent p\u00e5 Bali - Blogg\" \/>\n<meta property=\"og:description\" content=\"&quot;..selv om jeg f\u00f8ler p\u00e5 advent-stemningen, vet jeg at det kun er jeg som venter. For Gud venter ikke, han har ikke fridager. Han jobber akkurat her og n\u00e5!&quot;\" \/>\n<meta property=\"og:url\" content=\"https:\/\/gus.no\/blogg\/advent-pa-bali\/\" \/>\n<meta property=\"og:site_name\" content=\"Blogg\" \/>\n<meta property=\"article:publisher\" content=\"http:\/\/www.facebook.com\/gaautsenteret\" \/>\n<meta property=\"article:published_time\" content=\"2018-12-11T12:38:31+00:00\" \/>\n<meta property=\"article:modified_time\" content=\"2018-12-13T08:54:25+00:00\" \/>\n<meta property=\"og:image\" content=\"https:\/\/gus.no\/blogg\/wp-content\/uploads\/2018\/12\/bali-10.jpg\" \/>\n\t<meta property=\"og:image:width\" content=\"2048\" \/>\n\t<meta property=\"og:image:height\" content=\"1280\" \/>\n\t<meta property=\"og:image:type\" content=\"image\/jpeg\" \/>\n<meta name=\"author\" content=\"Team Indonesia (Global disippel 2018\/2019)\" \/>\n<meta name=\"twitter:card\" content=\"summary_large_image\" \/>\n<meta name=\"twitter:label1\" content=\"Skrevet av\" \/>\n\t<meta name=\"twitter:data1\" content=\"Karina - Team Indonesia (Global disippel 2018\/2019)\" \/>\n\t<meta name=\"twitter:label2\" content=\"Ansl. lesetid\" \/>\n\t<meta name=\"twitter:data2\" content=\"4 minutter\" \/>\n<script type=\"application\/ld+json\" class=\"yoast-schema-graph\">{\"@context\":\"https:\/\/schema.org\",\"@graph\":[{\"@type\":\"WebPage\",\"@id\":\"https:\/\/gus.no\/blogg\/advent-pa-bali\/\",\"url\":\"https:\/\/gus.no\/blogg\/advent-pa-bali\/\",\"name\":\"Advent p\u00e5 Bali - Blogg\",\"isPartOf\":{\"@id\":\"https:\/\/gus.no\/blogg\/#website\"},\"primaryImageOfPage\":{\"@id\":\"https:\/\/gus.no\/blogg\/advent-pa-bali\/#primaryimage\"},\"image\":{\"@id\":\"https:\/\/gus.no\/blogg\/advent-pa-bali\/#primaryimage\"},\"thumbnailUrl\":\"https:\/\/gus.no\/blogg\/wp-content\/uploads\/2018\/12\/bali-10.jpg\",\"datePublished\":\"2018-12-11T12:38:31+00:00\",\"dateModified\":\"2018-12-13T08:54:25+00:00\",\"author\":{\"@id\":\"https:\/\/gus.no\/blogg\/#\/schema\/person\/f042a0a0935568cad2416d69daabe129\"},\"breadcrumb\":{\"@id\":\"https:\/\/gus.no\/blogg\/advent-pa-bali\/#breadcrumb\"},\"inLanguage\":\"nb-NO\",\"potentialAction\":[{\"@type\":\"ReadAction\",\"target\":[\"https:\/\/gus.no\/blogg\/advent-pa-bali\/\"]}]},{\"@type\":\"ImageObject\",\"inLanguage\":\"nb-NO\",\"@id\":\"https:\/\/gus.no\/blogg\/advent-pa-bali\/#primaryimage\",\"url\":\"https:\/\/gus.no\/blogg\/wp-content\/uploads\/2018\/12\/bali-10.jpg\",\"contentUrl\":\"https:\/\/gus.no\/blogg\/wp-content\/uploads\/2018\/12\/bali-10.jpg\",\"width\":2048,\"height\":1280},{\"@type\":\"BreadcrumbList\",\"@id\":\"https:\/\/gus.no\/blogg\/advent-pa-bali\/#breadcrumb\",\"itemListElement\":[{\"@type\":\"ListItem\",\"position\":1,\"name\":\"Hjem\",\"item\":\"https:\/\/gus.no\/blogg\/\"},{\"@type\":\"ListItem\",\"position\":2,\"name\":\"Advent p\u00e5 Bali\"}]},{\"@type\":\"WebSite\",\"@id\":\"https:\/\/gus.no\/blogg\/#website\",\"url\":\"https:\/\/gus.no\/blogg\/\",\"name\":\"Blogg\",\"description\":\"G\u00e5 Ut Senteret\",\"potentialAction\":[{\"@type\":\"SearchAction\",\"target\":{\"@type\":\"EntryPoint\",\"urlTemplate\":\"https:\/\/gus.no\/blogg\/?s={search_term_string}\"},\"query-input\":{\"@type\":\"PropertyValueSpecification\",\"valueRequired\":true,\"valueName\":\"search_term_string\"}}],\"inLanguage\":\"nb-NO\"},{\"@type\":\"Person\",\"@id\":\"https:\/\/gus.no\/blogg\/#\/schema\/person\/f042a0a0935568cad2416d69daabe129\",\"name\":\"Team Indonesia (Global disippel 2018\/2019)\",\"url\":\"https:\/\/gus.no\/blogg\/author\/karina\/\"}]}<\/script>\n<!-- \/ Yoast SEO plugin. -->","yoast_head_json":{"title":"Advent p\u00e5 Bali - Blogg","robots":{"index":"index","follow":"follow","max-snippet":"max-snippet:-1","max-image-preview":"max-image-preview:large","max-video-preview":"max-video-preview:-1"},"canonical":"https:\/\/gus.no\/blogg\/advent-pa-bali\/","og_locale":"nb_NO","og_type":"article","og_title":"Advent p\u00e5 Bali - Blogg","og_description":"\"..selv om jeg f\u00f8ler p\u00e5 advent-stemningen, vet jeg at det kun er jeg som venter. For Gud venter ikke, han har ikke fridager. Han jobber akkurat her og n\u00e5!\"","og_url":"https:\/\/gus.no\/blogg\/advent-pa-bali\/","og_site_name":"Blogg","article_publisher":"http:\/\/www.facebook.com\/gaautsenteret","article_published_time":"2018-12-11T12:38:31+00:00","article_modified_time":"2018-12-13T08:54:25+00:00","og_image":[{"width":2048,"height":1280,"url":"https:\/\/gus.no\/blogg\/wp-content\/uploads\/2018\/12\/bali-10.jpg","type":"image\/jpeg"}],"author":"Team Indonesia (Global disippel 2018\/2019)","twitter_card":"summary_large_image","twitter_misc":{"Skrevet av":"Karina - Team Indonesia (Global disippel 2018\/2019)","Ansl. lesetid":"4 minutter"},"schema":{"@context":"https:\/\/schema.org","@graph":[{"@type":"WebPage","@id":"https:\/\/gus.no\/blogg\/advent-pa-bali\/","url":"https:\/\/gus.no\/blogg\/advent-pa-bali\/","name":"Advent p\u00e5 Bali - Blogg","isPartOf":{"@id":"https:\/\/gus.no\/blogg\/#website"},"primaryImageOfPage":{"@id":"https:\/\/gus.no\/blogg\/advent-pa-bali\/#primaryimage"},"image":{"@id":"https:\/\/gus.no\/blogg\/advent-pa-bali\/#primaryimage"},"thumbnailUrl":"https:\/\/gus.no\/blogg\/wp-content\/uploads\/2018\/12\/bali-10.jpg","datePublished":"2018-12-11T12:38:31+00:00","dateModified":"2018-12-13T08:54:25+00:00","author":{"@id":"https:\/\/gus.no\/blogg\/#\/schema\/person\/f042a0a0935568cad2416d69daabe129"},"breadcrumb":{"@id":"https:\/\/gus.no\/blogg\/advent-pa-bali\/#breadcrumb"},"inLanguage":"nb-NO","potentialAction":[{"@type":"ReadAction","target":["https:\/\/gus.no\/blogg\/advent-pa-bali\/"]}]},{"@type":"ImageObject","inLanguage":"nb-NO","@id":"https:\/\/gus.no\/blogg\/advent-pa-bali\/#primaryimage","url":"https:\/\/gus.no\/blogg\/wp-content\/uploads\/2018\/12\/bali-10.jpg","contentUrl":"https:\/\/gus.no\/blogg\/wp-content\/uploads\/2018\/12\/bali-10.jpg","width":2048,"height":1280},{"@type":"BreadcrumbList","@id":"https:\/\/gus.no\/blogg\/advent-pa-bali\/#breadcrumb","itemListElement":[{"@type":"ListItem","position":1,"name":"Hjem","item":"https:\/\/gus.no\/blogg\/"},{"@type":"ListItem","position":2,"name":"Advent p\u00e5 Bali"}]},{"@type":"WebSite","@id":"https:\/\/gus.no\/blogg\/#website","url":"https:\/\/gus.no\/blogg\/","name":"Blogg","description":"G\u00e5 Ut Senteret","potentialAction":[{"@type":"SearchAction","target":{"@type":"EntryPoint","urlTemplate":"https:\/\/gus.no\/blogg\/?s={search_term_string}"},"query-input":{"@type":"PropertyValueSpecification","valueRequired":true,"valueName":"search_term_string"}}],"inLanguage":"nb-NO"},{"@type":"Person","@id":"https:\/\/gus.no\/blogg\/#\/schema\/person\/f042a0a0935568cad2416d69daabe129","name":"Team Indonesia (Global disippel 2018\/2019)","url":"https:\/\/gus.no\/blogg\/author\/karina\/"}]}},"_links":{"self":[{"href":"https:\/\/gus.no\/blogg\/wp-json\/wp\/v2\/posts\/2223"}],"collection":[{"href":"https:\/\/gus.no\/blogg\/wp-json\/wp\/v2\/posts"}],"about":[{"href":"https:\/\/gus.no\/blogg\/wp-json\/wp\/v2\/types\/post"}],"author":[{"embeddable":true,"href":"https:\/\/gus.no\/blogg\/wp-json\/wp\/v2\/users\/20"}],"replies":[{"embeddable":true,"href":"https:\/\/gus.no\/blogg\/wp-json\/wp\/v2\/comments?post=2223"}],"version-history":[{"count":11,"href":"https:\/\/gus.no\/blogg\/wp-json\/wp\/v2\/posts\/2223\/revisions"}],"predecessor-version":[{"id":2256,"href":"https:\/\/gus.no\/blogg\/wp-json\/wp\/v2\/posts\/2223\/revisions\/2256"}],"wp:featuredmedia":[{"embeddable":true,"href":"https:\/\/gus.no\/blogg\/wp-json\/wp\/v2\/media\/2235"}],"wp:attachment":[{"href":"https:\/\/gus.no\/blogg\/wp-json\/wp\/v2\/media?parent=2223"}],"wp:term":[{"taxonomy":"category","embeddable":true,"href":"https:\/\/gus.no\/blogg\/wp-json\/wp\/v2\/categories?post=2223"},{"taxonomy":"post_tag","embeddable":true,"href":"https:\/\/gus.no\/blogg\/wp-json\/wp\/v2\/tags?post=2223"}],"curies":[{"name":"wp","href":"https:\/\/api.w.org\/{rel}","templated":true}]}}