{"id":261,"date":"2017-10-07T12:55:59","date_gmt":"2017-10-07T10:55:59","guid":{"rendered":"http:\/\/gus.no\/blogg\/?p=261"},"modified":"2017-11-09T22:26:57","modified_gmt":"2017-11-09T21:26:57","slug":"prove-ga-senteret-hostferien","status":"publish","type":"post","link":"https:\/\/gus.no\/blogg\/prove-ga-senteret-hostferien\/","title":{"rendered":"Disse skal pr\u00f8ve ut G\u00e5 Ut Senteret i h\u00f8stferien"},"content":{"rendered":"<p>I over 20 \u00e5r har G\u00e5 Ut Senteret sendt team til utlandet, og studentene gir hvert \u00e5r gode tilbakemeldinger p\u00e5 utlandspraksisen v\u00e5r.<\/p>\n<p>Da vi i sommer lurte p\u00e5 hvordan enda flere kan f\u00e5 opp \u00f8ynene for det unike opplegget, ble svaret \u00e5 invitere noen som selv er i m\u00e5lgruppen til \u00e5 teste det ut og fortelle hva de opplever. For ca \u00e9n m\u00e5ned siden ble teamet utvalgt, og i dag reiser de til Addis Abeba i Etiopia.<\/p>\n<p><strong>Karl Fredrik \u00d8gaard<\/strong> (Tryggheim VGS), <strong>Emilie Wang<\/strong> (Stavanger katedralskole), <strong>Ingjerd H\u00f8ivik<\/strong> og <strong>Mari Giskegjerde<\/strong> (Kongshaug musikkgymnas) er alle avgangselever p\u00e5 videreg\u00e5ende skole. I dag har de v\u00e6rt sammen p\u00e5 Gardermoen for \u00e5 forberede seg sammen med meg selv og Sunniva Kvamsdal Sveen, som selv gikk p\u00e5 Global disippel og bodde i Etiopia i fjor.<\/p>\n<div id='gallery-1' class='gallery galleryid-261 gallery-columns-1 gallery-size-full'><figure class='gallery-item'>\n\t\t\t<div class='gallery-icon landscape'>\n\t\t\t\t<img loading=\"lazy\" decoding=\"async\" width=\"5472\" height=\"3648\" src=\"https:\/\/gus.no\/blogg\/wp-content\/uploads\/2017\/10\/DSC01781.jpg\" class=\"attachment-full size-full\" alt=\"\" srcset=\"https:\/\/gus.no\/blogg\/wp-content\/uploads\/2017\/10\/DSC01781.jpg 5472w, https:\/\/gus.no\/blogg\/wp-content\/uploads\/2017\/10\/DSC01781-300x200.jpg 300w, https:\/\/gus.no\/blogg\/wp-content\/uploads\/2017\/10\/DSC01781-768x512.jpg 768w, https:\/\/gus.no\/blogg\/wp-content\/uploads\/2017\/10\/DSC01781-1024x683.jpg 1024w, https:\/\/gus.no\/blogg\/wp-content\/uploads\/2017\/10\/DSC01781-1200x800.jpg 1200w, https:\/\/gus.no\/blogg\/wp-content\/uploads\/2017\/10\/DSC01781-1860x1240.jpg 1860w\" sizes=\"(max-width: 5472px) 100vw, 5472px\" \/>\n\t\t\t<\/div><\/figure>\n\t\t<\/div>\n\n<h4><strong>Utlandsopphold i miniatyr<\/strong><\/h4>\n<p>Vi \u00f8nsker at de fire skal f\u00e5 oppleve et utlandsopphold med G\u00e5 Ut Senteret i miniatyr. Det inneb\u00e6rer teamsamlinger, spr\u00e5kkurs, menighetsliv, bes\u00f8k p\u00e5 v\u00e5re praksisplasser &#8211; og selvsagt fremmed kultur og unike opplevelser i vertslandet.<\/p>\n<p>I ukene f\u00f8r avreise har vi hatt videosamtaler med teamet, og i dag m\u00f8ttes de for f\u00f8rste gang p\u00e5 Gardermoen &#8211; tolv timer f\u00f8r\u00a0Ethiopian Airlines ET715 tar av i retning mot Addis Abeba.<\/p>\n<div id='gallery-2' class='gallery galleryid-261 gallery-columns-2 gallery-size-full'><figure class='gallery-item'>\n\t\t\t<div class='gallery-icon landscape'>\n\t\t\t\t<img loading=\"lazy\" decoding=\"async\" width=\"3648\" height=\"2089\" src=\"https:\/\/gus.no\/blogg\/wp-content\/uploads\/2017\/10\/DSC01789.jpg\" class=\"attachment-full size-full\" alt=\"\" aria-describedby=\"gallery-2-266\" srcset=\"https:\/\/gus.no\/blogg\/wp-content\/uploads\/2017\/10\/DSC01789.jpg 3648w, https:\/\/gus.no\/blogg\/wp-content\/uploads\/2017\/10\/DSC01789-300x172.jpg 300w, https:\/\/gus.no\/blogg\/wp-content\/uploads\/2017\/10\/DSC01789-768x440.jpg 768w, https:\/\/gus.no\/blogg\/wp-content\/uploads\/2017\/10\/DSC01789-1024x586.jpg 1024w, https:\/\/gus.no\/blogg\/wp-content\/uploads\/2017\/10\/DSC01789-1200x687.jpg 1200w, https:\/\/gus.no\/blogg\/wp-content\/uploads\/2017\/10\/DSC01789-1860x1065.jpg 1860w\" sizes=\"(max-width: 3648px) 100vw, 3648px\" \/>\n\t\t\t<\/div>\n\t\t\t\t<figcaption class='wp-caption-text gallery-caption' id='gallery-2-266'>\n\t\t\t\tTeamleder Sunniva blir kjent med Mari og Emilie.\n\t\t\t\t<\/figcaption><\/figure><figure class='gallery-item'>\n\t\t\t<div class='gallery-icon landscape'>\n\t\t\t\t<img loading=\"lazy\" decoding=\"async\" width=\"5472\" height=\"3146\" src=\"https:\/\/gus.no\/blogg\/wp-content\/uploads\/2017\/10\/DSC01782-e1507374540862.jpg\" class=\"attachment-full size-full\" alt=\"\" aria-describedby=\"gallery-2-265\" srcset=\"https:\/\/gus.no\/blogg\/wp-content\/uploads\/2017\/10\/DSC01782-e1507374540862.jpg 5472w, https:\/\/gus.no\/blogg\/wp-content\/uploads\/2017\/10\/DSC01782-e1507374540862-300x172.jpg 300w, https:\/\/gus.no\/blogg\/wp-content\/uploads\/2017\/10\/DSC01782-e1507374540862-768x442.jpg 768w, https:\/\/gus.no\/blogg\/wp-content\/uploads\/2017\/10\/DSC01782-e1507374540862-1024x589.jpg 1024w, https:\/\/gus.no\/blogg\/wp-content\/uploads\/2017\/10\/DSC01782-e1507374540862-1200x690.jpg 1200w, https:\/\/gus.no\/blogg\/wp-content\/uploads\/2017\/10\/DSC01782-e1507374540862-1860x1069.jpg 1860w\" sizes=\"(max-width: 5472px) 100vw, 5472px\" \/>\n\t\t\t<\/div>\n\t\t\t\t<figcaption class='wp-caption-text gallery-caption' id='gallery-2-265'>\n\t\t\t\tKarl Fredrik og Ingjerd under &laquo;speed dating-\u00f8velsen&raquo; f\u00f8r avreise.\n\t\t\t\t<\/figcaption><\/figure>\n\t\t<\/div>\n\n<p>P\u00e5 Gardermoen har de f\u00e5tt en smak av forberedelsesopplegget v\u00e5rt som inkluderer teambuilding, samtaler om hver enkelts ulikheter, \u00f8nsker og behov, innf\u00f8ring i etiopisk kultur og gjennomgang av program for oppholdet.<\/p>\n<h4><strong>F\u00f8lg med p\u00e5 reisen<\/strong><\/h4>\n<p>H\u00f8stferieteamet kommer til \u00e5 skrive flere innlegg p\u00e5 bloggen den neste uken, og du kan ogs\u00e5 f\u00f8lge de p\u00e5 <a href=\"http:\/\/www.instagram.com\/gaautsenteret\">Instagram<\/a> og <a href=\"http:\/\/www.facebook.com\/gaautsenteret\">Facebook<\/a> helt frem til de returnerer til Norge s\u00f8ndag 15. oktober.<\/p>\n<p>God tur! \ud83d\ude42<\/p>\n<p><strong>PS:<\/strong> Kan du tenke deg \u00e5 reise med G\u00e5 Ut Senteret neste \u00e5r? S\u00f8ndag 8. oktober \u00e5pner s\u00f8knadsskjemaet for neste skole\u00e5r p\u00e5 <a href=\"http:\/\/www.gus.no\">gus.no.<\/a><\/p>\n","protected":false},"excerpt":{"rendered":"<p>I august s\u00f8kte vi etter noen som kunne tenke seg \u00e5 pr\u00f8ve ut utlandspraksisen v\u00e5r. N\u00e5 er teamet samlet og p\u00e5 vei til Etiopia!<\/p>\n","protected":false},"author":1,"featured_media":267,"comment_status":"open","ping_status":"open","sticky":false,"template":"","format":"standard","meta":{"_exactmetrics_skip_tracking":false,"_exactmetrics_sitenote_active":false,"_exactmetrics_sitenote_note":"","_exactmetrics_sitenote_category":0,"footnotes":""},"categories":[2,23],"tags":[],"class_list":["post-261","post","type-post","status-publish","format-standard","has-post-thumbnail","hentry","category-etiopia","category-om-gus","has-thumbnail"],"yoast_head":"<!-- This site is optimized with the Yoast SEO plugin v23.5 - https:\/\/yoast.com\/wordpress\/plugins\/seo\/ -->\n<title>Disse skal pr\u00f8ve ut G\u00e5 Ut Senteret i h\u00f8stferien - Blogg<\/title>\n<meta name=\"robots\" content=\"index, follow, max-snippet:-1, max-image-preview:large, max-video-preview:-1\" \/>\n<link rel=\"canonical\" href=\"http:\/\/gus.no\/blogg\/prove-ga-senteret-hostferien\/\" \/>\n<meta property=\"og:locale\" content=\"nb_NO\" \/>\n<meta property=\"og:type\" content=\"article\" \/>\n<meta property=\"og:title\" content=\"Disse skal pr\u00f8ve ut G\u00e5 Ut Senteret i h\u00f8stferien - Blogg\" \/>\n<meta property=\"og:description\" content=\"I august s\u00f8kte vi etter noen som kunne tenke seg \u00e5 pr\u00f8ve ut utlandspraksisen v\u00e5r. N\u00e5 er teamet samlet og p\u00e5 vei til Etiopia!\" \/>\n<meta property=\"og:url\" content=\"http:\/\/gus.no\/blogg\/prove-ga-senteret-hostferien\/\" \/>\n<meta property=\"og:site_name\" content=\"Blogg\" \/>\n<meta property=\"article:publisher\" content=\"http:\/\/www.facebook.com\/gaautsenteret\" \/>\n<meta property=\"article:published_time\" content=\"2017-10-07T10:55:59+00:00\" \/>\n<meta property=\"article:modified_time\" content=\"2017-11-09T21:26:57+00:00\" \/>\n<meta property=\"og:image\" content=\"http:\/\/gus.no\/blogg\/wp-content\/uploads\/2017\/10\/DSC01799-1024x683.jpg\" \/>\n\t<meta property=\"og:image:width\" content=\"1024\" \/>\n\t<meta property=\"og:image:height\" content=\"683\" \/>\n\t<meta property=\"og:image:type\" content=\"image\/jpeg\" \/>\n<meta name=\"author\" content=\"\u00d8rjan, rektor\" \/>\n<meta name=\"twitter:card\" content=\"summary_large_image\" \/>\n<meta name=\"twitter:label1\" content=\"Skrevet av\" \/>\n\t<meta name=\"twitter:data1\" content=\"\u00d8rjan, rektor\" \/>\n\t<meta name=\"twitter:label2\" content=\"Ansl. lesetid\" \/>\n\t<meta name=\"twitter:data2\" content=\"2 minutter\" \/>\n<script type=\"application\/ld+json\" class=\"yoast-schema-graph\">{\"@context\":\"https:\/\/schema.org\",\"@graph\":[{\"@type\":\"WebPage\",\"@id\":\"http:\/\/gus.no\/blogg\/prove-ga-senteret-hostferien\/\",\"url\":\"http:\/\/gus.no\/blogg\/prove-ga-senteret-hostferien\/\",\"name\":\"Disse skal pr\u00f8ve ut G\u00e5 Ut Senteret i h\u00f8stferien - Blogg\",\"isPartOf\":{\"@id\":\"https:\/\/gus.no\/blogg\/#website\"},\"primaryImageOfPage\":{\"@id\":\"http:\/\/gus.no\/blogg\/prove-ga-senteret-hostferien\/#primaryimage\"},\"image\":{\"@id\":\"http:\/\/gus.no\/blogg\/prove-ga-senteret-hostferien\/#primaryimage\"},\"thumbnailUrl\":\"https:\/\/gus.no\/blogg\/wp-content\/uploads\/2017\/10\/DSC01799.jpg\",\"datePublished\":\"2017-10-07T10:55:59+00:00\",\"dateModified\":\"2017-11-09T21:26:57+00:00\",\"author\":{\"@id\":\"https:\/\/gus.no\/blogg\/#\/schema\/person\/f10cf271f76aa556fadb30c931d41d6b\"},\"breadcrumb\":{\"@id\":\"http:\/\/gus.no\/blogg\/prove-ga-senteret-hostferien\/#breadcrumb\"},\"inLanguage\":\"nb-NO\",\"potentialAction\":[{\"@type\":\"ReadAction\",\"target\":[\"http:\/\/gus.no\/blogg\/prove-ga-senteret-hostferien\/\"]}]},{\"@type\":\"ImageObject\",\"inLanguage\":\"nb-NO\",\"@id\":\"http:\/\/gus.no\/blogg\/prove-ga-senteret-hostferien\/#primaryimage\",\"url\":\"https:\/\/gus.no\/blogg\/wp-content\/uploads\/2017\/10\/DSC01799.jpg\",\"contentUrl\":\"https:\/\/gus.no\/blogg\/wp-content\/uploads\/2017\/10\/DSC01799.jpg\",\"width\":5472,\"height\":3648},{\"@type\":\"BreadcrumbList\",\"@id\":\"http:\/\/gus.no\/blogg\/prove-ga-senteret-hostferien\/#breadcrumb\",\"itemListElement\":[{\"@type\":\"ListItem\",\"position\":1,\"name\":\"Hjem\",\"item\":\"https:\/\/gus.no\/blogg\/\"},{\"@type\":\"ListItem\",\"position\":2,\"name\":\"Disse skal pr\u00f8ve ut G\u00e5 Ut Senteret i h\u00f8stferien\"}]},{\"@type\":\"WebSite\",\"@id\":\"https:\/\/gus.no\/blogg\/#website\",\"url\":\"https:\/\/gus.no\/blogg\/\",\"name\":\"Blogg\",\"description\":\"G\u00e5 Ut Senteret\",\"potentialAction\":[{\"@type\":\"SearchAction\",\"target\":{\"@type\":\"EntryPoint\",\"urlTemplate\":\"https:\/\/gus.no\/blogg\/?s={search_term_string}\"},\"query-input\":{\"@type\":\"PropertyValueSpecification\",\"valueRequired\":true,\"valueName\":\"search_term_string\"}}],\"inLanguage\":\"nb-NO\"},{\"@type\":\"Person\",\"@id\":\"https:\/\/gus.no\/blogg\/#\/schema\/person\/f10cf271f76aa556fadb30c931d41d6b\",\"name\":\"\u00d8rjan, rektor\",\"url\":\"https:\/\/gus.no\/blogg\/author\/otinnen\/\"}]}<\/script>\n<!-- \/ Yoast SEO plugin. -->","yoast_head_json":{"title":"Disse skal pr\u00f8ve ut G\u00e5 Ut Senteret i h\u00f8stferien - Blogg","robots":{"index":"index","follow":"follow","max-snippet":"max-snippet:-1","max-image-preview":"max-image-preview:large","max-video-preview":"max-video-preview:-1"},"canonical":"http:\/\/gus.no\/blogg\/prove-ga-senteret-hostferien\/","og_locale":"nb_NO","og_type":"article","og_title":"Disse skal pr\u00f8ve ut G\u00e5 Ut Senteret i h\u00f8stferien - Blogg","og_description":"I august s\u00f8kte vi etter noen som kunne tenke seg \u00e5 pr\u00f8ve ut utlandspraksisen v\u00e5r. N\u00e5 er teamet samlet og p\u00e5 vei til Etiopia!","og_url":"http:\/\/gus.no\/blogg\/prove-ga-senteret-hostferien\/","og_site_name":"Blogg","article_publisher":"http:\/\/www.facebook.com\/gaautsenteret","article_published_time":"2017-10-07T10:55:59+00:00","article_modified_time":"2017-11-09T21:26:57+00:00","og_image":[{"width":1024,"height":683,"url":"http:\/\/gus.no\/blogg\/wp-content\/uploads\/2017\/10\/DSC01799-1024x683.jpg","type":"image\/jpeg"}],"author":"\u00d8rjan, rektor","twitter_card":"summary_large_image","twitter_misc":{"Skrevet av":"\u00d8rjan, rektor","Ansl. lesetid":"2 minutter"},"schema":{"@context":"https:\/\/schema.org","@graph":[{"@type":"WebPage","@id":"http:\/\/gus.no\/blogg\/prove-ga-senteret-hostferien\/","url":"http:\/\/gus.no\/blogg\/prove-ga-senteret-hostferien\/","name":"Disse skal pr\u00f8ve ut G\u00e5 Ut Senteret i h\u00f8stferien - Blogg","isPartOf":{"@id":"https:\/\/gus.no\/blogg\/#website"},"primaryImageOfPage":{"@id":"http:\/\/gus.no\/blogg\/prove-ga-senteret-hostferien\/#primaryimage"},"image":{"@id":"http:\/\/gus.no\/blogg\/prove-ga-senteret-hostferien\/#primaryimage"},"thumbnailUrl":"https:\/\/gus.no\/blogg\/wp-content\/uploads\/2017\/10\/DSC01799.jpg","datePublished":"2017-10-07T10:55:59+00:00","dateModified":"2017-11-09T21:26:57+00:00","author":{"@id":"https:\/\/gus.no\/blogg\/#\/schema\/person\/f10cf271f76aa556fadb30c931d41d6b"},"breadcrumb":{"@id":"http:\/\/gus.no\/blogg\/prove-ga-senteret-hostferien\/#breadcrumb"},"inLanguage":"nb-NO","potentialAction":[{"@type":"ReadAction","target":["http:\/\/gus.no\/blogg\/prove-ga-senteret-hostferien\/"]}]},{"@type":"ImageObject","inLanguage":"nb-NO","@id":"http:\/\/gus.no\/blogg\/prove-ga-senteret-hostferien\/#primaryimage","url":"https:\/\/gus.no\/blogg\/wp-content\/uploads\/2017\/10\/DSC01799.jpg","contentUrl":"https:\/\/gus.no\/blogg\/wp-content\/uploads\/2017\/10\/DSC01799.jpg","width":5472,"height":3648},{"@type":"BreadcrumbList","@id":"http:\/\/gus.no\/blogg\/prove-ga-senteret-hostferien\/#breadcrumb","itemListElement":[{"@type":"ListItem","position":1,"name":"Hjem","item":"https:\/\/gus.no\/blogg\/"},{"@type":"ListItem","position":2,"name":"Disse skal pr\u00f8ve ut G\u00e5 Ut Senteret i h\u00f8stferien"}]},{"@type":"WebSite","@id":"https:\/\/gus.no\/blogg\/#website","url":"https:\/\/gus.no\/blogg\/","name":"Blogg","description":"G\u00e5 Ut Senteret","potentialAction":[{"@type":"SearchAction","target":{"@type":"EntryPoint","urlTemplate":"https:\/\/gus.no\/blogg\/?s={search_term_string}"},"query-input":{"@type":"PropertyValueSpecification","valueRequired":true,"valueName":"search_term_string"}}],"inLanguage":"nb-NO"},{"@type":"Person","@id":"https:\/\/gus.no\/blogg\/#\/schema\/person\/f10cf271f76aa556fadb30c931d41d6b","name":"\u00d8rjan, rektor","url":"https:\/\/gus.no\/blogg\/author\/otinnen\/"}]}},"_links":{"self":[{"href":"https:\/\/gus.no\/blogg\/wp-json\/wp\/v2\/posts\/261"}],"collection":[{"href":"https:\/\/gus.no\/blogg\/wp-json\/wp\/v2\/posts"}],"about":[{"href":"https:\/\/gus.no\/blogg\/wp-json\/wp\/v2\/types\/post"}],"author":[{"embeddable":true,"href":"https:\/\/gus.no\/blogg\/wp-json\/wp\/v2\/users\/1"}],"replies":[{"embeddable":true,"href":"https:\/\/gus.no\/blogg\/wp-json\/wp\/v2\/comments?post=261"}],"version-history":[{"count":9,"href":"https:\/\/gus.no\/blogg\/wp-json\/wp\/v2\/posts\/261\/revisions"}],"predecessor-version":[{"id":274,"href":"https:\/\/gus.no\/blogg\/wp-json\/wp\/v2\/posts\/261\/revisions\/274"}],"wp:featuredmedia":[{"embeddable":true,"href":"https:\/\/gus.no\/blogg\/wp-json\/wp\/v2\/media\/267"}],"wp:attachment":[{"href":"https:\/\/gus.no\/blogg\/wp-json\/wp\/v2\/media?parent=261"}],"wp:term":[{"taxonomy":"category","embeddable":true,"href":"https:\/\/gus.no\/blogg\/wp-json\/wp\/v2\/categories?post=261"},{"taxonomy":"post_tag","embeddable":true,"href":"https:\/\/gus.no\/blogg\/wp-json\/wp\/v2\/tags?post=261"}],"curies":[{"name":"wp","href":"https:\/\/api.w.org\/{rel}","templated":true}]}}