{"id":2719,"date":"2019-02-22T11:57:26","date_gmt":"2019-02-22T10:57:26","guid":{"rendered":"http:\/\/gus.no\/blogg\/?p=2719"},"modified":"2019-02-22T11:57:26","modified_gmt":"2019-02-22T10:57:26","slug":"takknemlig","status":"publish","type":"post","link":"https:\/\/gus.no\/blogg\/takknemlig\/","title":{"rendered":"Takknemlig"},"content":{"rendered":"<p>De to siste ukene har Rebecca og \u00d8ydis tilbrakt i en by nord for Dhaka. Til tross for en befolkning p\u00e5 over 400 000 er dette \u00e5 regne som landsbygda. Bare en kort g\u00e5tur fra gjestehuset vi bodde p\u00e5 var det rismarker s\u00e5 langt \u00f8yet kunne se, geiter og kuer fylte gatene og frukttr\u00e6r av alle slag blomstret i veikanten. Til dette landsbyparadiset hadde vi kommet for \u00e5 bes\u00f8ke et jenteinternat.<\/p>\n<div id='gallery-1' class='gallery galleryid-2719 gallery-columns-2 gallery-size-full'><figure class='gallery-item'>\n\t\t\t<div class='gallery-icon landscape'>\n\t\t\t\t<a href='https:\/\/gus.no\/blogg\/takknemlig\/_dsc2770-011707\/'><img loading=\"lazy\" decoding=\"async\" width=\"1920\" height=\"1080\" src=\"https:\/\/gus.no\/blogg\/wp-content\/uploads\/2019\/02\/DSC2770-011707.jpeg\" class=\"attachment-full size-full\" alt=\"\" srcset=\"https:\/\/gus.no\/blogg\/wp-content\/uploads\/2019\/02\/DSC2770-011707.jpeg 1920w, https:\/\/gus.no\/blogg\/wp-content\/uploads\/2019\/02\/DSC2770-011707-300x169.jpeg 300w, https:\/\/gus.no\/blogg\/wp-content\/uploads\/2019\/02\/DSC2770-011707-768x432.jpeg 768w, https:\/\/gus.no\/blogg\/wp-content\/uploads\/2019\/02\/DSC2770-011707-1024x576.jpeg 1024w, https:\/\/gus.no\/blogg\/wp-content\/uploads\/2019\/02\/DSC2770-011707-1200x675.jpeg 1200w, https:\/\/gus.no\/blogg\/wp-content\/uploads\/2019\/02\/DSC2770-011707-1860x1046.jpeg 1860w\" sizes=\"(max-width: 1920px) 100vw, 1920px\" \/><\/a>\n\t\t\t<\/div><\/figure><figure class='gallery-item'>\n\t\t\t<div class='gallery-icon landscape'>\n\t\t\t\t<a href='https:\/\/gus.no\/blogg\/takknemlig\/_dsc2768-011715\/'><img loading=\"lazy\" decoding=\"async\" width=\"1920\" height=\"1080\" src=\"https:\/\/gus.no\/blogg\/wp-content\/uploads\/2019\/02\/DSC2768-011715.jpeg\" class=\"attachment-full size-full\" alt=\"\" srcset=\"https:\/\/gus.no\/blogg\/wp-content\/uploads\/2019\/02\/DSC2768-011715.jpeg 1920w, https:\/\/gus.no\/blogg\/wp-content\/uploads\/2019\/02\/DSC2768-011715-300x169.jpeg 300w, https:\/\/gus.no\/blogg\/wp-content\/uploads\/2019\/02\/DSC2768-011715-768x432.jpeg 768w, https:\/\/gus.no\/blogg\/wp-content\/uploads\/2019\/02\/DSC2768-011715-1024x576.jpeg 1024w, https:\/\/gus.no\/blogg\/wp-content\/uploads\/2019\/02\/DSC2768-011715-1200x675.jpeg 1200w, https:\/\/gus.no\/blogg\/wp-content\/uploads\/2019\/02\/DSC2768-011715-1860x1046.jpeg 1860w\" sizes=\"(max-width: 1920px) 100vw, 1920px\" \/><\/a>\n\t\t\t<\/div><\/figure>\n\t\t<\/div>\n\n<div id='gallery-2' class='gallery galleryid-2719 gallery-columns-1 gallery-size-full'><figure class='gallery-item'>\n\t\t\t<div class='gallery-icon landscape'>\n\t\t\t\t<a href='https:\/\/gus.no\/blogg\/takknemlig\/_dsc2797-011717\/'><img loading=\"lazy\" decoding=\"async\" width=\"1920\" height=\"1080\" src=\"https:\/\/gus.no\/blogg\/wp-content\/uploads\/2019\/02\/DSC2797-011717.jpeg\" class=\"attachment-full size-full\" alt=\"\" aria-describedby=\"gallery-2-2733\" srcset=\"https:\/\/gus.no\/blogg\/wp-content\/uploads\/2019\/02\/DSC2797-011717.jpeg 1920w, https:\/\/gus.no\/blogg\/wp-content\/uploads\/2019\/02\/DSC2797-011717-300x169.jpeg 300w, https:\/\/gus.no\/blogg\/wp-content\/uploads\/2019\/02\/DSC2797-011717-768x432.jpeg 768w, https:\/\/gus.no\/blogg\/wp-content\/uploads\/2019\/02\/DSC2797-011717-1024x576.jpeg 1024w, https:\/\/gus.no\/blogg\/wp-content\/uploads\/2019\/02\/DSC2797-011717-1200x675.jpeg 1200w, https:\/\/gus.no\/blogg\/wp-content\/uploads\/2019\/02\/DSC2797-011717-1860x1046.jpeg 1860w\" sizes=\"(max-width: 1920px) 100vw, 1920px\" \/><\/a>\n\t\t\t<\/div>\n\t\t\t\t<figcaption class='wp-caption-text gallery-caption' id='gallery-2-2733'>\n\t\t\t\tPlanting av ris\n\t\t\t\t<\/figcaption><\/figure>\n\t\t<\/div>\n\n<div id='gallery-3' class='gallery galleryid-2719 gallery-columns-2 gallery-size-full'><figure class='gallery-item'>\n\t\t\t<div class='gallery-icon landscape'>\n\t\t\t\t<a href='https:\/\/gus.no\/blogg\/takknemlig\/_dsc2763-011706\/'><img loading=\"lazy\" decoding=\"async\" width=\"1920\" height=\"1080\" src=\"https:\/\/gus.no\/blogg\/wp-content\/uploads\/2019\/02\/DSC2763-011706.jpeg\" class=\"attachment-full size-full\" alt=\"\" aria-describedby=\"gallery-3-2729\" srcset=\"https:\/\/gus.no\/blogg\/wp-content\/uploads\/2019\/02\/DSC2763-011706.jpeg 1920w, https:\/\/gus.no\/blogg\/wp-content\/uploads\/2019\/02\/DSC2763-011706-300x169.jpeg 300w, https:\/\/gus.no\/blogg\/wp-content\/uploads\/2019\/02\/DSC2763-011706-768x432.jpeg 768w, https:\/\/gus.no\/blogg\/wp-content\/uploads\/2019\/02\/DSC2763-011706-1024x576.jpeg 1024w, https:\/\/gus.no\/blogg\/wp-content\/uploads\/2019\/02\/DSC2763-011706-1200x675.jpeg 1200w, https:\/\/gus.no\/blogg\/wp-content\/uploads\/2019\/02\/DSC2763-011706-1860x1046.jpeg 1860w\" sizes=\"(max-width: 1920px) 100vw, 1920px\" \/><\/a>\n\t\t\t<\/div>\n\t\t\t\t<figcaption class='wp-caption-text gallery-caption' id='gallery-3-2729'>\n\t\t\t\tHovedveien som g\u00e5r igjennom byen\n\t\t\t\t<\/figcaption><\/figure><figure class='gallery-item'>\n\t\t\t<div class='gallery-icon landscape'>\n\t\t\t\t<a href='https:\/\/gus.no\/blogg\/takknemlig\/_dsc2758-011711\/'><img loading=\"lazy\" decoding=\"async\" width=\"1920\" height=\"1080\" src=\"https:\/\/gus.no\/blogg\/wp-content\/uploads\/2019\/02\/DSC2758-011711.jpeg\" class=\"attachment-full size-full\" alt=\"\" aria-describedby=\"gallery-3-2728\" srcset=\"https:\/\/gus.no\/blogg\/wp-content\/uploads\/2019\/02\/DSC2758-011711.jpeg 1920w, https:\/\/gus.no\/blogg\/wp-content\/uploads\/2019\/02\/DSC2758-011711-300x169.jpeg 300w, https:\/\/gus.no\/blogg\/wp-content\/uploads\/2019\/02\/DSC2758-011711-768x432.jpeg 768w, https:\/\/gus.no\/blogg\/wp-content\/uploads\/2019\/02\/DSC2758-011711-1024x576.jpeg 1024w, https:\/\/gus.no\/blogg\/wp-content\/uploads\/2019\/02\/DSC2758-011711-1200x675.jpeg 1200w, https:\/\/gus.no\/blogg\/wp-content\/uploads\/2019\/02\/DSC2758-011711-1860x1046.jpeg 1860w\" sizes=\"(max-width: 1920px) 100vw, 1920px\" \/><\/a>\n\t\t\t<\/div>\n\t\t\t\t<figcaption class='wp-caption-text gallery-caption' id='gallery-3-2728'>\n\t\t\t\tEtt av byens mange fruktmarked\n\t\t\t\t<\/figcaption><\/figure>\n\t\t<\/div>\n\n<p>P\u00e5 dette internatet bor tolv herlige jenter i alderen syv til sytten \u00e5r. De har alle sammen blitt hentet ut av gatelivet eller utrygge familieforhold, og f\u00e5tt muligheten til \u00e5 starte p\u00e5 nytt. Mange av dem har tidligere hatt store problemer med rusavhengighet, som f\u00f8lge av den t\u00f8ffe oppveksten, men gjennom god oppf\u00f8lging og Guds hjelp er de tilbake p\u00e5 beina. De eldste jentene har bodd p\u00e5 internatet i mange \u00e5r, mens noen av de yngste jentene kom for bare noen m\u00e5neder siden. Det er et mirakel at de fungerer s\u00e5 godt som de gj\u00f8r.<\/p>\n<div id='gallery-4' class='gallery galleryid-2719 gallery-columns-1 gallery-size-full'><figure class='gallery-item'>\n\t\t\t<div class='gallery-icon landscape'>\n\t\t\t\t<a href='https:\/\/gus.no\/blogg\/takknemlig\/_dsc2418-011705\/'><img loading=\"lazy\" decoding=\"async\" width=\"1920\" height=\"1080\" src=\"https:\/\/gus.no\/blogg\/wp-content\/uploads\/2019\/02\/DSC2418-011705.jpeg\" class=\"attachment-full size-full\" alt=\"\" aria-describedby=\"gallery-4-2723\" srcset=\"https:\/\/gus.no\/blogg\/wp-content\/uploads\/2019\/02\/DSC2418-011705.jpeg 1920w, https:\/\/gus.no\/blogg\/wp-content\/uploads\/2019\/02\/DSC2418-011705-300x169.jpeg 300w, https:\/\/gus.no\/blogg\/wp-content\/uploads\/2019\/02\/DSC2418-011705-768x432.jpeg 768w, https:\/\/gus.no\/blogg\/wp-content\/uploads\/2019\/02\/DSC2418-011705-1024x576.jpeg 1024w, https:\/\/gus.no\/blogg\/wp-content\/uploads\/2019\/02\/DSC2418-011705-1200x675.jpeg 1200w, https:\/\/gus.no\/blogg\/wp-content\/uploads\/2019\/02\/DSC2418-011705-1860x1046.jpeg 1860w\" sizes=\"(max-width: 1920px) 100vw, 1920px\" \/><\/a>\n\t\t\t<\/div>\n\t\t\t\t<figcaption class='wp-caption-text gallery-caption' id='gallery-4-2723'>\n\t\t\t\tJentene Suravi, Gauruti, Purabi, Talash og Bapti sammen med hostellmoren Joti-apa.\n\t\t\t\t<\/figcaption><\/figure>\n\t\t<\/div>\n\n<p>Etter skoletid er det tid for lek og moro. Jentene kunne l\u00e6re oss mange nye leker, og vi fikk oppleve at en ikke trenger s\u00e5 mye for \u00e5 ha det veldig g\u00f8y. N\u00e5r str\u00f8mmen g\u00e5r er det ingen vits i \u00e5 sitte inne og vi g\u00e5r heller ut og leker ringleker, som ofte f\u00f8rer til gode samtaler. Barrierene blir mindre i m\u00f8rket og latteren sitter l\u00f8st. Vi blir behandlet som s\u00f8stre.<\/p>\n<p>Dagens mange gj\u00f8rem\u00e5l er unnagjort og klokka ute p\u00e5 plassen har ringt. Jentene kommer str\u00f8mmende fra alle kanter og vender nesa mot Joti-apa sitt rom. Vi trekker sjalene over hodet og setter oss ned i en ring p\u00e5 gulvet. Kulden fra betonggulvet trekker inn i f\u00f8ttene og l\u00e5rene v\u00e5re, men det er ingen som ser ut til \u00e5 bry seg om det. Str\u00f8mmen har g\u00e5tt og rommets eneste lyskilde er en mobillommelykt. Ei av jentene begynner \u00e5 synge, og snart er rommet fylt av stemmer som lovpriser Gud. Stemmer som har opplevd mye, men som nekter \u00e5 tie. N\u00e5r sangen stilner \u00e5pner jenta i den ene enden bibelen og begynner \u00e5 lese.<\/p>\n<p>Den f\u00f8rste kvelden sitter Rebecca og jeg og venter i spenning p\u00e5 hva som skal skje videre. Vi kom til internatet den samme morgenen og visste lite om hva vi hadde i vente. Hele dagen hadde spr\u00e5kbarrierene v\u00e6rt en utfordring, og vi hadde blitt dratt med b\u00e5de hit og dit uten \u00e5 skj\u00f8nne s\u00e5 mye. N\u00e5 hadde jentene begynt \u00e5 snakke i tur og orden og noen av de f\u00e5 ordene vi kunne kjenne igjen var: \u201dDhonnobad \u2013 takk\u201d, \u201dskule \u2013 skole\u201d og \u201dkabar \u2013 mat\u201d. Da turen kom til meg tok jeg sjansen p\u00e5 at det var b\u00f8nn vi drev med, og tok en rask b\u00f8nn der jeg ba om velsignelse over oppholdet og jentene. Det var bare en ting som ikke stemte; alle de andre jentene satt med \u00e5pne \u00f8yne og noen hvisket med hverandre. Litt senere skj\u00f8nte jeg derimot at vi nettopp hadde hatt en takkerunde, og at det n\u00e5 var tid for b\u00f8nn. Hver og \u00e9n sa h\u00f8yt ut sine b\u00f8nner; alle p\u00e5 en gang.<\/p>\n<p>Jentenes takkerunde er noe som virkelig har satt i gang tankene hos meg. Dag etter dag rant det ut av dem alle sammen hva de var takknemlige for. De bare fortsatte og fortsatte, kveld etter kveld. Jeg skj\u00f8nte ikke s\u00e5 mange av ordene deres, for de snakket b\u00e5de fort og lavt, men det var tydelig at mange takket b\u00e5de for skole og mat. Noen kvelder kunne jeg ogs\u00e5 h\u00f8re b\u00e5de mitt eget og Rebeccas navn. Mens ordet gikk fra person til person bortover i rekka kunne jeg kjenne at hjertet mitt slo fortere og fortere. Hva skulle jeg takke for i dag? Jeg mener, jeg var jo s\u00e5 utrolig heldig som fikk lov til \u00e5 bes\u00f8ke dem og takknemlig b\u00e5de for det og m\u00e5ten vi ble mottatt, men hva skulle jeg takke for n\u00e5r jeg m\u00e5tte si noe hver eneste kveld? Noen dager var mer slitsomme enn givende, og jeg m\u00e5tte begynne \u00e5 forberede meg selv f\u00f8r samlinga begynte p\u00e5 hva jeg skulle si. Jeg ville jo pr\u00f8ve \u00e5 gj\u00f8re det variert og unng\u00e5 \u00e5 si det samme hver kveld.<\/p>\n<div id='gallery-5' class='gallery galleryid-2719 gallery-columns-1 gallery-size-large'><figure class='gallery-item'>\n\t\t\t<div class='gallery-icon landscape'>\n\t\t\t\t<a href='https:\/\/gus.no\/blogg\/takknemlig\/_dsc24511718\/'><img loading=\"lazy\" decoding=\"async\" width=\"560\" height=\"315\" src=\"https:\/\/gus.no\/blogg\/wp-content\/uploads\/2019\/02\/DSC24511718-1024x576.jpg\" class=\"attachment-large size-large\" alt=\"\" aria-describedby=\"gallery-5-2724\" srcset=\"https:\/\/gus.no\/blogg\/wp-content\/uploads\/2019\/02\/DSC24511718-1024x576.jpg 1024w, https:\/\/gus.no\/blogg\/wp-content\/uploads\/2019\/02\/DSC24511718-300x169.jpg 300w, https:\/\/gus.no\/blogg\/wp-content\/uploads\/2019\/02\/DSC24511718-768x432.jpg 768w, https:\/\/gus.no\/blogg\/wp-content\/uploads\/2019\/02\/DSC24511718-1200x675.jpg 1200w, https:\/\/gus.no\/blogg\/wp-content\/uploads\/2019\/02\/DSC24511718-1860x1046.jpg 1860w, https:\/\/gus.no\/blogg\/wp-content\/uploads\/2019\/02\/DSC24511718.jpg 1920w\" sizes=\"(max-width: 560px) 100vw, 560px\" \/><\/a>\n\t\t\t<\/div>\n\t\t\t\t<figcaption class='wp-caption-text gallery-caption' id='gallery-5-2724'>\n\t\t\t\tTakk Herre for alle de flotte menneskene vi har f\u00e5tt m\u00f8te de to siste ukene!\n\t\t\t\t<\/figcaption><\/figure>\n\t\t<\/div>\n\n<p>Jeg skal ikke dra oss alle under samme kam, men jeg tror det er flere enn meg som ikke er s\u00e5 takknemlig som vi burde v\u00e6rt. Som ikke husker helt \u00e5 sette pris p\u00e5 alt det Gud har gjort og hver dag gj\u00f8r for oss. Selv har jeg vokst opp i et trygt og godt hjem. Jeg har aldri f\u00f8lt p\u00e5 ordentlig sult, og til n\u00e5 har jeg f\u00e5tt tretten \u00e5rs skolegang. Gratis, og rett i fanget.<\/p>\n<p>N\u00e5 sitter jeg sammen med jenter som har hatt en vanskelig oppvekst, eller ikke en oppvekst i det hele tatt. De har v\u00e6rt forlatt p\u00e5 gata og blitt utsatt for menneskehandel og overgrep. De har ikke hatt nok mat, men ruset seg i stedet. Til tross for alt dette, takker de og priser Gud hver bidige kveld for dagen de har hatt og det han har gjort for dem. Jeg som har f\u00e5tt \u201dalt\u201d, vet ikke hvor mye Gud egentlig har gitt meg. Dette minner meg om bibelverset \u201dDet er lettere for en kamel \u00e5 g\u00e5 gjennom et n\u00e5l\u00f8ye enn for en rik \u00e5 komme inn i Guds rike\u201d (Matt 10,25).<\/p>\n<p>Men frykt ikke! For hver dag som gikk ble det lettere og lettere \u00e5 fortelle hva jeg var takknemlig for. Jeg ble mer bevisst p\u00e5 hva Gud gj\u00f8r for meg hver dag og mer takknemlig for menneskene rundt meg. Da helga kom, og vi ikke skulle ha kveldsb\u00f8nn, ble jeg nesten fortvila for at jeg ikke skulle f\u00e5 fortelle om alt jeg var takknemlig for.<\/p>\n<div id='gallery-6' class='gallery galleryid-2719 gallery-columns-1 gallery-size-full'><figure class='gallery-item'>\n\t\t\t<div class='gallery-icon landscape'>\n\t\t\t\t<a href='https:\/\/gus.no\/blogg\/takknemlig\/_dsc30201722\/'><img loading=\"lazy\" decoding=\"async\" width=\"1920\" height=\"1080\" src=\"https:\/\/gus.no\/blogg\/wp-content\/uploads\/2019\/02\/DSC30201722.jpg\" class=\"attachment-full size-full\" alt=\"\" aria-describedby=\"gallery-6-2736\" srcset=\"https:\/\/gus.no\/blogg\/wp-content\/uploads\/2019\/02\/DSC30201722.jpg 1920w, https:\/\/gus.no\/blogg\/wp-content\/uploads\/2019\/02\/DSC30201722-300x169.jpg 300w, https:\/\/gus.no\/blogg\/wp-content\/uploads\/2019\/02\/DSC30201722-768x432.jpg 768w, https:\/\/gus.no\/blogg\/wp-content\/uploads\/2019\/02\/DSC30201722-1024x576.jpg 1024w, https:\/\/gus.no\/blogg\/wp-content\/uploads\/2019\/02\/DSC30201722-1200x675.jpg 1200w, https:\/\/gus.no\/blogg\/wp-content\/uploads\/2019\/02\/DSC30201722-1860x1046.jpg 1860w\" sizes=\"(max-width: 1920px) 100vw, 1920px\" \/><\/a>\n\t\t\t<\/div>\n\t\t\t\t<figcaption class='wp-caption-text gallery-caption' id='gallery-6-2736'>\n\t\t\t\tHver dag s\u00f8rget b\u00e5de Gud og Resha-apa for utrolig god mat p\u00e5 bordet\n\t\t\t\t<\/figcaption><\/figure>\n\t\t<\/div>\n\n<div id='gallery-7' class='gallery galleryid-2719 gallery-columns-2 gallery-size-full'><figure class='gallery-item'>\n\t\t\t<div class='gallery-icon portrait'>\n\t\t\t\t<a href='https:\/\/gus.no\/blogg\/takknemlig\/_dsc32501720\/'><img loading=\"lazy\" decoding=\"async\" width=\"1080\" height=\"1920\" src=\"https:\/\/gus.no\/blogg\/wp-content\/uploads\/2019\/02\/DSC32501720-e1550401112798.jpg\" class=\"attachment-full size-full\" alt=\"\" aria-describedby=\"gallery-7-2738\" srcset=\"https:\/\/gus.no\/blogg\/wp-content\/uploads\/2019\/02\/DSC32501720-e1550401112798.jpg 1080w, https:\/\/gus.no\/blogg\/wp-content\/uploads\/2019\/02\/DSC32501720-e1550401112798-169x300.jpg 169w, https:\/\/gus.no\/blogg\/wp-content\/uploads\/2019\/02\/DSC32501720-e1550401112798-768x1365.jpg 768w, https:\/\/gus.no\/blogg\/wp-content\/uploads\/2019\/02\/DSC32501720-e1550401112798-576x1024.jpg 576w\" sizes=\"(max-width: 1080px) 100vw, 1080px\" \/><\/a>\n\t\t\t<\/div>\n\t\t\t\t<figcaption class='wp-caption-text gallery-caption' id='gallery-7-2738'>\n\t\t\t\tBapti-apo og Rebecca-apo\n\t\t\t\t<\/figcaption><\/figure><figure class='gallery-item'>\n\t\t\t<div class='gallery-icon portrait'>\n\t\t\t\t<a href='https:\/\/gus.no\/blogg\/takknemlig\/_dsc2493-011704\/'><img loading=\"lazy\" decoding=\"async\" width=\"607\" height=\"1080\" src=\"https:\/\/gus.no\/blogg\/wp-content\/uploads\/2019\/02\/DSC2493-011704-e1550402801936.jpeg\" class=\"attachment-full size-full\" alt=\"\" aria-describedby=\"gallery-7-2725\" srcset=\"https:\/\/gus.no\/blogg\/wp-content\/uploads\/2019\/02\/DSC2493-011704-e1550402801936.jpeg 607w, https:\/\/gus.no\/blogg\/wp-content\/uploads\/2019\/02\/DSC2493-011704-e1550402801936-169x300.jpeg 169w, https:\/\/gus.no\/blogg\/wp-content\/uploads\/2019\/02\/DSC2493-011704-e1550402801936-576x1024.jpeg 576w\" sizes=\"(max-width: 607px) 100vw, 607px\" \/><\/a>\n\t\t\t<\/div>\n\t\t\t\t<figcaption class='wp-caption-text gallery-caption' id='gallery-7-2725'>\n\t\t\t\tGauruti-apo ute p\u00e5 landsbybes\u00f8k\n\t\t\t\t<\/figcaption><\/figure>\n\t\t<\/div>\n\n<p>Jeg vil oppfordre deg til hver kveld \u00e5 tenke igjennom hva du er takknemlig for. Hva har Gud gjort for deg i dag? I Bibelen kan \u00e9n finne mange bibelvers som sier at vi m\u00e5 huske \u00e5 takke v\u00e5r Far i himmelen.<\/p>\n<h4>V\u00e6r alltid glade,<br \/>\nbe uavbrutt,<br \/>\ntakk Gud under alle forhold!<br \/>\nFor dette er Guds vilje med dere i Kristus Jesus.<\/h4>\n<p>1. tessalonikerbrev 5,16-18<\/p>\n<div id='gallery-8' class='gallery galleryid-2719 gallery-columns-1 gallery-size-full'><figure class='gallery-item'>\n\t\t\t<div class='gallery-icon landscape'>\n\t\t\t\t<a href='https:\/\/gus.no\/blogg\/takknemlig\/_dsc2971-011709\/'><img loading=\"lazy\" decoding=\"async\" width=\"1920\" height=\"1080\" src=\"https:\/\/gus.no\/blogg\/wp-content\/uploads\/2019\/02\/DSC2971-011709.jpeg\" class=\"attachment-full size-full\" alt=\"\" aria-describedby=\"gallery-8-2735\" srcset=\"https:\/\/gus.no\/blogg\/wp-content\/uploads\/2019\/02\/DSC2971-011709.jpeg 1920w, https:\/\/gus.no\/blogg\/wp-content\/uploads\/2019\/02\/DSC2971-011709-300x169.jpeg 300w, https:\/\/gus.no\/blogg\/wp-content\/uploads\/2019\/02\/DSC2971-011709-768x432.jpeg 768w, https:\/\/gus.no\/blogg\/wp-content\/uploads\/2019\/02\/DSC2971-011709-1024x576.jpeg 1024w, https:\/\/gus.no\/blogg\/wp-content\/uploads\/2019\/02\/DSC2971-011709-1200x675.jpeg 1200w, https:\/\/gus.no\/blogg\/wp-content\/uploads\/2019\/02\/DSC2971-011709-1860x1046.jpeg 1860w\" sizes=\"(max-width: 1920px) 100vw, 1920px\" \/><\/a>\n\t\t\t<\/div>\n\t\t\t\t<figcaption class='wp-caption-text gallery-caption' id='gallery-8-2735'>\n\t\t\t\tTakk Far for at du tar oss alle inn i din favn!\n\t\t\t\t<\/figcaption><\/figure>\n\t\t<\/div>\n\n<p>Jeg er takknemlig for \u00e5 ha blitt kjent med jentene p\u00e5 internatet.<br \/>\nJeg er takknemlig for at de l\u00e6rte meg mer Bengali og var t\u00e5lmodige med meg.<br \/>\nJeg er takknemlig for at de tok oss med p\u00e5 tur til en annen landsby og at jeg fikk se en annen del av Bangladesh.<br \/>\nJeg er takknemlig for Guds flotte natur.<br \/>\nJeg er takknemlig for all gjestfriheten jeg ble vist i disse to ukene.<br \/>\nJeg er takknemlig for alle smilene.<br \/>\nJeg er takknemlig for \u00e5 f\u00e5 kjenne Guds kj\u00e6rlighet.<br \/>\nJeg er takknemlig for at Gud passer p\u00e5 oss, og at vi f\u00e5r g\u00e5 ved hans side.<\/p>\n<p>Jentene p\u00e5 internatet, som for alltid vil ha en plass i hjertet mitt, har l\u00e6rt meg \u00e5 v\u00e6re takknemlig.<\/p>\n<div id='gallery-9' class='gallery galleryid-2719 gallery-columns-1 gallery-size-full'><figure class='gallery-item'>\n\t\t\t<div class='gallery-icon landscape'>\n\t\t\t\t<a href='https:\/\/gus.no\/blogg\/takknemlig\/_dsc2909-011716\/'><img loading=\"lazy\" decoding=\"async\" width=\"1920\" height=\"1080\" src=\"https:\/\/gus.no\/blogg\/wp-content\/uploads\/2019\/02\/DSC2909-011716.jpeg\" class=\"attachment-full size-full\" alt=\"\" aria-describedby=\"gallery-9-2734\" srcset=\"https:\/\/gus.no\/blogg\/wp-content\/uploads\/2019\/02\/DSC2909-011716.jpeg 1920w, https:\/\/gus.no\/blogg\/wp-content\/uploads\/2019\/02\/DSC2909-011716-300x169.jpeg 300w, https:\/\/gus.no\/blogg\/wp-content\/uploads\/2019\/02\/DSC2909-011716-768x432.jpeg 768w, https:\/\/gus.no\/blogg\/wp-content\/uploads\/2019\/02\/DSC2909-011716-1024x576.jpeg 1024w, https:\/\/gus.no\/blogg\/wp-content\/uploads\/2019\/02\/DSC2909-011716-1200x675.jpeg 1200w, https:\/\/gus.no\/blogg\/wp-content\/uploads\/2019\/02\/DSC2909-011716-1860x1046.jpeg 1860w\" sizes=\"(max-width: 1920px) 100vw, 1920px\" \/><\/a>\n\t\t\t<\/div>\n\t\t\t\t<figcaption class='wp-caption-text gallery-caption' id='gallery-9-2734'>\n\t\t\t\tJeg er takknemlig for \u00e5 ha blitt kjent med denne fine gjengen!\n\t\t\t\t<\/figcaption><\/figure>\n\t\t<\/div>\n\n<p>*Stedsnavn er utelukket og navn i teksten og til bildene er anonymiserte for \u00e5 sikre jentenes identitet.<\/p>\n","protected":false},"excerpt":{"rendered":"<p>Ute har sola g\u00e5tt ned og menneskene i landsbyen har v\u00e5knet til liv. P\u00e5 hvert gatehj\u00f8rne sitter grupper av menn, samlet i de mange sm\u00e5 tebodene. Et stykke unna h\u00f8res lyden av musikk. Fra en annen kant lyder h\u00f8ye, skingrende b\u00f8nnerop. Inne, p\u00e5 det kalde betonggulvet, sitter tolv jenter samlet i ring. De har sjalene trukket over hodet; det er tid for kveldsb\u00f8nn og takkerunde. <\/p>\n","protected":false},"author":15,"featured_media":2726,"comment_status":"open","ping_status":"open","sticky":false,"template":"","format":"standard","meta":{"_exactmetrics_skip_tracking":false,"_exactmetrics_sitenote_active":false,"_exactmetrics_sitenote_note":"","_exactmetrics_sitenote_category":0,"footnotes":""},"categories":[29,12],"tags":[],"class_list":["post-2719","post","type-post","status-publish","format-standard","has-post-thumbnail","hentry","category-bangladesh","category-global-disippel","has-thumbnail"],"yoast_head":"<!-- This site is optimized with the Yoast SEO plugin v23.5 - https:\/\/yoast.com\/wordpress\/plugins\/seo\/ -->\n<title>Takknemlig - Blogg<\/title>\n<meta name=\"robots\" content=\"index, follow, max-snippet:-1, max-image-preview:large, max-video-preview:-1\" \/>\n<link rel=\"canonical\" href=\"https:\/\/gus.no\/blogg\/takknemlig\/\" \/>\n<meta property=\"og:locale\" content=\"nb_NO\" \/>\n<meta property=\"og:type\" content=\"article\" \/>\n<meta property=\"og:title\" content=\"Takknemlig - Blogg\" \/>\n<meta property=\"og:description\" content=\"Ute har sola g\u00e5tt ned og menneskene i landsbyen har v\u00e5knet til liv. P\u00e5 hvert gatehj\u00f8rne sitter grupper av menn, samlet i de mange sm\u00e5 tebodene. Et stykke unna h\u00f8res lyden av musikk. Fra en annen kant lyder h\u00f8ye, skingrende b\u00f8nnerop. Inne, p\u00e5 det kalde betonggulvet, sitter tolv jenter samlet i ring. De har sjalene trukket over hodet; det er tid for kveldsb\u00f8nn og takkerunde.\" \/>\n<meta property=\"og:url\" content=\"https:\/\/gus.no\/blogg\/takknemlig\/\" \/>\n<meta property=\"og:site_name\" content=\"Blogg\" \/>\n<meta property=\"article:publisher\" content=\"http:\/\/www.facebook.com\/gaautsenteret\" \/>\n<meta property=\"article:published_time\" content=\"2019-02-22T10:57:26+00:00\" \/>\n<meta property=\"og:image\" content=\"https:\/\/gus.no\/blogg\/wp-content\/uploads\/2019\/02\/DSC2495-011714.jpeg\" \/>\n\t<meta property=\"og:image:width\" content=\"1753\" \/>\n\t<meta property=\"og:image:height\" content=\"986\" \/>\n\t<meta property=\"og:image:type\" content=\"image\/jpeg\" \/>\n<meta name=\"author\" content=\"Team Bangladesh (Global disippel 2018\/2019)\" \/>\n<meta name=\"twitter:card\" content=\"summary_large_image\" \/>\n<meta name=\"twitter:label1\" content=\"Skrevet av\" \/>\n\t<meta name=\"twitter:data1\" content=\"Rebecca og \u00d8ydis - Team Bangladesh (Global Disippel 2018\/2019)\" \/>\n\t<meta name=\"twitter:label2\" content=\"Ansl. lesetid\" \/>\n\t<meta name=\"twitter:data2\" content=\"6 minutter\" \/>\n<script type=\"application\/ld+json\" class=\"yoast-schema-graph\">{\"@context\":\"https:\/\/schema.org\",\"@graph\":[{\"@type\":\"WebPage\",\"@id\":\"https:\/\/gus.no\/blogg\/takknemlig\/\",\"url\":\"https:\/\/gus.no\/blogg\/takknemlig\/\",\"name\":\"Takknemlig - Blogg\",\"isPartOf\":{\"@id\":\"https:\/\/gus.no\/blogg\/#website\"},\"primaryImageOfPage\":{\"@id\":\"https:\/\/gus.no\/blogg\/takknemlig\/#primaryimage\"},\"image\":{\"@id\":\"https:\/\/gus.no\/blogg\/takknemlig\/#primaryimage\"},\"thumbnailUrl\":\"https:\/\/gus.no\/blogg\/wp-content\/uploads\/2019\/02\/DSC2495-011714.jpeg\",\"datePublished\":\"2019-02-22T10:57:26+00:00\",\"dateModified\":\"2019-02-22T10:57:26+00:00\",\"author\":{\"@id\":\"https:\/\/gus.no\/blogg\/#\/schema\/person\/428878b6d0b302e577236168443f2eb5\"},\"breadcrumb\":{\"@id\":\"https:\/\/gus.no\/blogg\/takknemlig\/#breadcrumb\"},\"inLanguage\":\"nb-NO\",\"potentialAction\":[{\"@type\":\"ReadAction\",\"target\":[\"https:\/\/gus.no\/blogg\/takknemlig\/\"]}]},{\"@type\":\"ImageObject\",\"inLanguage\":\"nb-NO\",\"@id\":\"https:\/\/gus.no\/blogg\/takknemlig\/#primaryimage\",\"url\":\"https:\/\/gus.no\/blogg\/wp-content\/uploads\/2019\/02\/DSC2495-011714.jpeg\",\"contentUrl\":\"https:\/\/gus.no\/blogg\/wp-content\/uploads\/2019\/02\/DSC2495-011714.jpeg\",\"width\":1753,\"height\":986},{\"@type\":\"BreadcrumbList\",\"@id\":\"https:\/\/gus.no\/blogg\/takknemlig\/#breadcrumb\",\"itemListElement\":[{\"@type\":\"ListItem\",\"position\":1,\"name\":\"Hjem\",\"item\":\"https:\/\/gus.no\/blogg\/\"},{\"@type\":\"ListItem\",\"position\":2,\"name\":\"Takknemlig\"}]},{\"@type\":\"WebSite\",\"@id\":\"https:\/\/gus.no\/blogg\/#website\",\"url\":\"https:\/\/gus.no\/blogg\/\",\"name\":\"Blogg\",\"description\":\"G\u00e5 Ut Senteret\",\"potentialAction\":[{\"@type\":\"SearchAction\",\"target\":{\"@type\":\"EntryPoint\",\"urlTemplate\":\"https:\/\/gus.no\/blogg\/?s={search_term_string}\"},\"query-input\":{\"@type\":\"PropertyValueSpecification\",\"valueRequired\":true,\"valueName\":\"search_term_string\"}}],\"inLanguage\":\"nb-NO\"},{\"@type\":\"Person\",\"@id\":\"https:\/\/gus.no\/blogg\/#\/schema\/person\/428878b6d0b302e577236168443f2eb5\",\"name\":\"Team Bangladesh (Global disippel 2018\/2019)\",\"url\":\"https:\/\/gus.no\/blogg\/author\/oydis\/\"}]}<\/script>\n<!-- \/ Yoast SEO plugin. -->","yoast_head_json":{"title":"Takknemlig - Blogg","robots":{"index":"index","follow":"follow","max-snippet":"max-snippet:-1","max-image-preview":"max-image-preview:large","max-video-preview":"max-video-preview:-1"},"canonical":"https:\/\/gus.no\/blogg\/takknemlig\/","og_locale":"nb_NO","og_type":"article","og_title":"Takknemlig - Blogg","og_description":"Ute har sola g\u00e5tt ned og menneskene i landsbyen har v\u00e5knet til liv. P\u00e5 hvert gatehj\u00f8rne sitter grupper av menn, samlet i de mange sm\u00e5 tebodene. Et stykke unna h\u00f8res lyden av musikk. Fra en annen kant lyder h\u00f8ye, skingrende b\u00f8nnerop. Inne, p\u00e5 det kalde betonggulvet, sitter tolv jenter samlet i ring. De har sjalene trukket over hodet; det er tid for kveldsb\u00f8nn og takkerunde.","og_url":"https:\/\/gus.no\/blogg\/takknemlig\/","og_site_name":"Blogg","article_publisher":"http:\/\/www.facebook.com\/gaautsenteret","article_published_time":"2019-02-22T10:57:26+00:00","og_image":[{"width":1753,"height":986,"url":"https:\/\/gus.no\/blogg\/wp-content\/uploads\/2019\/02\/DSC2495-011714.jpeg","type":"image\/jpeg"}],"author":"Team Bangladesh (Global disippel 2018\/2019)","twitter_card":"summary_large_image","twitter_misc":{"Skrevet av":"Rebecca og \u00d8ydis - Team Bangladesh (Global Disippel 2018\/2019)","Ansl. lesetid":"6 minutter"},"schema":{"@context":"https:\/\/schema.org","@graph":[{"@type":"WebPage","@id":"https:\/\/gus.no\/blogg\/takknemlig\/","url":"https:\/\/gus.no\/blogg\/takknemlig\/","name":"Takknemlig - Blogg","isPartOf":{"@id":"https:\/\/gus.no\/blogg\/#website"},"primaryImageOfPage":{"@id":"https:\/\/gus.no\/blogg\/takknemlig\/#primaryimage"},"image":{"@id":"https:\/\/gus.no\/blogg\/takknemlig\/#primaryimage"},"thumbnailUrl":"https:\/\/gus.no\/blogg\/wp-content\/uploads\/2019\/02\/DSC2495-011714.jpeg","datePublished":"2019-02-22T10:57:26+00:00","dateModified":"2019-02-22T10:57:26+00:00","author":{"@id":"https:\/\/gus.no\/blogg\/#\/schema\/person\/428878b6d0b302e577236168443f2eb5"},"breadcrumb":{"@id":"https:\/\/gus.no\/blogg\/takknemlig\/#breadcrumb"},"inLanguage":"nb-NO","potentialAction":[{"@type":"ReadAction","target":["https:\/\/gus.no\/blogg\/takknemlig\/"]}]},{"@type":"ImageObject","inLanguage":"nb-NO","@id":"https:\/\/gus.no\/blogg\/takknemlig\/#primaryimage","url":"https:\/\/gus.no\/blogg\/wp-content\/uploads\/2019\/02\/DSC2495-011714.jpeg","contentUrl":"https:\/\/gus.no\/blogg\/wp-content\/uploads\/2019\/02\/DSC2495-011714.jpeg","width":1753,"height":986},{"@type":"BreadcrumbList","@id":"https:\/\/gus.no\/blogg\/takknemlig\/#breadcrumb","itemListElement":[{"@type":"ListItem","position":1,"name":"Hjem","item":"https:\/\/gus.no\/blogg\/"},{"@type":"ListItem","position":2,"name":"Takknemlig"}]},{"@type":"WebSite","@id":"https:\/\/gus.no\/blogg\/#website","url":"https:\/\/gus.no\/blogg\/","name":"Blogg","description":"G\u00e5 Ut Senteret","potentialAction":[{"@type":"SearchAction","target":{"@type":"EntryPoint","urlTemplate":"https:\/\/gus.no\/blogg\/?s={search_term_string}"},"query-input":{"@type":"PropertyValueSpecification","valueRequired":true,"valueName":"search_term_string"}}],"inLanguage":"nb-NO"},{"@type":"Person","@id":"https:\/\/gus.no\/blogg\/#\/schema\/person\/428878b6d0b302e577236168443f2eb5","name":"Team Bangladesh (Global disippel 2018\/2019)","url":"https:\/\/gus.no\/blogg\/author\/oydis\/"}]}},"_links":{"self":[{"href":"https:\/\/gus.no\/blogg\/wp-json\/wp\/v2\/posts\/2719"}],"collection":[{"href":"https:\/\/gus.no\/blogg\/wp-json\/wp\/v2\/posts"}],"about":[{"href":"https:\/\/gus.no\/blogg\/wp-json\/wp\/v2\/types\/post"}],"author":[{"embeddable":true,"href":"https:\/\/gus.no\/blogg\/wp-json\/wp\/v2\/users\/15"}],"replies":[{"embeddable":true,"href":"https:\/\/gus.no\/blogg\/wp-json\/wp\/v2\/comments?post=2719"}],"version-history":[{"count":9,"href":"https:\/\/gus.no\/blogg\/wp-json\/wp\/v2\/posts\/2719\/revisions"}],"predecessor-version":[{"id":2762,"href":"https:\/\/gus.no\/blogg\/wp-json\/wp\/v2\/posts\/2719\/revisions\/2762"}],"wp:featuredmedia":[{"embeddable":true,"href":"https:\/\/gus.no\/blogg\/wp-json\/wp\/v2\/media\/2726"}],"wp:attachment":[{"href":"https:\/\/gus.no\/blogg\/wp-json\/wp\/v2\/media?parent=2719"}],"wp:term":[{"taxonomy":"category","embeddable":true,"href":"https:\/\/gus.no\/blogg\/wp-json\/wp\/v2\/categories?post=2719"},{"taxonomy":"post_tag","embeddable":true,"href":"https:\/\/gus.no\/blogg\/wp-json\/wp\/v2\/tags?post=2719"}],"curies":[{"name":"wp","href":"https:\/\/api.w.org\/{rel}","templated":true}]}}