{"id":2836,"date":"2019-03-04T09:44:56","date_gmt":"2019-03-04T08:44:56","guid":{"rendered":"http:\/\/gus.no\/blogg\/?p=2836"},"modified":"2019-03-04T09:45:19","modified_gmt":"2019-03-04T08:45:19","slug":"gud-tar-aldri-ferie","status":"publish","type":"post","link":"https:\/\/gus.no\/blogg\/gud-tar-aldri-ferie\/","title":{"rendered":"Gud tar aldri ferie"},"content":{"rendered":"<p>De siste to ukene har vi v\u00e6rt turister i nye omgivelser, nemlig Thailand og Phokara (Nepal) Turistfaktoren har v\u00e6rt p\u00e5 topp, og vi har f\u00e5tt mange nye og spennende inntrykk. Det er viktig med en liten hvilepause.<\/p>\n<p>Smakssansene og luktesansene har f\u00e5tt pr\u00f8vd seg p\u00e5 nye eventyrlige smaker, og vi har ogs\u00e5 blitt noen erfaringer rikere p\u00e5 hvor heldige vi er som f\u00e5r bo i Okhaldhunga. Vi koste oss masse p\u00e5 ferie, men gledet oss sv\u00e6rt mye til \u00e5 komme tilbake til v\u00e5rt andre hjem.<\/p>\n<p>&nbsp;<\/p>\n<div id='gallery-1' class='gallery galleryid-2836 gallery-columns-3 gallery-size-full'><figure class='gallery-item'>\n\t\t\t<div class='gallery-icon portrait'>\n\t\t\t\t<a href='https:\/\/gus.no\/blogg\/gud-tar-aldri-ferie\/weazosstt6k1m1o5wb93yw\/'><img loading=\"lazy\" decoding=\"async\" width=\"3024\" height=\"4032\" src=\"https:\/\/gus.no\/blogg\/wp-content\/uploads\/2019\/03\/WeazosSTT6K1m1o5Wb93yw-e1551632030610.jpg\" class=\"attachment-full size-full\" alt=\"\" srcset=\"https:\/\/gus.no\/blogg\/wp-content\/uploads\/2019\/03\/WeazosSTT6K1m1o5Wb93yw-e1551632030610.jpg 3024w, https:\/\/gus.no\/blogg\/wp-content\/uploads\/2019\/03\/WeazosSTT6K1m1o5Wb93yw-e1551632030610-225x300.jpg 225w, https:\/\/gus.no\/blogg\/wp-content\/uploads\/2019\/03\/WeazosSTT6K1m1o5Wb93yw-e1551632030610-768x1024.jpg 768w, https:\/\/gus.no\/blogg\/wp-content\/uploads\/2019\/03\/WeazosSTT6K1m1o5Wb93yw-e1551632030610-1200x1600.jpg 1200w, https:\/\/gus.no\/blogg\/wp-content\/uploads\/2019\/03\/WeazosSTT6K1m1o5Wb93yw-e1551632030610-1860x2480.jpg 1860w\" sizes=\"(max-width: 3024px) 100vw, 3024px\" \/><\/a>\n\t\t\t<\/div><\/figure><figure class='gallery-item'>\n\t\t\t<div class='gallery-icon portrait'>\n\t\t\t\t<a href='https:\/\/gus.no\/blogg\/gud-tar-aldri-ferie\/wlb9dwl0ryuzvagfcnawha-3\/'><img loading=\"lazy\" decoding=\"async\" width=\"3024\" height=\"4032\" src=\"https:\/\/gus.no\/blogg\/wp-content\/uploads\/2019\/03\/Wlb9dwL0RyuZVaGFcnawhA-2-e1551631893515.jpg\" class=\"attachment-full size-full\" alt=\"\" srcset=\"https:\/\/gus.no\/blogg\/wp-content\/uploads\/2019\/03\/Wlb9dwL0RyuZVaGFcnawhA-2-e1551631893515.jpg 3024w, https:\/\/gus.no\/blogg\/wp-content\/uploads\/2019\/03\/Wlb9dwL0RyuZVaGFcnawhA-2-e1551631893515-225x300.jpg 225w, https:\/\/gus.no\/blogg\/wp-content\/uploads\/2019\/03\/Wlb9dwL0RyuZVaGFcnawhA-2-e1551631893515-768x1024.jpg 768w, https:\/\/gus.no\/blogg\/wp-content\/uploads\/2019\/03\/Wlb9dwL0RyuZVaGFcnawhA-2-e1551631893515-1200x1600.jpg 1200w, https:\/\/gus.no\/blogg\/wp-content\/uploads\/2019\/03\/Wlb9dwL0RyuZVaGFcnawhA-2-e1551631893515-1860x2480.jpg 1860w\" sizes=\"(max-width: 3024px) 100vw, 3024px\" \/><\/a>\n\t\t\t<\/div><\/figure><figure class='gallery-item'>\n\t\t\t<div class='gallery-icon portrait'>\n\t\t\t\t<a href='https:\/\/gus.no\/blogg\/gud-tar-aldri-ferie\/fullsizeoutput_33ee\/'><img loading=\"lazy\" decoding=\"async\" width=\"2744\" height=\"3662\" src=\"https:\/\/gus.no\/blogg\/wp-content\/uploads\/2019\/03\/fullsizeoutput_33ee.jpeg\" class=\"attachment-full size-full\" alt=\"\" srcset=\"https:\/\/gus.no\/blogg\/wp-content\/uploads\/2019\/03\/fullsizeoutput_33ee.jpeg 2744w, https:\/\/gus.no\/blogg\/wp-content\/uploads\/2019\/03\/fullsizeoutput_33ee-225x300.jpeg 225w, https:\/\/gus.no\/blogg\/wp-content\/uploads\/2019\/03\/fullsizeoutput_33ee-768x1025.jpeg 768w, https:\/\/gus.no\/blogg\/wp-content\/uploads\/2019\/03\/fullsizeoutput_33ee-767x1024.jpeg 767w, https:\/\/gus.no\/blogg\/wp-content\/uploads\/2019\/03\/fullsizeoutput_33ee-1200x1601.jpeg 1200w, https:\/\/gus.no\/blogg\/wp-content\/uploads\/2019\/03\/fullsizeoutput_33ee-1860x2482.jpeg 1860w\" sizes=\"(max-width: 2744px) 100vw, 2744px\" \/><\/a>\n\t\t\t<\/div><\/figure>\n\t\t<\/div>\n\n<p>&nbsp;<\/p>\n<p>Det som er trygt \u00e5 tenke p\u00e5 er at selv om vi tar en to ukers ferie, tar aldri Gud fri. Han vil konstant v\u00e6re ved v\u00e5r side, enten det er i Mallorca p\u00e5 charterferie, oppe i fjellene, eller liggende i en blomstereng med nakne t\u00e6r og norsk sommerbris. Kongenes konge stopper ikke \u00e5 helbrede, r\u00f8re ved og fylle mennesker med sin kj\u00e6rlighet, for \u00e5 ta ferie. Han jobber konstant dag og natt, og det er helt r\u00e5tt \u00e5 tenke p\u00e5!<\/p>\n<p>&nbsp;<\/p>\n<div id='gallery-2' class='gallery galleryid-2836 gallery-columns-3 gallery-size-full'><figure class='gallery-item'>\n\t\t\t<div class='gallery-icon portrait'>\n\t\t\t\t<a href='https:\/\/gus.no\/blogg\/gud-tar-aldri-ferie\/img_0417\/'><img loading=\"lazy\" decoding=\"async\" width=\"3024\" height=\"4032\" src=\"https:\/\/gus.no\/blogg\/wp-content\/uploads\/2019\/03\/IMG_0417.jpg\" class=\"attachment-full size-full\" alt=\"\" srcset=\"https:\/\/gus.no\/blogg\/wp-content\/uploads\/2019\/03\/IMG_0417.jpg 3024w, https:\/\/gus.no\/blogg\/wp-content\/uploads\/2019\/03\/IMG_0417-225x300.jpg 225w, https:\/\/gus.no\/blogg\/wp-content\/uploads\/2019\/03\/IMG_0417-768x1024.jpg 768w, https:\/\/gus.no\/blogg\/wp-content\/uploads\/2019\/03\/IMG_0417-1200x1600.jpg 1200w, https:\/\/gus.no\/blogg\/wp-content\/uploads\/2019\/03\/IMG_0417-1860x2480.jpg 1860w\" sizes=\"(max-width: 3024px) 100vw, 3024px\" \/><\/a>\n\t\t\t<\/div><\/figure><figure class='gallery-item'>\n\t\t\t<div class='gallery-icon portrait'>\n\t\t\t\t<a href='https:\/\/gus.no\/blogg\/gud-tar-aldri-ferie\/img_8858\/'><img loading=\"lazy\" decoding=\"async\" width=\"2744\" height=\"3662\" src=\"https:\/\/gus.no\/blogg\/wp-content\/uploads\/2019\/03\/IMG_8858.jpg\" class=\"attachment-full size-full\" alt=\"\" srcset=\"https:\/\/gus.no\/blogg\/wp-content\/uploads\/2019\/03\/IMG_8858.jpg 2744w, https:\/\/gus.no\/blogg\/wp-content\/uploads\/2019\/03\/IMG_8858-225x300.jpg 225w, https:\/\/gus.no\/blogg\/wp-content\/uploads\/2019\/03\/IMG_8858-768x1025.jpg 768w, https:\/\/gus.no\/blogg\/wp-content\/uploads\/2019\/03\/IMG_8858-767x1024.jpg 767w, https:\/\/gus.no\/blogg\/wp-content\/uploads\/2019\/03\/IMG_8858-1200x1601.jpg 1200w, https:\/\/gus.no\/blogg\/wp-content\/uploads\/2019\/03\/IMG_8858-1860x2482.jpg 1860w\" sizes=\"(max-width: 2744px) 100vw, 2744px\" \/><\/a>\n\t\t\t<\/div><\/figure><figure class='gallery-item'>\n\t\t\t<div class='gallery-icon landscape'>\n\t\t\t\t<a href='https:\/\/gus.no\/blogg\/gud-tar-aldri-ferie\/fullsizeoutput_33f8\/'><img loading=\"lazy\" decoding=\"async\" width=\"4032\" height=\"3024\" src=\"https:\/\/gus.no\/blogg\/wp-content\/uploads\/2019\/03\/fullsizeoutput_33f8.jpeg\" class=\"attachment-full size-full\" alt=\"\" srcset=\"https:\/\/gus.no\/blogg\/wp-content\/uploads\/2019\/03\/fullsizeoutput_33f8.jpeg 4032w, https:\/\/gus.no\/blogg\/wp-content\/uploads\/2019\/03\/fullsizeoutput_33f8-300x225.jpeg 300w, https:\/\/gus.no\/blogg\/wp-content\/uploads\/2019\/03\/fullsizeoutput_33f8-768x576.jpeg 768w, https:\/\/gus.no\/blogg\/wp-content\/uploads\/2019\/03\/fullsizeoutput_33f8-1024x768.jpeg 1024w, https:\/\/gus.no\/blogg\/wp-content\/uploads\/2019\/03\/fullsizeoutput_33f8-1200x900.jpeg 1200w, https:\/\/gus.no\/blogg\/wp-content\/uploads\/2019\/03\/fullsizeoutput_33f8-1860x1395.jpeg 1860w\" sizes=\"(max-width: 4032px) 100vw, 4032px\" \/><\/a>\n\t\t\t<\/div><\/figure>\n\t\t<\/div>\n\n<p>&nbsp;<\/p>\n<p>I l\u00f8pet av oppholdet her i Nepal har vi l\u00e6rt av menneskene her, at det er viktig \u00e5 leve i nuet. Ta en dag om gangen, det nytter ikke \u00e5 bekymre seg for morgendagen, den har nok med seg selv. Legg vekk stresset som kryper seg oppover skuldrene og stol p\u00e5 at Gud har kontrollen. Helt oppriktig mener vi at alle skulle tatt seg en tur til Nepal, helt objektivt selvsagt. Gud gj\u00f8r undre og helbredelser p\u00e5 sykehuset i Okhaldhunga, han er her med barna sine. Det er virkelig vakkert \u00e5 v\u00e6re vitne til! Ferie er heldigvis ikke noe kongenes konge trenger, han tar aldri ferie fra barna sine!<\/p>\n<p>&nbsp;<\/p>\n<p><img loading=\"lazy\" decoding=\"async\" class=\"alignnone size-full wp-image-2847\" src=\"http:\/\/gus.no\/blogg\/wp-content\/uploads\/2019\/03\/fullsizeoutput_33ce.jpeg\" alt=\"\" width=\"2804\" height=\"2100\" srcset=\"https:\/\/gus.no\/blogg\/wp-content\/uploads\/2019\/03\/fullsizeoutput_33ce.jpeg 2804w, https:\/\/gus.no\/blogg\/wp-content\/uploads\/2019\/03\/fullsizeoutput_33ce-300x225.jpeg 300w, https:\/\/gus.no\/blogg\/wp-content\/uploads\/2019\/03\/fullsizeoutput_33ce-768x575.jpeg 768w, https:\/\/gus.no\/blogg\/wp-content\/uploads\/2019\/03\/fullsizeoutput_33ce-1024x767.jpeg 1024w, https:\/\/gus.no\/blogg\/wp-content\/uploads\/2019\/03\/fullsizeoutput_33ce-1200x899.jpeg 1200w, https:\/\/gus.no\/blogg\/wp-content\/uploads\/2019\/03\/fullsizeoutput_33ce-1860x1393.jpeg 1860w\" sizes=\"(max-width: 2804px) 100vw, 2804px\" \/><\/p>\n","protected":false},"excerpt":{"rendered":"<p>Det som er trygt \u00e5 tenke p\u00e5 er at selv om vi tar en to ukers ferie, tar aldri Gud fri. Han vil konstant v\u00e6re ved v\u00e5r side, enten det er i Mallorca p\u00e5 charterferie, oppe i fjellene, eller liggende i en blomstereng med nakne t\u00e6r og norsk sommerbris. <\/p>\n","protected":false},"author":21,"featured_media":2842,"comment_status":"open","ping_status":"open","sticky":false,"template":"","format":"standard","meta":{"_exactmetrics_skip_tracking":false,"_exactmetrics_sitenote_active":false,"_exactmetrics_sitenote_note":"","_exactmetrics_sitenote_category":0,"footnotes":""},"categories":[12,7],"tags":[],"class_list":["post-2836","post","type-post","status-publish","format-standard","has-post-thumbnail","hentry","category-global-disippel","category-nepal","has-thumbnail"],"yoast_head":"<!-- This site is optimized with the Yoast SEO plugin v23.5 - https:\/\/yoast.com\/wordpress\/plugins\/seo\/ -->\n<title>Gud tar aldri ferie - Blogg<\/title>\n<meta name=\"robots\" content=\"index, follow, max-snippet:-1, max-image-preview:large, max-video-preview:-1\" \/>\n<link rel=\"canonical\" href=\"https:\/\/gus.no\/blogg\/gud-tar-aldri-ferie\/\" \/>\n<meta property=\"og:locale\" content=\"nb_NO\" \/>\n<meta property=\"og:type\" content=\"article\" \/>\n<meta property=\"og:title\" content=\"Gud tar aldri ferie - Blogg\" \/>\n<meta property=\"og:description\" content=\"Det som er trygt \u00e5 tenke p\u00e5 er at selv om vi tar en to ukers ferie, tar aldri Gud fri. Han vil konstant v\u00e6re ved v\u00e5r side, enten det er i Mallorca p\u00e5 charterferie, oppe i fjellene, eller liggende i en blomstereng med nakne t\u00e6r og norsk sommerbris.\" \/>\n<meta property=\"og:url\" content=\"https:\/\/gus.no\/blogg\/gud-tar-aldri-ferie\/\" \/>\n<meta property=\"og:site_name\" content=\"Blogg\" \/>\n<meta property=\"article:publisher\" content=\"http:\/\/www.facebook.com\/gaautsenteret\" \/>\n<meta property=\"article:published_time\" content=\"2019-03-04T08:44:56+00:00\" \/>\n<meta property=\"article:modified_time\" content=\"2019-03-04T08:45:19+00:00\" \/>\n<meta property=\"og:image\" content=\"https:\/\/gus.no\/blogg\/wp-content\/uploads\/2019\/03\/IMG_0411-768x1024.jpg\" \/>\n\t<meta property=\"og:image:width\" content=\"768\" \/>\n\t<meta property=\"og:image:height\" content=\"1024\" \/>\n\t<meta property=\"og:image:type\" content=\"image\/jpeg\" \/>\n<meta name=\"author\" content=\"Team Nepal (Global disippel 2018\/2019)\" \/>\n<meta name=\"twitter:card\" content=\"summary_large_image\" \/>\n<meta name=\"twitter:label1\" content=\"Skrevet av\" \/>\n\t<meta name=\"twitter:data1\" content=\"Team Nepal (Global disippel 2018\/2019)\" \/>\n\t<meta name=\"twitter:label2\" content=\"Ansl. lesetid\" \/>\n\t<meta name=\"twitter:data2\" content=\"1 minutt\" \/>\n<script type=\"application\/ld+json\" class=\"yoast-schema-graph\">{\"@context\":\"https:\/\/schema.org\",\"@graph\":[{\"@type\":\"WebPage\",\"@id\":\"https:\/\/gus.no\/blogg\/gud-tar-aldri-ferie\/\",\"url\":\"https:\/\/gus.no\/blogg\/gud-tar-aldri-ferie\/\",\"name\":\"Gud tar aldri ferie - Blogg\",\"isPartOf\":{\"@id\":\"http:\/\/gus.no\/blogg\/#website\"},\"primaryImageOfPage\":{\"@id\":\"https:\/\/gus.no\/blogg\/gud-tar-aldri-ferie\/#primaryimage\"},\"image\":{\"@id\":\"https:\/\/gus.no\/blogg\/gud-tar-aldri-ferie\/#primaryimage\"},\"thumbnailUrl\":\"https:\/\/gus.no\/blogg\/wp-content\/uploads\/2019\/03\/IMG_0411.jpg\",\"datePublished\":\"2019-03-04T08:44:56+00:00\",\"dateModified\":\"2019-03-04T08:45:19+00:00\",\"author\":{\"@id\":\"http:\/\/gus.no\/blogg\/#\/schema\/person\/9d85805d1688f159585a37d0350c8222\"},\"breadcrumb\":{\"@id\":\"https:\/\/gus.no\/blogg\/gud-tar-aldri-ferie\/#breadcrumb\"},\"inLanguage\":\"nb-NO\",\"potentialAction\":[{\"@type\":\"ReadAction\",\"target\":[\"https:\/\/gus.no\/blogg\/gud-tar-aldri-ferie\/\"]}]},{\"@type\":\"ImageObject\",\"inLanguage\":\"nb-NO\",\"@id\":\"https:\/\/gus.no\/blogg\/gud-tar-aldri-ferie\/#primaryimage\",\"url\":\"https:\/\/gus.no\/blogg\/wp-content\/uploads\/2019\/03\/IMG_0411.jpg\",\"contentUrl\":\"https:\/\/gus.no\/blogg\/wp-content\/uploads\/2019\/03\/IMG_0411.jpg\",\"width\":3024,\"height\":4032},{\"@type\":\"BreadcrumbList\",\"@id\":\"https:\/\/gus.no\/blogg\/gud-tar-aldri-ferie\/#breadcrumb\",\"itemListElement\":[{\"@type\":\"ListItem\",\"position\":1,\"name\":\"Hjem\",\"item\":\"http:\/\/gus.no\/blogg\/\"},{\"@type\":\"ListItem\",\"position\":2,\"name\":\"Gud tar aldri ferie\"}]},{\"@type\":\"WebSite\",\"@id\":\"http:\/\/gus.no\/blogg\/#website\",\"url\":\"http:\/\/gus.no\/blogg\/\",\"name\":\"Blogg\",\"description\":\"G\u00e5 Ut Senteret\",\"potentialAction\":[{\"@type\":\"SearchAction\",\"target\":{\"@type\":\"EntryPoint\",\"urlTemplate\":\"http:\/\/gus.no\/blogg\/?s={search_term_string}\"},\"query-input\":{\"@type\":\"PropertyValueSpecification\",\"valueRequired\":true,\"valueName\":\"search_term_string\"}}],\"inLanguage\":\"nb-NO\"},{\"@type\":\"Person\",\"@id\":\"http:\/\/gus.no\/blogg\/#\/schema\/person\/9d85805d1688f159585a37d0350c8222\",\"name\":\"Team Nepal (Global disippel 2018\/2019)\",\"url\":\"https:\/\/gus.no\/blogg\/author\/ingrid\/\"}]}<\/script>\n<!-- \/ Yoast SEO plugin. -->","yoast_head_json":{"title":"Gud tar aldri ferie - Blogg","robots":{"index":"index","follow":"follow","max-snippet":"max-snippet:-1","max-image-preview":"max-image-preview:large","max-video-preview":"max-video-preview:-1"},"canonical":"https:\/\/gus.no\/blogg\/gud-tar-aldri-ferie\/","og_locale":"nb_NO","og_type":"article","og_title":"Gud tar aldri ferie - Blogg","og_description":"Det som er trygt \u00e5 tenke p\u00e5 er at selv om vi tar en to ukers ferie, tar aldri Gud fri. Han vil konstant v\u00e6re ved v\u00e5r side, enten det er i Mallorca p\u00e5 charterferie, oppe i fjellene, eller liggende i en blomstereng med nakne t\u00e6r og norsk sommerbris.","og_url":"https:\/\/gus.no\/blogg\/gud-tar-aldri-ferie\/","og_site_name":"Blogg","article_publisher":"http:\/\/www.facebook.com\/gaautsenteret","article_published_time":"2019-03-04T08:44:56+00:00","article_modified_time":"2019-03-04T08:45:19+00:00","og_image":[{"width":768,"height":1024,"url":"https:\/\/gus.no\/blogg\/wp-content\/uploads\/2019\/03\/IMG_0411-768x1024.jpg","type":"image\/jpeg"}],"author":"Team Nepal (Global disippel 2018\/2019)","twitter_card":"summary_large_image","twitter_misc":{"Skrevet av":"Team Nepal (Global disippel 2018\/2019)","Ansl. lesetid":"1 minutt"},"schema":{"@context":"https:\/\/schema.org","@graph":[{"@type":"WebPage","@id":"https:\/\/gus.no\/blogg\/gud-tar-aldri-ferie\/","url":"https:\/\/gus.no\/blogg\/gud-tar-aldri-ferie\/","name":"Gud tar aldri ferie - Blogg","isPartOf":{"@id":"http:\/\/gus.no\/blogg\/#website"},"primaryImageOfPage":{"@id":"https:\/\/gus.no\/blogg\/gud-tar-aldri-ferie\/#primaryimage"},"image":{"@id":"https:\/\/gus.no\/blogg\/gud-tar-aldri-ferie\/#primaryimage"},"thumbnailUrl":"https:\/\/gus.no\/blogg\/wp-content\/uploads\/2019\/03\/IMG_0411.jpg","datePublished":"2019-03-04T08:44:56+00:00","dateModified":"2019-03-04T08:45:19+00:00","author":{"@id":"http:\/\/gus.no\/blogg\/#\/schema\/person\/9d85805d1688f159585a37d0350c8222"},"breadcrumb":{"@id":"https:\/\/gus.no\/blogg\/gud-tar-aldri-ferie\/#breadcrumb"},"inLanguage":"nb-NO","potentialAction":[{"@type":"ReadAction","target":["https:\/\/gus.no\/blogg\/gud-tar-aldri-ferie\/"]}]},{"@type":"ImageObject","inLanguage":"nb-NO","@id":"https:\/\/gus.no\/blogg\/gud-tar-aldri-ferie\/#primaryimage","url":"https:\/\/gus.no\/blogg\/wp-content\/uploads\/2019\/03\/IMG_0411.jpg","contentUrl":"https:\/\/gus.no\/blogg\/wp-content\/uploads\/2019\/03\/IMG_0411.jpg","width":3024,"height":4032},{"@type":"BreadcrumbList","@id":"https:\/\/gus.no\/blogg\/gud-tar-aldri-ferie\/#breadcrumb","itemListElement":[{"@type":"ListItem","position":1,"name":"Hjem","item":"http:\/\/gus.no\/blogg\/"},{"@type":"ListItem","position":2,"name":"Gud tar aldri ferie"}]},{"@type":"WebSite","@id":"http:\/\/gus.no\/blogg\/#website","url":"http:\/\/gus.no\/blogg\/","name":"Blogg","description":"G\u00e5 Ut Senteret","potentialAction":[{"@type":"SearchAction","target":{"@type":"EntryPoint","urlTemplate":"http:\/\/gus.no\/blogg\/?s={search_term_string}"},"query-input":{"@type":"PropertyValueSpecification","valueRequired":true,"valueName":"search_term_string"}}],"inLanguage":"nb-NO"},{"@type":"Person","@id":"http:\/\/gus.no\/blogg\/#\/schema\/person\/9d85805d1688f159585a37d0350c8222","name":"Team Nepal (Global disippel 2018\/2019)","url":"https:\/\/gus.no\/blogg\/author\/ingrid\/"}]}},"_links":{"self":[{"href":"https:\/\/gus.no\/blogg\/wp-json\/wp\/v2\/posts\/2836"}],"collection":[{"href":"https:\/\/gus.no\/blogg\/wp-json\/wp\/v2\/posts"}],"about":[{"href":"https:\/\/gus.no\/blogg\/wp-json\/wp\/v2\/types\/post"}],"author":[{"embeddable":true,"href":"https:\/\/gus.no\/blogg\/wp-json\/wp\/v2\/users\/21"}],"replies":[{"embeddable":true,"href":"https:\/\/gus.no\/blogg\/wp-json\/wp\/v2\/comments?post=2836"}],"version-history":[{"count":4,"href":"https:\/\/gus.no\/blogg\/wp-json\/wp\/v2\/posts\/2836\/revisions"}],"predecessor-version":[{"id":2857,"href":"https:\/\/gus.no\/blogg\/wp-json\/wp\/v2\/posts\/2836\/revisions\/2857"}],"wp:featuredmedia":[{"embeddable":true,"href":"https:\/\/gus.no\/blogg\/wp-json\/wp\/v2\/media\/2842"}],"wp:attachment":[{"href":"https:\/\/gus.no\/blogg\/wp-json\/wp\/v2\/media?parent=2836"}],"wp:term":[{"taxonomy":"category","embeddable":true,"href":"https:\/\/gus.no\/blogg\/wp-json\/wp\/v2\/categories?post=2836"},{"taxonomy":"post_tag","embeddable":true,"href":"https:\/\/gus.no\/blogg\/wp-json\/wp\/v2\/tags?post=2836"}],"curies":[{"name":"wp","href":"https:\/\/api.w.org\/{rel}","templated":true}]}}