{"id":2883,"date":"2019-03-13T14:27:17","date_gmt":"2019-03-13T13:27:17","guid":{"rendered":"http:\/\/gus.no\/blogg\/?p=2883"},"modified":"2019-03-13T14:27:17","modified_gmt":"2019-03-13T13:27:17","slug":"3-land-2-uker-og-1-hav-av-opplevelser","status":"publish","type":"post","link":"https:\/\/gus.no\/blogg\/3-land-2-uker-og-1-hav-av-opplevelser\/","title":{"rendered":"3 land, 2 uker og 1 hav av opplevelser!"},"content":{"rendered":"<p>Jeg skal ihvertfall pr\u00f8ve \u00e5 prioritere, men bare for \u00e5 nevne det en gang for mye s\u00e5 har dette har bare v\u00e6rt noen av de r\u00e5aste dagene noensinne!! Ikke frykt kvantitet over kvalitet i dette innlegget. For mens dere hadde vinterferie i Norge hadde vi ogs\u00e5 ferie her, som vi brukte p\u00e5 \u00e5 ture rundt i Latin Amerika, starting with&#8230; Peru!<\/p>\n<p><strong>Peru!<\/strong><\/p>\n<p>Et av turens h\u00f8ydepunkt var rett og slett bare reisen ned til Peru. Vi tok buss fra Cuenca til Tumbes og igjen var vi begge betatt av den\u00a0 majestetiske Ecuadorianske naturen. H\u00f8ye fjell dekket av palmer og regnskog gj\u00f8r naturen her til noe av det beste fra hele skaperverket. Etter \u00e5 ha krysset grensen tok vi fly fra Tumbes og landet i Lima, Perus hovedstad.<\/p>\n<p>Lima var for \u00e5 si det mildt &#8211; en kjempeflott by med mye flott arkitektur og historie. Vi bes\u00f8kte utallige mange kirker, klostre og andre historiske bygninger.\u00a0 Vi ble veldig solbrente, tok en svipptur til byens katakomber og s\u00e5 Skjelvet &#8211; P\u00c5 SPANSK!!! i den lokale kinoen.<\/p>\n<div id='gallery-1' class='gallery galleryid-2883 gallery-columns-3 gallery-size-full'><figure class='gallery-item'>\n\t\t\t<div class='gallery-icon landscape'>\n\t\t\t\t<a href='https:\/\/gus.no\/blogg\/3-land-2-uker-og-1-hav-av-opplevelser\/20190219_101405\/'><img loading=\"lazy\" decoding=\"async\" width=\"1836\" height=\"1836\" src=\"https:\/\/gus.no\/blogg\/wp-content\/uploads\/2019\/03\/20190219_101405.jpg\" class=\"attachment-full size-full\" alt=\"\" srcset=\"https:\/\/gus.no\/blogg\/wp-content\/uploads\/2019\/03\/20190219_101405.jpg 1836w, https:\/\/gus.no\/blogg\/wp-content\/uploads\/2019\/03\/20190219_101405-150x150.jpg 150w, https:\/\/gus.no\/blogg\/wp-content\/uploads\/2019\/03\/20190219_101405-300x300.jpg 300w, https:\/\/gus.no\/blogg\/wp-content\/uploads\/2019\/03\/20190219_101405-768x768.jpg 768w, https:\/\/gus.no\/blogg\/wp-content\/uploads\/2019\/03\/20190219_101405-1024x1024.jpg 1024w, https:\/\/gus.no\/blogg\/wp-content\/uploads\/2019\/03\/20190219_101405-1200x1200.jpg 1200w\" sizes=\"(max-width: 1836px) 100vw, 1836px\" \/><\/a>\n\t\t\t<\/div><\/figure><figure class='gallery-item'>\n\t\t\t<div class='gallery-icon landscape'>\n\t\t\t\t<a href='https:\/\/gus.no\/blogg\/3-land-2-uker-og-1-hav-av-opplevelser\/20190312_193649\/'><img loading=\"lazy\" decoding=\"async\" width=\"1836\" height=\"1836\" src=\"https:\/\/gus.no\/blogg\/wp-content\/uploads\/2019\/03\/20190312_193649.jpg\" class=\"attachment-full size-full\" alt=\"\" srcset=\"https:\/\/gus.no\/blogg\/wp-content\/uploads\/2019\/03\/20190312_193649.jpg 1836w, https:\/\/gus.no\/blogg\/wp-content\/uploads\/2019\/03\/20190312_193649-150x150.jpg 150w, https:\/\/gus.no\/blogg\/wp-content\/uploads\/2019\/03\/20190312_193649-300x300.jpg 300w, https:\/\/gus.no\/blogg\/wp-content\/uploads\/2019\/03\/20190312_193649-768x768.jpg 768w, https:\/\/gus.no\/blogg\/wp-content\/uploads\/2019\/03\/20190312_193649-1024x1024.jpg 1024w, https:\/\/gus.no\/blogg\/wp-content\/uploads\/2019\/03\/20190312_193649-1200x1200.jpg 1200w\" sizes=\"(max-width: 1836px) 100vw, 1836px\" \/><\/a>\n\t\t\t<\/div><\/figure><figure class='gallery-item'>\n\t\t\t<div class='gallery-icon landscape'>\n\t\t\t\t<a href='https:\/\/gus.no\/blogg\/3-land-2-uker-og-1-hav-av-opplevelser\/20190312_193704\/'><img loading=\"lazy\" decoding=\"async\" width=\"1836\" height=\"1836\" src=\"https:\/\/gus.no\/blogg\/wp-content\/uploads\/2019\/03\/20190312_193704.jpg\" class=\"attachment-full size-full\" alt=\"\" srcset=\"https:\/\/gus.no\/blogg\/wp-content\/uploads\/2019\/03\/20190312_193704.jpg 1836w, https:\/\/gus.no\/blogg\/wp-content\/uploads\/2019\/03\/20190312_193704-150x150.jpg 150w, https:\/\/gus.no\/blogg\/wp-content\/uploads\/2019\/03\/20190312_193704-300x300.jpg 300w, https:\/\/gus.no\/blogg\/wp-content\/uploads\/2019\/03\/20190312_193704-768x768.jpg 768w, https:\/\/gus.no\/blogg\/wp-content\/uploads\/2019\/03\/20190312_193704-1024x1024.jpg 1024w, https:\/\/gus.no\/blogg\/wp-content\/uploads\/2019\/03\/20190312_193704-1200x1200.jpg 1200w\" sizes=\"(max-width: 1836px) 100vw, 1836px\" \/><\/a>\n\t\t\t<\/div><\/figure>\n\t\t<\/div>\n\n<p>Men, man blir som regel fort lei av storbyer, s\u00e5 deretter dro vi langt inn i \u00f8rkenen til Ica provinsen. Der kj\u00f8rte vi Sandbuggy, surfet p\u00e5 sanddynene og bes\u00f8kte Huacachina og senere de nok s\u00e5 ber\u00f8mte Ballestas \u00f8yene i Paracas nasjonal park.<\/p>\n<div id='gallery-2' class='gallery galleryid-2883 gallery-columns-3 gallery-size-full'><figure class='gallery-item'>\n\t\t\t<div class='gallery-icon landscape'>\n\t\t\t\t<a href='https:\/\/gus.no\/blogg\/3-land-2-uker-og-1-hav-av-opplevelser\/20190220_195856\/'><img loading=\"lazy\" decoding=\"async\" width=\"1836\" height=\"1836\" src=\"https:\/\/gus.no\/blogg\/wp-content\/uploads\/2019\/03\/20190220_195856.jpg\" class=\"attachment-full size-full\" alt=\"\" srcset=\"https:\/\/gus.no\/blogg\/wp-content\/uploads\/2019\/03\/20190220_195856.jpg 1836w, https:\/\/gus.no\/blogg\/wp-content\/uploads\/2019\/03\/20190220_195856-150x150.jpg 150w, https:\/\/gus.no\/blogg\/wp-content\/uploads\/2019\/03\/20190220_195856-300x300.jpg 300w, https:\/\/gus.no\/blogg\/wp-content\/uploads\/2019\/03\/20190220_195856-768x768.jpg 768w, https:\/\/gus.no\/blogg\/wp-content\/uploads\/2019\/03\/20190220_195856-1024x1024.jpg 1024w, https:\/\/gus.no\/blogg\/wp-content\/uploads\/2019\/03\/20190220_195856-1200x1200.jpg 1200w\" sizes=\"(max-width: 1836px) 100vw, 1836px\" \/><\/a>\n\t\t\t<\/div><\/figure><figure class='gallery-item'>\n\t\t\t<div class='gallery-icon landscape'>\n\t\t\t\t<a href='https:\/\/gus.no\/blogg\/3-land-2-uker-og-1-hav-av-opplevelser\/dcim100goprogopr3029-jpg\/'><img loading=\"lazy\" decoding=\"async\" width=\"2182\" height=\"2182\" src=\"https:\/\/gus.no\/blogg\/wp-content\/uploads\/2019\/03\/GOPR3029_1550873346516_high-02-e1552470595515.jpeg\" class=\"attachment-full size-full\" alt=\"\" srcset=\"https:\/\/gus.no\/blogg\/wp-content\/uploads\/2019\/03\/GOPR3029_1550873346516_high-02-e1552470595515.jpeg 2182w, https:\/\/gus.no\/blogg\/wp-content\/uploads\/2019\/03\/GOPR3029_1550873346516_high-02-e1552470595515-150x150.jpeg 150w, https:\/\/gus.no\/blogg\/wp-content\/uploads\/2019\/03\/GOPR3029_1550873346516_high-02-e1552470595515-300x300.jpeg 300w, https:\/\/gus.no\/blogg\/wp-content\/uploads\/2019\/03\/GOPR3029_1550873346516_high-02-e1552470595515-768x768.jpeg 768w, https:\/\/gus.no\/blogg\/wp-content\/uploads\/2019\/03\/GOPR3029_1550873346516_high-02-e1552470595515-1024x1024.jpeg 1024w, https:\/\/gus.no\/blogg\/wp-content\/uploads\/2019\/03\/GOPR3029_1550873346516_high-02-e1552470595515-1200x1200.jpeg 1200w, https:\/\/gus.no\/blogg\/wp-content\/uploads\/2019\/03\/GOPR3029_1550873346516_high-02-e1552470595515-1860x1860.jpeg 1860w\" sizes=\"(max-width: 2182px) 100vw, 2182px\" \/><\/a>\n\t\t\t<\/div><\/figure><figure class='gallery-item'>\n\t\t\t<div class='gallery-icon landscape'>\n\t\t\t\t<a href='https:\/\/gus.no\/blogg\/3-land-2-uker-og-1-hav-av-opplevelser\/dcim100goprogopr2811-jpg\/'><img loading=\"lazy\" decoding=\"async\" width=\"3000\" height=\"3000\" src=\"https:\/\/gus.no\/blogg\/wp-content\/uploads\/2019\/03\/GOPR2811_1550874899458_high-01-e1552470115992.jpeg\" class=\"attachment-full size-full\" alt=\"\" srcset=\"https:\/\/gus.no\/blogg\/wp-content\/uploads\/2019\/03\/GOPR2811_1550874899458_high-01-e1552470115992.jpeg 3000w, https:\/\/gus.no\/blogg\/wp-content\/uploads\/2019\/03\/GOPR2811_1550874899458_high-01-e1552470115992-150x150.jpeg 150w, https:\/\/gus.no\/blogg\/wp-content\/uploads\/2019\/03\/GOPR2811_1550874899458_high-01-e1552470115992-300x300.jpeg 300w, https:\/\/gus.no\/blogg\/wp-content\/uploads\/2019\/03\/GOPR2811_1550874899458_high-01-e1552470115992-768x768.jpeg 768w, https:\/\/gus.no\/blogg\/wp-content\/uploads\/2019\/03\/GOPR2811_1550874899458_high-01-e1552470115992-1024x1024.jpeg 1024w, https:\/\/gus.no\/blogg\/wp-content\/uploads\/2019\/03\/GOPR2811_1550874899458_high-01-e1552470115992-1200x1200.jpeg 1200w, https:\/\/gus.no\/blogg\/wp-content\/uploads\/2019\/03\/GOPR2811_1550874899458_high-01-e1552470115992-1860x1860.jpeg 1860w\" sizes=\"(max-width: 3000px) 100vw, 3000px\" \/><\/a>\n\t\t\t<\/div><\/figure>\n\t\t<\/div>\n\n<p>Etter \u00e5 ha v\u00e6rt i Ica noen dager hadde vi fortsatt god tid til \u00e5 bruke tilbake i Lima. De brukte vi p\u00e5 evig gode restauranter og masse sightseeing av den nyere bydelen Miraflores. Vi bes\u00f8kte noen pyramider midt i sentrum av byen og sa oss etterhvert forn\u00f8yde med Peru.<\/p>\n<p>Next up var:<\/p>\n<p><strong> Panama!<\/strong><img loading=\"lazy\" decoding=\"async\" class=\"wp-image-2972 aligncenter\" src=\"http:\/\/gus.no\/blogg\/wp-content\/uploads\/2019\/03\/20190224_145218-01-1.jpeg\" alt=\"\" width=\"553\" height=\"311\" srcset=\"https:\/\/gus.no\/blogg\/wp-content\/uploads\/2019\/03\/20190224_145218-01-1.jpeg 4032w, https:\/\/gus.no\/blogg\/wp-content\/uploads\/2019\/03\/20190224_145218-01-1-300x169.jpeg 300w, https:\/\/gus.no\/blogg\/wp-content\/uploads\/2019\/03\/20190224_145218-01-1-768x432.jpeg 768w, https:\/\/gus.no\/blogg\/wp-content\/uploads\/2019\/03\/20190224_145218-01-1-1024x576.jpeg 1024w, https:\/\/gus.no\/blogg\/wp-content\/uploads\/2019\/03\/20190224_145218-01-1-1200x675.jpeg 1200w, https:\/\/gus.no\/blogg\/wp-content\/uploads\/2019\/03\/20190224_145218-01-1-1860x1046.jpeg 1860w\" sizes=\"(max-width: 553px) 100vw, 553px\" \/>Det skal sies at vi bare var i Panama for \u00e5 mellomlande p\u00e5 vei tilbake til Ecuador, men siden vi hadde planlagt det s\u00e5 bra, fikk vi en hel dag i byen og sparte masse penger p\u00e5 det. Jepp, flyruter gir ingen mening.. Vi fikk dermed slikleis sett Panamakanalen og b\u00e5de de moderne og historiske bydelene i byen. Til slutt etter \u00e5 ha spist nydelig Panamansk kystmat klarte vi \u00e5 snike oss opp til toppen av en skyskraper, n\u00f8t utsikten og dro hjemover etter hvert.<\/p>\n<p><strong>Bes\u00f8k!!<\/strong><\/p>\n<p>N\u00e5r vi kom tilbake til v\u00e5rt kj\u00e6re Ecuador og landet i Guayaquil ble vi m\u00f8tt av bibell\u00e6reren v\u00e5r Lars Olav. Han hadde kommet helt fra Norge for \u00e5 komme p\u00e5 bes\u00f8k hos oss i Ecuador og sjekke ut hva i huleste vi holder p\u00e5 med. Med seg i kofferten hadde han joikakaker, fiskeboller, sjokolade og ostepop!! Det blir jo ikke bedre enn det! &lt;3<\/p>\n<p>Etter en dag med sightseeing i Guayaquil dro vi opp fra kysten og til v\u00e5rt kj\u00e6re hjem i Ca\u00f1ar, h\u00f8yt oppe i fjellene. Glade i v\u00e5r &laquo;hjemby&raquo; hadde vi et fullpakket program for l\u00e6reren med Inkaruiner, marsvin og Inca Cola. Til sist og ikke minst fikk han ogs\u00e5 bes\u00f8ke skolen vi jobber p\u00e5.<\/p>\n<p><img loading=\"lazy\" decoding=\"async\" class=\"alignnone size-full wp-image-2973\" src=\"http:\/\/gus.no\/blogg\/wp-content\/uploads\/2019\/03\/20190301_103839.jpg\" alt=\"\" width=\"3264\" height=\"1836\" srcset=\"https:\/\/gus.no\/blogg\/wp-content\/uploads\/2019\/03\/20190301_103839.jpg 3264w, https:\/\/gus.no\/blogg\/wp-content\/uploads\/2019\/03\/20190301_103839-300x169.jpg 300w, https:\/\/gus.no\/blogg\/wp-content\/uploads\/2019\/03\/20190301_103839-768x432.jpg 768w, https:\/\/gus.no\/blogg\/wp-content\/uploads\/2019\/03\/20190301_103839-1024x576.jpg 1024w, https:\/\/gus.no\/blogg\/wp-content\/uploads\/2019\/03\/20190301_103839-1200x675.jpg 1200w, https:\/\/gus.no\/blogg\/wp-content\/uploads\/2019\/03\/20190301_103839-1860x1046.jpg 1860w\" sizes=\"(max-width: 3264px) 100vw, 3264px\" \/><\/p>\n<p>Det var en ting vi glemte i planleggingen da&#8230; KARNEVAL!!! Jeg tuller ikke n\u00e5r jeg sier at hele landet var i borgerkrig. Folk gikk rundt p\u00e5 gatene med vannballonger, vanngev\u00e6r og kremkanoner i jakt p\u00e5 den f\u00f8rste stakkars utlendingen de kunne dynke. Vi klarte for det meste \u00e5 unng\u00e5 \u00e5 bli v\u00e5te av andre folk men v\u00e6ret var vist ogs\u00e5 med p\u00e5 karneval. Heldigvis fikk vi en vakker solfylt siste dag med Lars Olav i Cuenca. Mektig imponert av restaurantlivet og byens sjarm takket l\u00e6reren for seg og dro hjemover mot Norge igjen.<\/p>\n<p><strong>V\u00e5r karnevalfeiring<\/strong><\/p>\n<p>Selv om vi var for det meste var redde og irriterte p\u00e5 lokalbefolkningen som absolutt ville dynke oss, m\u00e5tte vi jo pr\u00f8ve ut denne kulturen selv og suge til s\u00e5 mye opplevelser og inntrykk som mulig. Er det ikke derfor vi er her liksom? Jo da! S\u00e5 vi dro med menigheten til vertsfamilien til Nicolai et stykke unna Cuenca og hadde full vannkrig. Vi ble godt gjennomv\u00e5te, men klarte \u00e5 varme oss senere rundt b\u00e5let med hyggelige folk og god mat.<\/p>\n<div id='gallery-3' class='gallery galleryid-2883 gallery-columns-3 gallery-size-full'><figure class='gallery-item'>\n\t\t\t<div class='gallery-icon landscape'>\n\t\t\t\t<a href='https:\/\/gus.no\/blogg\/3-land-2-uker-og-1-hav-av-opplevelser\/dcim101goprog0333889-jpg\/'><img loading=\"lazy\" decoding=\"async\" width=\"3000\" height=\"3000\" src=\"https:\/\/gus.no\/blogg\/wp-content\/uploads\/2019\/03\/G0333889_1552252121728_high-01-01.jpeg\" class=\"attachment-full size-full\" alt=\"\" srcset=\"https:\/\/gus.no\/blogg\/wp-content\/uploads\/2019\/03\/G0333889_1552252121728_high-01-01.jpeg 3000w, https:\/\/gus.no\/blogg\/wp-content\/uploads\/2019\/03\/G0333889_1552252121728_high-01-01-150x150.jpeg 150w, https:\/\/gus.no\/blogg\/wp-content\/uploads\/2019\/03\/G0333889_1552252121728_high-01-01-300x300.jpeg 300w, https:\/\/gus.no\/blogg\/wp-content\/uploads\/2019\/03\/G0333889_1552252121728_high-01-01-768x768.jpeg 768w, https:\/\/gus.no\/blogg\/wp-content\/uploads\/2019\/03\/G0333889_1552252121728_high-01-01-1024x1024.jpeg 1024w, https:\/\/gus.no\/blogg\/wp-content\/uploads\/2019\/03\/G0333889_1552252121728_high-01-01-1200x1200.jpeg 1200w, https:\/\/gus.no\/blogg\/wp-content\/uploads\/2019\/03\/G0333889_1552252121728_high-01-01-1860x1860.jpeg 1860w\" sizes=\"(max-width: 3000px) 100vw, 3000px\" \/><\/a>\n\t\t\t<\/div><\/figure><figure class='gallery-item'>\n\t\t\t<div class='gallery-icon landscape'>\n\t\t\t\t<a href='https:\/\/gus.no\/blogg\/3-land-2-uker-og-1-hav-av-opplevelser\/dcim101goprog0313818-jpg-2\/'><img loading=\"lazy\" decoding=\"async\" width=\"3000\" height=\"3000\" src=\"https:\/\/gus.no\/blogg\/wp-content\/uploads\/2019\/03\/G0313818_1552252121728_high-01-01-1.jpeg\" class=\"attachment-full size-full\" alt=\"\" srcset=\"https:\/\/gus.no\/blogg\/wp-content\/uploads\/2019\/03\/G0313818_1552252121728_high-01-01-1.jpeg 3000w, https:\/\/gus.no\/blogg\/wp-content\/uploads\/2019\/03\/G0313818_1552252121728_high-01-01-1-150x150.jpeg 150w, https:\/\/gus.no\/blogg\/wp-content\/uploads\/2019\/03\/G0313818_1552252121728_high-01-01-1-300x300.jpeg 300w, https:\/\/gus.no\/blogg\/wp-content\/uploads\/2019\/03\/G0313818_1552252121728_high-01-01-1-768x768.jpeg 768w, https:\/\/gus.no\/blogg\/wp-content\/uploads\/2019\/03\/G0313818_1552252121728_high-01-01-1-1024x1024.jpeg 1024w, https:\/\/gus.no\/blogg\/wp-content\/uploads\/2019\/03\/G0313818_1552252121728_high-01-01-1-1200x1200.jpeg 1200w, https:\/\/gus.no\/blogg\/wp-content\/uploads\/2019\/03\/G0313818_1552252121728_high-01-01-1-1860x1860.jpeg 1860w\" sizes=\"(max-width: 3000px) 100vw, 3000px\" \/><\/a>\n\t\t\t<\/div><\/figure><figure class='gallery-item'>\n\t\t\t<div class='gallery-icon landscape'>\n\t\t\t\t<a href='https:\/\/gus.no\/blogg\/3-land-2-uker-og-1-hav-av-opplevelser\/dcim101goprog0323874-jpg\/'><img loading=\"lazy\" decoding=\"async\" width=\"3000\" height=\"3000\" src=\"https:\/\/gus.no\/blogg\/wp-content\/uploads\/2019\/03\/G0323874_1552252121728_high-01.jpeg\" class=\"attachment-full size-full\" alt=\"\" srcset=\"https:\/\/gus.no\/blogg\/wp-content\/uploads\/2019\/03\/G0323874_1552252121728_high-01.jpeg 3000w, https:\/\/gus.no\/blogg\/wp-content\/uploads\/2019\/03\/G0323874_1552252121728_high-01-150x150.jpeg 150w, https:\/\/gus.no\/blogg\/wp-content\/uploads\/2019\/03\/G0323874_1552252121728_high-01-300x300.jpeg 300w, https:\/\/gus.no\/blogg\/wp-content\/uploads\/2019\/03\/G0323874_1552252121728_high-01-768x768.jpeg 768w, https:\/\/gus.no\/blogg\/wp-content\/uploads\/2019\/03\/G0323874_1552252121728_high-01-1024x1024.jpeg 1024w, https:\/\/gus.no\/blogg\/wp-content\/uploads\/2019\/03\/G0323874_1552252121728_high-01-1200x1200.jpeg 1200w, https:\/\/gus.no\/blogg\/wp-content\/uploads\/2019\/03\/G0323874_1552252121728_high-01-1860x1860.jpeg 1860w\" sizes=\"(max-width: 3000px) 100vw, 3000px\" \/><\/a>\n\t\t\t<\/div><\/figure>\n\t\t<\/div>\n\n<p>Dagen senere bes\u00f8kte vi rektor og fikk sett hvordan det normale Ca\u00f1ar familielivet var og hvordan de feiret karneval p\u00e5 landet. Til og med det lille bes\u00f8ket v\u00e5rt ble etterhvert inntrykksfullt n\u00e5r det kom noen godt s\u00e5 fulle menn inn p\u00e5 tomten i tradisjonelle uniformer med rare hatter og masker som spilte p\u00e5 trommer og sang noen Quichua-sanger. De fikk mer drikke som bel\u00f8nning og fortsatte og dale sikksakk bortover til neste hus.<\/p>\n<p><img loading=\"lazy\" decoding=\"async\" class=\"alignnone size-full wp-image-2975\" src=\"http:\/\/gus.no\/blogg\/wp-content\/uploads\/2019\/03\/20190305_142418.jpg\" alt=\"\" width=\"4032\" height=\"2268\" srcset=\"https:\/\/gus.no\/blogg\/wp-content\/uploads\/2019\/03\/20190305_142418.jpg 4032w, https:\/\/gus.no\/blogg\/wp-content\/uploads\/2019\/03\/20190305_142418-300x169.jpg 300w, https:\/\/gus.no\/blogg\/wp-content\/uploads\/2019\/03\/20190305_142418-768x432.jpg 768w, https:\/\/gus.no\/blogg\/wp-content\/uploads\/2019\/03\/20190305_142418-1024x576.jpg 1024w, https:\/\/gus.no\/blogg\/wp-content\/uploads\/2019\/03\/20190305_142418-1200x675.jpg 1200w, https:\/\/gus.no\/blogg\/wp-content\/uploads\/2019\/03\/20190305_142418-1860x1046.jpg 1860w\" sizes=\"(max-width: 4032px) 100vw, 4032px\" \/><\/p>\n<p>S\u00e5 for \u00e5 oppsummere enda kortere denne noks\u00e5 korte oppsummeringen: s\u00e5 m\u00e5 vi si at det har v\u00e6rt noen flotte 2 uker med mange gode minner som vi takker Gud for. Vi har virkelig sett skaperverket p\u00e5 noe av sitt beste!<\/p>\n<p>Men vi m\u00e5 ikke glemme at av alt han har skapt har han ogs\u00e5 skapt kulturer ogs\u00e5! &#8211; og som erfart, s\u00e5 bidrar kulturer ofte p\u00e5 mye g\u00f8yt, rart og spennende.<\/p>\n<p style=\"text-align: right;\">\u00a1Hasta luego, nos vemos en el pr\u00f3ximo blog!<\/p>\n<p style=\"text-align: right;\">Nicolai og Aslak W.<\/p>\n","protected":false},"excerpt":{"rendered":"<p>Jeg sitter n\u00e5 sent p\u00e5 kveld i leiligheten v\u00e5r her i Ecuador, spiser ostepop og mimrer over de 2 helt r\u00e5e ukene vi akkurat har hatt. \u00c6rlig m\u00e5 jeg innr\u00f8mme at jeg ogs\u00e5 har litt angst for at dette blogginnlegget kommer til \u00e5 bli veldig langt, nemlig fordi at vi har opplevd noe s\u00e5 ekstremt mye p\u00e5 veldig kort tid!<\/p>\n","protected":false},"author":17,"featured_media":2895,"comment_status":"open","ping_status":"open","sticky":false,"template":"","format":"standard","meta":{"_exactmetrics_skip_tracking":false,"_exactmetrics_sitenote_active":false,"_exactmetrics_sitenote_note":"","_exactmetrics_sitenote_category":0,"footnotes":""},"categories":[30,12],"tags":[],"class_list":["post-2883","post","type-post","status-publish","format-standard","has-post-thumbnail","hentry","category-ecuador","category-global-disippel","has-thumbnail"],"yoast_head":"<!-- This site is optimized with the Yoast SEO plugin v23.5 - https:\/\/yoast.com\/wordpress\/plugins\/seo\/ -->\n<title>3 land, 2 uker og 1 hav av opplevelser! - Blogg<\/title>\n<meta name=\"description\" content=\"Jeg sitter n\u00e5 sent p\u00e5 kveld i leiligheten v\u00e5r her i Ecuador, spiser ostepop og mimrer over de 2 helt r\u00e5e ukene vi akkurat har hatt. \u00c6rlig m\u00e5 jeg innr\u00f8mme at jeg ogs\u00e5 har litt angst for at dette blogginnlegget kommer til \u00e5 bli veldig langt, nemlig fordi at vi har opplevd noe s\u00e5 ekstremt mye p\u00e5 veldig kort tid!\" \/>\n<meta name=\"robots\" content=\"index, follow, max-snippet:-1, max-image-preview:large, max-video-preview:-1\" \/>\n<link rel=\"canonical\" href=\"https:\/\/gus.no\/blogg\/3-land-2-uker-og-1-hav-av-opplevelser\/\" \/>\n<meta property=\"og:locale\" content=\"nb_NO\" \/>\n<meta property=\"og:type\" content=\"article\" \/>\n<meta property=\"og:title\" content=\"3 land, 2 uker og 1 hav av opplevelser! - Blogg\" \/>\n<meta property=\"og:description\" content=\"Jeg sitter n\u00e5 sent p\u00e5 kveld i leiligheten v\u00e5r her i Ecuador, spiser ostepop og mimrer over de 2 helt r\u00e5e ukene vi akkurat har hatt. \u00c6rlig m\u00e5 jeg innr\u00f8mme at jeg ogs\u00e5 har litt angst for at dette blogginnlegget kommer til \u00e5 bli veldig langt, nemlig fordi at vi har opplevd noe s\u00e5 ekstremt mye p\u00e5 veldig kort tid!\" \/>\n<meta property=\"og:url\" content=\"https:\/\/gus.no\/blogg\/3-land-2-uker-og-1-hav-av-opplevelser\/\" \/>\n<meta property=\"og:site_name\" content=\"Blogg\" \/>\n<meta property=\"article:publisher\" content=\"http:\/\/www.facebook.com\/gaautsenteret\" \/>\n<meta property=\"article:published_time\" content=\"2019-03-13T13:27:17+00:00\" \/>\n<meta property=\"og:image\" content=\"https:\/\/gus.no\/blogg\/wp-content\/uploads\/2019\/03\/GOPR2925_1550874250726_high-01-1024x768.jpeg\" \/>\n\t<meta property=\"og:image:width\" content=\"1024\" \/>\n\t<meta property=\"og:image:height\" content=\"768\" \/>\n\t<meta property=\"og:image:type\" content=\"image\/jpeg\" \/>\n<meta name=\"author\" content=\"Aslak Werner - Team Ecuador (Global disippel 2018\/2019)\" \/>\n<meta name=\"twitter:card\" content=\"summary_large_image\" \/>\n<meta name=\"twitter:label1\" content=\"Skrevet av\" \/>\n\t<meta name=\"twitter:data1\" content=\"Aslak Werner - Team Ecuador (Global disippel 2018\/2019)\" \/>\n\t<meta name=\"twitter:label2\" content=\"Ansl. lesetid\" \/>\n\t<meta name=\"twitter:data2\" content=\"4 minutter\" \/>\n<script type=\"application\/ld+json\" class=\"yoast-schema-graph\">{\"@context\":\"https:\/\/schema.org\",\"@graph\":[{\"@type\":\"WebPage\",\"@id\":\"https:\/\/gus.no\/blogg\/3-land-2-uker-og-1-hav-av-opplevelser\/\",\"url\":\"https:\/\/gus.no\/blogg\/3-land-2-uker-og-1-hav-av-opplevelser\/\",\"name\":\"3 land, 2 uker og 1 hav av opplevelser! - Blogg\",\"isPartOf\":{\"@id\":\"https:\/\/gus.no\/blogg\/#website\"},\"primaryImageOfPage\":{\"@id\":\"https:\/\/gus.no\/blogg\/3-land-2-uker-og-1-hav-av-opplevelser\/#primaryimage\"},\"image\":{\"@id\":\"https:\/\/gus.no\/blogg\/3-land-2-uker-og-1-hav-av-opplevelser\/#primaryimage\"},\"thumbnailUrl\":\"https:\/\/gus.no\/blogg\/wp-content\/uploads\/2019\/03\/GOPR2925_1550874250726_high-01.jpeg\",\"datePublished\":\"2019-03-13T13:27:17+00:00\",\"dateModified\":\"2019-03-13T13:27:17+00:00\",\"author\":{\"@id\":\"https:\/\/gus.no\/blogg\/#\/schema\/person\/208a6afdf20f6ceb1433cf552b04b990\"},\"description\":\"Jeg sitter n\u00e5 sent p\u00e5 kveld i leiligheten v\u00e5r her i Ecuador, spiser ostepop og mimrer over de 2 helt r\u00e5e ukene vi akkurat har hatt. \u00c6rlig m\u00e5 jeg innr\u00f8mme at jeg ogs\u00e5 har litt angst for at dette blogginnlegget kommer til \u00e5 bli veldig langt, nemlig fordi at vi har opplevd noe s\u00e5 ekstremt mye p\u00e5 veldig kort tid!\",\"breadcrumb\":{\"@id\":\"https:\/\/gus.no\/blogg\/3-land-2-uker-og-1-hav-av-opplevelser\/#breadcrumb\"},\"inLanguage\":\"nb-NO\",\"potentialAction\":[{\"@type\":\"ReadAction\",\"target\":[\"https:\/\/gus.no\/blogg\/3-land-2-uker-og-1-hav-av-opplevelser\/\"]}]},{\"@type\":\"ImageObject\",\"inLanguage\":\"nb-NO\",\"@id\":\"https:\/\/gus.no\/blogg\/3-land-2-uker-og-1-hav-av-opplevelser\/#primaryimage\",\"url\":\"https:\/\/gus.no\/blogg\/wp-content\/uploads\/2019\/03\/GOPR2925_1550874250726_high-01.jpeg\",\"contentUrl\":\"https:\/\/gus.no\/blogg\/wp-content\/uploads\/2019\/03\/GOPR2925_1550874250726_high-01.jpeg\",\"width\":4000,\"height\":3000},{\"@type\":\"BreadcrumbList\",\"@id\":\"https:\/\/gus.no\/blogg\/3-land-2-uker-og-1-hav-av-opplevelser\/#breadcrumb\",\"itemListElement\":[{\"@type\":\"ListItem\",\"position\":1,\"name\":\"Hjem\",\"item\":\"https:\/\/gus.no\/blogg\/\"},{\"@type\":\"ListItem\",\"position\":2,\"name\":\"3 land, 2 uker og 1 hav av opplevelser!\"}]},{\"@type\":\"WebSite\",\"@id\":\"https:\/\/gus.no\/blogg\/#website\",\"url\":\"https:\/\/gus.no\/blogg\/\",\"name\":\"Blogg\",\"description\":\"G\u00e5 Ut Senteret\",\"potentialAction\":[{\"@type\":\"SearchAction\",\"target\":{\"@type\":\"EntryPoint\",\"urlTemplate\":\"https:\/\/gus.no\/blogg\/?s={search_term_string}\"},\"query-input\":{\"@type\":\"PropertyValueSpecification\",\"valueRequired\":true,\"valueName\":\"search_term_string\"}}],\"inLanguage\":\"nb-NO\"},{\"@type\":\"Person\",\"@id\":\"https:\/\/gus.no\/blogg\/#\/schema\/person\/208a6afdf20f6ceb1433cf552b04b990\",\"name\":\"Aslak Werner - Team Ecuador (Global disippel 2018\/2019)\",\"url\":\"https:\/\/gus.no\/blogg\/author\/aslak\/\"}]}<\/script>\n<!-- \/ Yoast SEO plugin. -->","yoast_head_json":{"title":"3 land, 2 uker og 1 hav av opplevelser! - Blogg","description":"Jeg sitter n\u00e5 sent p\u00e5 kveld i leiligheten v\u00e5r her i Ecuador, spiser ostepop og mimrer over de 2 helt r\u00e5e ukene vi akkurat har hatt. \u00c6rlig m\u00e5 jeg innr\u00f8mme at jeg ogs\u00e5 har litt angst for at dette blogginnlegget kommer til \u00e5 bli veldig langt, nemlig fordi at vi har opplevd noe s\u00e5 ekstremt mye p\u00e5 veldig kort tid!","robots":{"index":"index","follow":"follow","max-snippet":"max-snippet:-1","max-image-preview":"max-image-preview:large","max-video-preview":"max-video-preview:-1"},"canonical":"https:\/\/gus.no\/blogg\/3-land-2-uker-og-1-hav-av-opplevelser\/","og_locale":"nb_NO","og_type":"article","og_title":"3 land, 2 uker og 1 hav av opplevelser! - Blogg","og_description":"Jeg sitter n\u00e5 sent p\u00e5 kveld i leiligheten v\u00e5r her i Ecuador, spiser ostepop og mimrer over de 2 helt r\u00e5e ukene vi akkurat har hatt. \u00c6rlig m\u00e5 jeg innr\u00f8mme at jeg ogs\u00e5 har litt angst for at dette blogginnlegget kommer til \u00e5 bli veldig langt, nemlig fordi at vi har opplevd noe s\u00e5 ekstremt mye p\u00e5 veldig kort tid!","og_url":"https:\/\/gus.no\/blogg\/3-land-2-uker-og-1-hav-av-opplevelser\/","og_site_name":"Blogg","article_publisher":"http:\/\/www.facebook.com\/gaautsenteret","article_published_time":"2019-03-13T13:27:17+00:00","og_image":[{"width":1024,"height":768,"url":"https:\/\/gus.no\/blogg\/wp-content\/uploads\/2019\/03\/GOPR2925_1550874250726_high-01-1024x768.jpeg","type":"image\/jpeg"}],"author":"Aslak Werner - Team Ecuador (Global disippel 2018\/2019)","twitter_card":"summary_large_image","twitter_misc":{"Skrevet av":"Aslak Werner - Team Ecuador (Global disippel 2018\/2019)","Ansl. lesetid":"4 minutter"},"schema":{"@context":"https:\/\/schema.org","@graph":[{"@type":"WebPage","@id":"https:\/\/gus.no\/blogg\/3-land-2-uker-og-1-hav-av-opplevelser\/","url":"https:\/\/gus.no\/blogg\/3-land-2-uker-og-1-hav-av-opplevelser\/","name":"3 land, 2 uker og 1 hav av opplevelser! - Blogg","isPartOf":{"@id":"https:\/\/gus.no\/blogg\/#website"},"primaryImageOfPage":{"@id":"https:\/\/gus.no\/blogg\/3-land-2-uker-og-1-hav-av-opplevelser\/#primaryimage"},"image":{"@id":"https:\/\/gus.no\/blogg\/3-land-2-uker-og-1-hav-av-opplevelser\/#primaryimage"},"thumbnailUrl":"https:\/\/gus.no\/blogg\/wp-content\/uploads\/2019\/03\/GOPR2925_1550874250726_high-01.jpeg","datePublished":"2019-03-13T13:27:17+00:00","dateModified":"2019-03-13T13:27:17+00:00","author":{"@id":"https:\/\/gus.no\/blogg\/#\/schema\/person\/208a6afdf20f6ceb1433cf552b04b990"},"description":"Jeg sitter n\u00e5 sent p\u00e5 kveld i leiligheten v\u00e5r her i Ecuador, spiser ostepop og mimrer over de 2 helt r\u00e5e ukene vi akkurat har hatt. \u00c6rlig m\u00e5 jeg innr\u00f8mme at jeg ogs\u00e5 har litt angst for at dette blogginnlegget kommer til \u00e5 bli veldig langt, nemlig fordi at vi har opplevd noe s\u00e5 ekstremt mye p\u00e5 veldig kort tid!","breadcrumb":{"@id":"https:\/\/gus.no\/blogg\/3-land-2-uker-og-1-hav-av-opplevelser\/#breadcrumb"},"inLanguage":"nb-NO","potentialAction":[{"@type":"ReadAction","target":["https:\/\/gus.no\/blogg\/3-land-2-uker-og-1-hav-av-opplevelser\/"]}]},{"@type":"ImageObject","inLanguage":"nb-NO","@id":"https:\/\/gus.no\/blogg\/3-land-2-uker-og-1-hav-av-opplevelser\/#primaryimage","url":"https:\/\/gus.no\/blogg\/wp-content\/uploads\/2019\/03\/GOPR2925_1550874250726_high-01.jpeg","contentUrl":"https:\/\/gus.no\/blogg\/wp-content\/uploads\/2019\/03\/GOPR2925_1550874250726_high-01.jpeg","width":4000,"height":3000},{"@type":"BreadcrumbList","@id":"https:\/\/gus.no\/blogg\/3-land-2-uker-og-1-hav-av-opplevelser\/#breadcrumb","itemListElement":[{"@type":"ListItem","position":1,"name":"Hjem","item":"https:\/\/gus.no\/blogg\/"},{"@type":"ListItem","position":2,"name":"3 land, 2 uker og 1 hav av opplevelser!"}]},{"@type":"WebSite","@id":"https:\/\/gus.no\/blogg\/#website","url":"https:\/\/gus.no\/blogg\/","name":"Blogg","description":"G\u00e5 Ut Senteret","potentialAction":[{"@type":"SearchAction","target":{"@type":"EntryPoint","urlTemplate":"https:\/\/gus.no\/blogg\/?s={search_term_string}"},"query-input":{"@type":"PropertyValueSpecification","valueRequired":true,"valueName":"search_term_string"}}],"inLanguage":"nb-NO"},{"@type":"Person","@id":"https:\/\/gus.no\/blogg\/#\/schema\/person\/208a6afdf20f6ceb1433cf552b04b990","name":"Aslak Werner - Team Ecuador (Global disippel 2018\/2019)","url":"https:\/\/gus.no\/blogg\/author\/aslak\/"}]}},"_links":{"self":[{"href":"https:\/\/gus.no\/blogg\/wp-json\/wp\/v2\/posts\/2883"}],"collection":[{"href":"https:\/\/gus.no\/blogg\/wp-json\/wp\/v2\/posts"}],"about":[{"href":"https:\/\/gus.no\/blogg\/wp-json\/wp\/v2\/types\/post"}],"author":[{"embeddable":true,"href":"https:\/\/gus.no\/blogg\/wp-json\/wp\/v2\/users\/17"}],"replies":[{"embeddable":true,"href":"https:\/\/gus.no\/blogg\/wp-json\/wp\/v2\/comments?post=2883"}],"version-history":[{"count":25,"href":"https:\/\/gus.no\/blogg\/wp-json\/wp\/v2\/posts\/2883\/revisions"}],"predecessor-version":[{"id":3003,"href":"https:\/\/gus.no\/blogg\/wp-json\/wp\/v2\/posts\/2883\/revisions\/3003"}],"wp:featuredmedia":[{"embeddable":true,"href":"https:\/\/gus.no\/blogg\/wp-json\/wp\/v2\/media\/2895"}],"wp:attachment":[{"href":"https:\/\/gus.no\/blogg\/wp-json\/wp\/v2\/media?parent=2883"}],"wp:term":[{"taxonomy":"category","embeddable":true,"href":"https:\/\/gus.no\/blogg\/wp-json\/wp\/v2\/categories?post=2883"},{"taxonomy":"post_tag","embeddable":true,"href":"https:\/\/gus.no\/blogg\/wp-json\/wp\/v2\/tags?post=2883"}],"curies":[{"name":"wp","href":"https:\/\/api.w.org\/{rel}","templated":true}]}}