{"id":2941,"date":"2019-03-27T15:23:20","date_gmt":"2019-03-27T14:23:20","guid":{"rendered":"http:\/\/gus.no\/blogg\/?p=2941"},"modified":"2019-03-27T15:23:20","modified_gmt":"2019-03-27T14:23:20","slug":"gud-vi-trenger-deg-virkelig-na","status":"publish","type":"post","link":"https:\/\/gus.no\/blogg\/gud-vi-trenger-deg-virkelig-na\/","title":{"rendered":"Gud vi trenger deg virkelig n\u00e5"},"content":{"rendered":"<p>Jeg klamrer meg fast til deg Gud, men skulle \u00f8nske jeg kunne klamret meg fast til et tre her i Okhaldhunga ogs\u00e5. N\u00e5 er det ikke lenge igjen til hjemreise, og hjertet mitt bl\u00f8r. Hvordan er det mulig \u00e5 dra fra dette fantastiske stedet, med de nydelige menneskene du har skapt i ditt bilde, uten \u00e5 felle en t\u00e5re (eller tusen).<\/p>\n<div id='gallery-1' class='gallery galleryid-2941 gallery-columns-2 gallery-size-full'><figure class='gallery-item'>\n\t\t\t<div class='gallery-icon portrait'>\n\t\t\t\t<a href='https:\/\/gus.no\/blogg\/gud-vi-trenger-deg-virkelig-na\/nzl4eoptttixzkofk2iwwa\/'><img loading=\"lazy\" decoding=\"async\" width=\"3024\" height=\"4032\" src=\"https:\/\/gus.no\/blogg\/wp-content\/uploads\/2019\/03\/NzL4EOPtTtiXzKoFk2iwWA-e1552301375158.jpg\" class=\"attachment-full size-full\" alt=\"\" srcset=\"https:\/\/gus.no\/blogg\/wp-content\/uploads\/2019\/03\/NzL4EOPtTtiXzKoFk2iwWA-e1552301375158.jpg 3024w, https:\/\/gus.no\/blogg\/wp-content\/uploads\/2019\/03\/NzL4EOPtTtiXzKoFk2iwWA-e1552301375158-225x300.jpg 225w, https:\/\/gus.no\/blogg\/wp-content\/uploads\/2019\/03\/NzL4EOPtTtiXzKoFk2iwWA-e1552301375158-768x1024.jpg 768w, https:\/\/gus.no\/blogg\/wp-content\/uploads\/2019\/03\/NzL4EOPtTtiXzKoFk2iwWA-e1552301375158-1200x1600.jpg 1200w, https:\/\/gus.no\/blogg\/wp-content\/uploads\/2019\/03\/NzL4EOPtTtiXzKoFk2iwWA-e1552301375158-1860x2480.jpg 1860w\" sizes=\"(max-width: 3024px) 100vw, 3024px\" \/><\/a>\n\t\t\t<\/div><\/figure><figure class='gallery-item'>\n\t\t\t<div class='gallery-icon portrait'>\n\t\t\t\t<a href='https:\/\/gus.no\/blogg\/gud-vi-trenger-deg-virkelig-na\/fullsizeoutput_345c\/'><img loading=\"lazy\" decoding=\"async\" width=\"2538\" height=\"3385\" src=\"https:\/\/gus.no\/blogg\/wp-content\/uploads\/2019\/03\/fullsizeoutput_345c.jpeg\" class=\"attachment-full size-full\" alt=\"\" srcset=\"https:\/\/gus.no\/blogg\/wp-content\/uploads\/2019\/03\/fullsizeoutput_345c.jpeg 2538w, https:\/\/gus.no\/blogg\/wp-content\/uploads\/2019\/03\/fullsizeoutput_345c-225x300.jpeg 225w, https:\/\/gus.no\/blogg\/wp-content\/uploads\/2019\/03\/fullsizeoutput_345c-768x1024.jpeg 768w, https:\/\/gus.no\/blogg\/wp-content\/uploads\/2019\/03\/fullsizeoutput_345c-1200x1600.jpeg 1200w, https:\/\/gus.no\/blogg\/wp-content\/uploads\/2019\/03\/fullsizeoutput_345c-1860x2481.jpeg 1860w\" sizes=\"(max-width: 2538px) 100vw, 2538px\" \/><\/a>\n\t\t\t<\/div><\/figure>\n\t\t<\/div>\n\n<div id='gallery-2' class='gallery galleryid-2941 gallery-columns-1 gallery-size-full'><figure class='gallery-item'>\n\t\t\t<div class='gallery-icon landscape'>\n\t\t\t\t<a href='https:\/\/gus.no\/blogg\/gud-vi-trenger-deg-virkelig-na\/img_1004\/'><img loading=\"lazy\" decoding=\"async\" width=\"4032\" height=\"3024\" src=\"https:\/\/gus.no\/blogg\/wp-content\/uploads\/2019\/03\/IMG_1004.jpg\" class=\"attachment-full size-full\" alt=\"\" srcset=\"https:\/\/gus.no\/blogg\/wp-content\/uploads\/2019\/03\/IMG_1004.jpg 4032w, https:\/\/gus.no\/blogg\/wp-content\/uploads\/2019\/03\/IMG_1004-300x225.jpg 300w, https:\/\/gus.no\/blogg\/wp-content\/uploads\/2019\/03\/IMG_1004-768x576.jpg 768w, https:\/\/gus.no\/blogg\/wp-content\/uploads\/2019\/03\/IMG_1004-1024x768.jpg 1024w, https:\/\/gus.no\/blogg\/wp-content\/uploads\/2019\/03\/IMG_1004-1200x900.jpg 1200w, https:\/\/gus.no\/blogg\/wp-content\/uploads\/2019\/03\/IMG_1004-1860x1395.jpg 1860w\" sizes=\"(max-width: 4032px) 100vw, 4032px\" \/><\/a>\n\t\t\t<\/div><\/figure>\n\t\t<\/div>\n\n<p>Dere som leser dette, lurer kanskje p\u00e5 hva vi har f\u00e5tt ut av de 4,5 m\u00e5nedene her i Nepal. Vi kan fortelle dere s\u00e5pass, at det er mye mer en vi forventet ihvertfall. Vi har f\u00e5tt i b\u00e5de pose og sekk, som bestemor pleier \u00e5 si. Okhaldhunga har l\u00e6rt oss mye om sterke og gode relasjoner. Familie har f\u00e5tt en helt ny betydning. Her har vi meget god tid, noe vi har nytt godt av. Menigheten her er en stor og omsorgsfull familie. Folkene som bor her er generelt sett ganske omsorgsfulle og veldig gjestfrie.<\/p>\n<p><img loading=\"lazy\" decoding=\"async\" class=\"alignnone size-full wp-image-2948\" src=\"http:\/\/gus.no\/blogg\/wp-content\/uploads\/2019\/03\/fullsizeoutput_3460.jpeg\" alt=\"\" width=\"2744\" height=\"3662\" srcset=\"https:\/\/gus.no\/blogg\/wp-content\/uploads\/2019\/03\/fullsizeoutput_3460.jpeg 2744w, https:\/\/gus.no\/blogg\/wp-content\/uploads\/2019\/03\/fullsizeoutput_3460-225x300.jpeg 225w, https:\/\/gus.no\/blogg\/wp-content\/uploads\/2019\/03\/fullsizeoutput_3460-768x1025.jpeg 768w, https:\/\/gus.no\/blogg\/wp-content\/uploads\/2019\/03\/fullsizeoutput_3460-767x1024.jpeg 767w, https:\/\/gus.no\/blogg\/wp-content\/uploads\/2019\/03\/fullsizeoutput_3460-1200x1601.jpeg 1200w, https:\/\/gus.no\/blogg\/wp-content\/uploads\/2019\/03\/fullsizeoutput_3460-1860x2482.jpeg 1860w\" sizes=\"(max-width: 2744px) 100vw, 2744px\" \/><\/p>\n<p><em>Frimodighet <\/em>er et ord som vi har blitt veldig flinke til \u00e5 praktisere, mens vi har levd her i Okhaldhunga. Her en dag gikk vi p\u00e5 en tur oppover i fjellet, bak huset v\u00e5rt. Plutselig kom ei dame og vinket oss inn til huset sitt. Vi gjorde som vi fikk beskjed om og satt oss ned med disse s\u00f8te menneskene som vi aldri hadde sett f\u00f8r. Bestemor i huset vugger et lite barn i en kurv, og passer p\u00e5 at hun sover godt. Bestemor snakker ogs\u00e5 ut om livet sitt og sparer ikke p\u00e5 noen detaljer. Dette var virkelig et kulturelt m\u00f8te med menneskene her. Vi pr\u00f8vde s\u00e5 godt vi kunne \u00e5 forst\u00e5 og svare p\u00e5 det hun spurte om. Siden vi ikke snakker flytende Nepali, var det litt utfordrende, men vi ville ikke v\u00e6rt foruten den opplevelsen!<\/p>\n<blockquote><p><em>Det fineste med denne samtalen var ikke ordene som ble utvekslet, men f\u00f8lelsen av \u00e5 v\u00e6re velkommen. Av \u00e5 v\u00e6re verdt \u00e5 bli brukt tid p\u00e5, og til \u00e5 dele smil sammen med.<\/em><\/p><\/blockquote>\n<p>N\u00e5 kommer den vittige delen. Besta byr oss s\u00e5 p\u00e5 en kopp te. Vi svarer selvf\u00f8lgelig ja til dette og besta g\u00e5r for \u00e5 gj\u00f8re i stand teen. Hun kommer tilbake noen minutter senere med to store tekopper og to pakker kjeks. Vi ville ikke v\u00e6re gr\u00e5dige s\u00e5 vi \u00e5pnet den ene pakken for \u00e5 dele den. Som alle andre her i Nepal ville besta bare godt og \u00e5pnet dermed den andre pakken kjeks. Det hun s\u00e5 gjorde med kjeksen overrumplet oss en (kjeks) smule. Hun puttet nemlig hele den ene kjekspakken i min kopp, og den andre pakken i Carolines kopp. Vi spiste og spiste te. (Vi skj\u00f8nner n\u00e5 hvorfor de sier at de spiser teen). <em>Fra evighet og til evighet<\/em>, f\u00f8ltes det som da vi pr\u00f8vde \u00e5 spise opp dette innholdet i koppen. Vi fikk oss en god latter ihvertfall.<\/p>\n<p>Her er det ikke det materialistiske som teller, men samv\u00e6ret. Hvilket hus en har, om det er stort eller lite, av blikk eller mur, det har liten betydning. Du trenger ikke \u00e5 vaske huset for gjestene dine, de kommer n\u00e5r de kommer og det er helt greit. Dette er noe av l\u00e6rdommen vi har f\u00e5tt herfra, som vi \u00f8nsker \u00e5 ta med oss til Norge. Det er relasjonen og menneskene som betyr noe\/mest!<\/p>\n<p><img loading=\"lazy\" decoding=\"async\" class=\"alignnone size-full wp-image-2954\" src=\"http:\/\/gus.no\/blogg\/wp-content\/uploads\/2019\/03\/2J5VpaN5RSusUfmiisdlPQ.jpg\" alt=\"\" width=\"4032\" height=\"3024\" srcset=\"https:\/\/gus.no\/blogg\/wp-content\/uploads\/2019\/03\/2J5VpaN5RSusUfmiisdlPQ.jpg 4032w, https:\/\/gus.no\/blogg\/wp-content\/uploads\/2019\/03\/2J5VpaN5RSusUfmiisdlPQ-300x225.jpg 300w, https:\/\/gus.no\/blogg\/wp-content\/uploads\/2019\/03\/2J5VpaN5RSusUfmiisdlPQ-768x576.jpg 768w, https:\/\/gus.no\/blogg\/wp-content\/uploads\/2019\/03\/2J5VpaN5RSusUfmiisdlPQ-1024x768.jpg 1024w, https:\/\/gus.no\/blogg\/wp-content\/uploads\/2019\/03\/2J5VpaN5RSusUfmiisdlPQ-1200x900.jpg 1200w, https:\/\/gus.no\/blogg\/wp-content\/uploads\/2019\/03\/2J5VpaN5RSusUfmiisdlPQ-1860x1395.jpg 1860w\" sizes=\"(max-width: 4032px) 100vw, 4032px\" \/><\/p>\n<p>S\u00e5 Gud vi trenger deg virkelig n\u00e5, for hvordan skal vi klare \u00e5 dra fra halve hjerte v\u00e5rt? Det vil for alltid v\u00e6re her, i Okhaldhunga.<\/p>\n<div id='gallery-3' class='gallery galleryid-2941 gallery-columns-3 gallery-size-full'><figure class='gallery-item'>\n\t\t\t<div class='gallery-icon portrait'>\n\t\t\t\t<a href='https:\/\/gus.no\/blogg\/gud-vi-trenger-deg-virkelig-na\/vzart1mctfj15hkjtcg\/'><img loading=\"lazy\" decoding=\"async\" width=\"3024\" height=\"4032\" src=\"https:\/\/gus.no\/blogg\/wp-content\/uploads\/2019\/03\/VzARt1MCTFj15Hkjtcg-e1552301182359.jpg\" class=\"attachment-full size-full\" alt=\"\" srcset=\"https:\/\/gus.no\/blogg\/wp-content\/uploads\/2019\/03\/VzARt1MCTFj15Hkjtcg-e1552301182359.jpg 3024w, https:\/\/gus.no\/blogg\/wp-content\/uploads\/2019\/03\/VzARt1MCTFj15Hkjtcg-e1552301182359-225x300.jpg 225w, https:\/\/gus.no\/blogg\/wp-content\/uploads\/2019\/03\/VzARt1MCTFj15Hkjtcg-e1552301182359-768x1024.jpg 768w, https:\/\/gus.no\/blogg\/wp-content\/uploads\/2019\/03\/VzARt1MCTFj15Hkjtcg-e1552301182359-1200x1600.jpg 1200w, https:\/\/gus.no\/blogg\/wp-content\/uploads\/2019\/03\/VzARt1MCTFj15Hkjtcg-e1552301182359-1860x2480.jpg 1860w\" sizes=\"(max-width: 3024px) 100vw, 3024px\" \/><\/a>\n\t\t\t<\/div><\/figure><figure class='gallery-item'>\n\t\t\t<div class='gallery-icon portrait'>\n\t\t\t\t<a href='https:\/\/gus.no\/blogg\/gud-vi-trenger-deg-virkelig-na\/jybytsb2qheez1hfoqdxw\/'><img loading=\"lazy\" decoding=\"async\" width=\"3024\" height=\"4032\" src=\"https:\/\/gus.no\/blogg\/wp-content\/uploads\/2019\/03\/jYBytSB2QheEz1HFoqDXw-e1552301229273.jpg\" class=\"attachment-full size-full\" alt=\"\" srcset=\"https:\/\/gus.no\/blogg\/wp-content\/uploads\/2019\/03\/jYBytSB2QheEz1HFoqDXw-e1552301229273.jpg 3024w, https:\/\/gus.no\/blogg\/wp-content\/uploads\/2019\/03\/jYBytSB2QheEz1HFoqDXw-e1552301229273-225x300.jpg 225w, https:\/\/gus.no\/blogg\/wp-content\/uploads\/2019\/03\/jYBytSB2QheEz1HFoqDXw-e1552301229273-768x1024.jpg 768w, https:\/\/gus.no\/blogg\/wp-content\/uploads\/2019\/03\/jYBytSB2QheEz1HFoqDXw-e1552301229273-1200x1600.jpg 1200w, https:\/\/gus.no\/blogg\/wp-content\/uploads\/2019\/03\/jYBytSB2QheEz1HFoqDXw-e1552301229273-1860x2480.jpg 1860w\" sizes=\"(max-width: 3024px) 100vw, 3024px\" \/><\/a>\n\t\t\t<\/div><\/figure><figure class='gallery-item'>\n\t\t\t<div class='gallery-icon portrait'>\n\t\t\t\t<a href='https:\/\/gus.no\/blogg\/gud-vi-trenger-deg-virkelig-na\/cmcgosjqtb9djwoxbfbw\/'><img loading=\"lazy\" decoding=\"async\" width=\"3024\" height=\"4032\" src=\"https:\/\/gus.no\/blogg\/wp-content\/uploads\/2019\/03\/CMcGOsJQTB9dJwOxBFBw-e1552301207466.jpg\" class=\"attachment-full size-full\" alt=\"\" srcset=\"https:\/\/gus.no\/blogg\/wp-content\/uploads\/2019\/03\/CMcGOsJQTB9dJwOxBFBw-e1552301207466.jpg 3024w, https:\/\/gus.no\/blogg\/wp-content\/uploads\/2019\/03\/CMcGOsJQTB9dJwOxBFBw-e1552301207466-225x300.jpg 225w, https:\/\/gus.no\/blogg\/wp-content\/uploads\/2019\/03\/CMcGOsJQTB9dJwOxBFBw-e1552301207466-768x1024.jpg 768w, https:\/\/gus.no\/blogg\/wp-content\/uploads\/2019\/03\/CMcGOsJQTB9dJwOxBFBw-e1552301207466-1200x1600.jpg 1200w, https:\/\/gus.no\/blogg\/wp-content\/uploads\/2019\/03\/CMcGOsJQTB9dJwOxBFBw-e1552301207466-1860x2480.jpg 1860w\" sizes=\"(max-width: 3024px) 100vw, 3024px\" \/><\/a>\n\t\t\t<\/div><\/figure>\n\t\t<\/div>\n\n","protected":false},"excerpt":{"rendered":"<p>Det fineste med denne samtalen var ikke ordene som ble utvekslet, men f\u00f8lelsen av \u00e5 v\u00e6re velkommen. Av \u00e5 v\u00e6re verdt \u00e5 bli brukt tid p\u00e5, og til \u00e5 dele smil sammen med.<\/p>\n","protected":false},"author":21,"featured_media":2946,"comment_status":"open","ping_status":"open","sticky":false,"template":"","format":"standard","meta":{"_exactmetrics_skip_tracking":false,"_exactmetrics_sitenote_active":false,"_exactmetrics_sitenote_note":"","_exactmetrics_sitenote_category":0,"footnotes":""},"categories":[12,7],"tags":[],"class_list":["post-2941","post","type-post","status-publish","format-standard","has-post-thumbnail","hentry","category-global-disippel","category-nepal","has-thumbnail"],"yoast_head":"<!-- This site is optimized with the Yoast SEO plugin v23.5 - https:\/\/yoast.com\/wordpress\/plugins\/seo\/ -->\n<title>Gud vi trenger deg virkelig n\u00e5 - Blogg<\/title>\n<meta name=\"robots\" content=\"index, follow, max-snippet:-1, max-image-preview:large, max-video-preview:-1\" \/>\n<link rel=\"canonical\" href=\"https:\/\/gus.no\/blogg\/gud-vi-trenger-deg-virkelig-na\/\" \/>\n<meta property=\"og:locale\" content=\"nb_NO\" \/>\n<meta property=\"og:type\" content=\"article\" \/>\n<meta property=\"og:title\" content=\"Gud vi trenger deg virkelig n\u00e5 - Blogg\" \/>\n<meta property=\"og:description\" content=\"Det fineste med denne samtalen var ikke ordene som ble utvekslet, men f\u00f8lelsen av \u00e5 v\u00e6re velkommen. Av \u00e5 v\u00e6re verdt \u00e5 bli brukt tid p\u00e5, og til \u00e5 dele smil sammen med.\" \/>\n<meta property=\"og:url\" content=\"https:\/\/gus.no\/blogg\/gud-vi-trenger-deg-virkelig-na\/\" \/>\n<meta property=\"og:site_name\" content=\"Blogg\" \/>\n<meta property=\"article:publisher\" content=\"http:\/\/www.facebook.com\/gaautsenteret\" \/>\n<meta property=\"article:published_time\" content=\"2019-03-27T14:23:20+00:00\" \/>\n<meta property=\"og:image\" content=\"https:\/\/gus.no\/blogg\/wp-content\/uploads\/2019\/03\/MEfUCc21SDOWKD30AcOOTw-1024x768.jpg\" \/>\n\t<meta property=\"og:image:width\" content=\"1024\" \/>\n\t<meta property=\"og:image:height\" content=\"768\" \/>\n\t<meta property=\"og:image:type\" content=\"image\/jpeg\" \/>\n<meta name=\"author\" content=\"Team Nepal (Global disippel 2018\/2019)\" \/>\n<meta name=\"twitter:card\" content=\"summary_large_image\" \/>\n<meta name=\"twitter:label1\" content=\"Skrevet av\" \/>\n\t<meta name=\"twitter:data1\" content=\"Team Nepal (Global disippel 2018\/2019)\" \/>\n\t<meta name=\"twitter:label2\" content=\"Ansl. lesetid\" \/>\n\t<meta name=\"twitter:data2\" content=\"3 minutter\" \/>\n<script type=\"application\/ld+json\" class=\"yoast-schema-graph\">{\"@context\":\"https:\/\/schema.org\",\"@graph\":[{\"@type\":\"WebPage\",\"@id\":\"https:\/\/gus.no\/blogg\/gud-vi-trenger-deg-virkelig-na\/\",\"url\":\"https:\/\/gus.no\/blogg\/gud-vi-trenger-deg-virkelig-na\/\",\"name\":\"Gud vi trenger deg virkelig n\u00e5 - Blogg\",\"isPartOf\":{\"@id\":\"https:\/\/gus.no\/blogg\/#website\"},\"primaryImageOfPage\":{\"@id\":\"https:\/\/gus.no\/blogg\/gud-vi-trenger-deg-virkelig-na\/#primaryimage\"},\"image\":{\"@id\":\"https:\/\/gus.no\/blogg\/gud-vi-trenger-deg-virkelig-na\/#primaryimage\"},\"thumbnailUrl\":\"https:\/\/gus.no\/blogg\/wp-content\/uploads\/2019\/03\/MEfUCc21SDOWKD30AcOOTw.jpg\",\"datePublished\":\"2019-03-27T14:23:20+00:00\",\"dateModified\":\"2019-03-27T14:23:20+00:00\",\"author\":{\"@id\":\"https:\/\/gus.no\/blogg\/#\/schema\/person\/9d85805d1688f159585a37d0350c8222\"},\"breadcrumb\":{\"@id\":\"https:\/\/gus.no\/blogg\/gud-vi-trenger-deg-virkelig-na\/#breadcrumb\"},\"inLanguage\":\"nb-NO\",\"potentialAction\":[{\"@type\":\"ReadAction\",\"target\":[\"https:\/\/gus.no\/blogg\/gud-vi-trenger-deg-virkelig-na\/\"]}]},{\"@type\":\"ImageObject\",\"inLanguage\":\"nb-NO\",\"@id\":\"https:\/\/gus.no\/blogg\/gud-vi-trenger-deg-virkelig-na\/#primaryimage\",\"url\":\"https:\/\/gus.no\/blogg\/wp-content\/uploads\/2019\/03\/MEfUCc21SDOWKD30AcOOTw.jpg\",\"contentUrl\":\"https:\/\/gus.no\/blogg\/wp-content\/uploads\/2019\/03\/MEfUCc21SDOWKD30AcOOTw.jpg\",\"width\":4032,\"height\":3024},{\"@type\":\"BreadcrumbList\",\"@id\":\"https:\/\/gus.no\/blogg\/gud-vi-trenger-deg-virkelig-na\/#breadcrumb\",\"itemListElement\":[{\"@type\":\"ListItem\",\"position\":1,\"name\":\"Hjem\",\"item\":\"https:\/\/gus.no\/blogg\/\"},{\"@type\":\"ListItem\",\"position\":2,\"name\":\"Gud vi trenger deg virkelig n\u00e5\"}]},{\"@type\":\"WebSite\",\"@id\":\"https:\/\/gus.no\/blogg\/#website\",\"url\":\"https:\/\/gus.no\/blogg\/\",\"name\":\"Blogg\",\"description\":\"G\u00e5 Ut Senteret\",\"potentialAction\":[{\"@type\":\"SearchAction\",\"target\":{\"@type\":\"EntryPoint\",\"urlTemplate\":\"https:\/\/gus.no\/blogg\/?s={search_term_string}\"},\"query-input\":{\"@type\":\"PropertyValueSpecification\",\"valueRequired\":true,\"valueName\":\"search_term_string\"}}],\"inLanguage\":\"nb-NO\"},{\"@type\":\"Person\",\"@id\":\"https:\/\/gus.no\/blogg\/#\/schema\/person\/9d85805d1688f159585a37d0350c8222\",\"name\":\"Team Nepal (Global disippel 2018\/2019)\",\"url\":\"https:\/\/gus.no\/blogg\/author\/ingrid\/\"}]}<\/script>\n<!-- \/ Yoast SEO plugin. -->","yoast_head_json":{"title":"Gud vi trenger deg virkelig n\u00e5 - Blogg","robots":{"index":"index","follow":"follow","max-snippet":"max-snippet:-1","max-image-preview":"max-image-preview:large","max-video-preview":"max-video-preview:-1"},"canonical":"https:\/\/gus.no\/blogg\/gud-vi-trenger-deg-virkelig-na\/","og_locale":"nb_NO","og_type":"article","og_title":"Gud vi trenger deg virkelig n\u00e5 - Blogg","og_description":"Det fineste med denne samtalen var ikke ordene som ble utvekslet, men f\u00f8lelsen av \u00e5 v\u00e6re velkommen. Av \u00e5 v\u00e6re verdt \u00e5 bli brukt tid p\u00e5, og til \u00e5 dele smil sammen med.","og_url":"https:\/\/gus.no\/blogg\/gud-vi-trenger-deg-virkelig-na\/","og_site_name":"Blogg","article_publisher":"http:\/\/www.facebook.com\/gaautsenteret","article_published_time":"2019-03-27T14:23:20+00:00","og_image":[{"width":1024,"height":768,"url":"https:\/\/gus.no\/blogg\/wp-content\/uploads\/2019\/03\/MEfUCc21SDOWKD30AcOOTw-1024x768.jpg","type":"image\/jpeg"}],"author":"Team Nepal (Global disippel 2018\/2019)","twitter_card":"summary_large_image","twitter_misc":{"Skrevet av":"Team Nepal (Global disippel 2018\/2019)","Ansl. lesetid":"3 minutter"},"schema":{"@context":"https:\/\/schema.org","@graph":[{"@type":"WebPage","@id":"https:\/\/gus.no\/blogg\/gud-vi-trenger-deg-virkelig-na\/","url":"https:\/\/gus.no\/blogg\/gud-vi-trenger-deg-virkelig-na\/","name":"Gud vi trenger deg virkelig n\u00e5 - Blogg","isPartOf":{"@id":"https:\/\/gus.no\/blogg\/#website"},"primaryImageOfPage":{"@id":"https:\/\/gus.no\/blogg\/gud-vi-trenger-deg-virkelig-na\/#primaryimage"},"image":{"@id":"https:\/\/gus.no\/blogg\/gud-vi-trenger-deg-virkelig-na\/#primaryimage"},"thumbnailUrl":"https:\/\/gus.no\/blogg\/wp-content\/uploads\/2019\/03\/MEfUCc21SDOWKD30AcOOTw.jpg","datePublished":"2019-03-27T14:23:20+00:00","dateModified":"2019-03-27T14:23:20+00:00","author":{"@id":"https:\/\/gus.no\/blogg\/#\/schema\/person\/9d85805d1688f159585a37d0350c8222"},"breadcrumb":{"@id":"https:\/\/gus.no\/blogg\/gud-vi-trenger-deg-virkelig-na\/#breadcrumb"},"inLanguage":"nb-NO","potentialAction":[{"@type":"ReadAction","target":["https:\/\/gus.no\/blogg\/gud-vi-trenger-deg-virkelig-na\/"]}]},{"@type":"ImageObject","inLanguage":"nb-NO","@id":"https:\/\/gus.no\/blogg\/gud-vi-trenger-deg-virkelig-na\/#primaryimage","url":"https:\/\/gus.no\/blogg\/wp-content\/uploads\/2019\/03\/MEfUCc21SDOWKD30AcOOTw.jpg","contentUrl":"https:\/\/gus.no\/blogg\/wp-content\/uploads\/2019\/03\/MEfUCc21SDOWKD30AcOOTw.jpg","width":4032,"height":3024},{"@type":"BreadcrumbList","@id":"https:\/\/gus.no\/blogg\/gud-vi-trenger-deg-virkelig-na\/#breadcrumb","itemListElement":[{"@type":"ListItem","position":1,"name":"Hjem","item":"https:\/\/gus.no\/blogg\/"},{"@type":"ListItem","position":2,"name":"Gud vi trenger deg virkelig n\u00e5"}]},{"@type":"WebSite","@id":"https:\/\/gus.no\/blogg\/#website","url":"https:\/\/gus.no\/blogg\/","name":"Blogg","description":"G\u00e5 Ut Senteret","potentialAction":[{"@type":"SearchAction","target":{"@type":"EntryPoint","urlTemplate":"https:\/\/gus.no\/blogg\/?s={search_term_string}"},"query-input":{"@type":"PropertyValueSpecification","valueRequired":true,"valueName":"search_term_string"}}],"inLanguage":"nb-NO"},{"@type":"Person","@id":"https:\/\/gus.no\/blogg\/#\/schema\/person\/9d85805d1688f159585a37d0350c8222","name":"Team Nepal (Global disippel 2018\/2019)","url":"https:\/\/gus.no\/blogg\/author\/ingrid\/"}]}},"_links":{"self":[{"href":"https:\/\/gus.no\/blogg\/wp-json\/wp\/v2\/posts\/2941"}],"collection":[{"href":"https:\/\/gus.no\/blogg\/wp-json\/wp\/v2\/posts"}],"about":[{"href":"https:\/\/gus.no\/blogg\/wp-json\/wp\/v2\/types\/post"}],"author":[{"embeddable":true,"href":"https:\/\/gus.no\/blogg\/wp-json\/wp\/v2\/users\/21"}],"replies":[{"embeddable":true,"href":"https:\/\/gus.no\/blogg\/wp-json\/wp\/v2\/comments?post=2941"}],"version-history":[{"count":10,"href":"https:\/\/gus.no\/blogg\/wp-json\/wp\/v2\/posts\/2941\/revisions"}],"predecessor-version":[{"id":3140,"href":"https:\/\/gus.no\/blogg\/wp-json\/wp\/v2\/posts\/2941\/revisions\/3140"}],"wp:featuredmedia":[{"embeddable":true,"href":"https:\/\/gus.no\/blogg\/wp-json\/wp\/v2\/media\/2946"}],"wp:attachment":[{"href":"https:\/\/gus.no\/blogg\/wp-json\/wp\/v2\/media?parent=2941"}],"wp:term":[{"taxonomy":"category","embeddable":true,"href":"https:\/\/gus.no\/blogg\/wp-json\/wp\/v2\/categories?post=2941"},{"taxonomy":"post_tag","embeddable":true,"href":"https:\/\/gus.no\/blogg\/wp-json\/wp\/v2\/tags?post=2941"}],"curies":[{"name":"wp","href":"https:\/\/api.w.org\/{rel}","templated":true}]}}