{"id":3149,"date":"2019-04-06T23:11:46","date_gmt":"2019-04-06T21:11:46","guid":{"rendered":"http:\/\/gus.no\/blogg\/?p=3149"},"modified":"2019-04-06T23:33:38","modified_gmt":"2019-04-06T21:33:38","slug":"na-blir-linjene-enda-bedre","status":"publish","type":"post","link":"https:\/\/gus.no\/blogg\/na-blir-linjene-enda-bedre\/","title":{"rendered":"N\u00e5 blir linjene enda bedre!"},"content":{"rendered":"<p>N\u00e5 har vi f\u00e5tt godkjent helt nye l\u00e6replaner for linjene Global disippel og Faith in action! De ti og femten \u00e5r gamle l\u00e6replanene har blitt skrevet fullstendig om, og vi gleder oss til \u00e5 ta i bruk de nye planene h\u00f8sten 2019!<\/p>\n<p>Linjene p\u00e5 G\u00e5 Ut Senteret er offentlig godkjent av Utdanningsdirektoratet, slik at du kan f\u00e5 l\u00e5n og stipend fra L\u00e5nekassen. Derfor har vi godkjente l\u00e6replaner som skolen er forpliktet til \u00e5 drive etter.<\/p>\n<p><strong>Slik blir den nye hverdagen p\u00e5 Global disippel og Faith in action:\u00a0<\/strong><\/p>\n<h4><strong>1. \u00c5tte hovedtemaer<\/strong><\/h4>\n<p>Hverdagen p\u00e5 G\u00e5 Ut Senteret vil handle om \u00e5tte hovedtemaer. Enten du h\u00f8rer p\u00e5 undervisning, sitter i teamsamling, har stilletid i hagen eller l\u00f8per og gj\u00f8r oppgaver i skogen, vil alle aktivitetene handle om ett eller flere av disse hovedtemaene:<\/p>\n<ul>\n<li>Bibelen<\/li>\n<li>Misjon<\/li>\n<li>Disippelliv<\/li>\n<li>Menighet<\/li>\n<li>Personlig utvikling<\/li>\n<li>Interkulturell kompetanse<\/li>\n<li>Kommunikasjon og samhandling<\/li>\n<li>Lederskap <em><span style=\"font-size:60%;\">(kun Faith in action)<\/span><\/em><\/li>\n<\/ul>\n<h4><strong>2. Fokus p\u00e5 livsmestring<\/strong><\/h4>\n<p>Et viktig emne i hovedtemaet personlig utvikling, er livsmestring &#8211; \u00e5 mestre livet. Her vil du f\u00e5 hjelp til \u00e5 utvikle livsmot, \u00e5 sette pris p\u00e5 livets gleder og \u00e5 h\u00e5ndtere dets utfordringer. Du vil ogs\u00e5 bli kjent med aktuelle psykososiale utfordringer og hvordan disse kan h\u00e5ndteres i relasjon til Gud og mennesker.<\/p>\n<p>I tillegg blir det \u00f8kt fokus p\u00e5 veien videre etter \u00e5ret p\u00e5 G\u00e5 Ut Senteret. Vi \u00f8nsker \u00e5 hjelpe deg med \u00e5 reflektere over kall og utrustning, valg av bosted, menighet, frivillig tjeneste, utdanning og yrke.<\/p>\n<h4><strong>3. Felles utreiseforberedelser<\/strong><\/h4>\n<p>De nye l\u00e6replanene gj\u00f8r det mulig \u00e5 samkj\u00f8re forberedelsene til utlandsopphold p\u00e5 tvers av linjene Global disippel og Faith in action.<\/p>\n<p>Det betyr at de f\u00f8rste m\u00e5nedene p\u00e5 h\u00f8sten kan handle om utreiseforberedelser for alle studentene p\u00e5 skolen, med teamsamlinger, undervisning og veiledning.<\/p>\n<h4><strong>4. St\u00f8rre fleksibilitet<\/strong><\/h4>\n<p>Studentene p\u00e5 G\u00e5 Ut Senteret har v\u00e6rt vant med veldig detaljerte ukeplaner. Dette skyldes at de gamle l\u00e6replanene var sv\u00e6rt detaljert skrevet, med fastsatt antall timer p\u00e5 hvert minste emne.<\/p>\n<p>N\u00e5 blir l\u00e6rerne mye friere til \u00e5 sette sammen l\u00e6ringshverdagen p\u00e5 en mer fleksibel m\u00e5te. Det vil f\u00f8re til mer varierte dager, \u00f8kt trivsel og bedre l\u00e6ring!<\/p>\n<h4><strong>5. Bedre \u00f8konomi = bedre bibelskole!<\/strong><\/h4>\n<p>Det offentlige tilskuddet som G\u00e5 Ut Senteret mottar fra staten \u00f8ker n\u00e5 med flere hundre tusen kroner hvert \u00e5r! Dette vil gi oss mulighet til \u00e5 \u00f8ke kvaliteten p\u00e5 l\u00e6ring, praksisforberedelser, skoleturer, oppf\u00f8lging av studenter &#8211; rett og slett bli en bedre bibelskole!<\/p>\n<p>&nbsp;<\/p>\n<p>Dette er bare noen av endringene i opplegget for skole\u00e5ret som kommer. Vi gleder oss til \u00e5 dele \u00e5ret med et nytt kull i en ny og enda bedre l\u00e6ringshverdag!<\/p>\n<hr \/>\n<h5><strong>Bibelskole neste \u00e5r?<\/strong><\/h5>\n<p>Vi har ledige plasser til skole\u00e5ret 2019\/2020! S\u00f8k om plass: <strong><a href=\"http:\/\/www.gus.no\">www.gus.no<\/a><\/strong><\/p>\n","protected":false},"excerpt":{"rendered":"<p>Sjekk ut hvordan helt nye l\u00e6replaner gj\u00f8r Global disippel og Faith in action enda bedre.<\/p>\n","protected":false},"author":1,"featured_media":3153,"comment_status":"open","ping_status":"open","sticky":false,"template":"","format":"standard","meta":{"_exactmetrics_skip_tracking":false,"_exactmetrics_sitenote_active":false,"_exactmetrics_sitenote_note":"","_exactmetrics_sitenote_category":0,"footnotes":""},"categories":[10,12,23],"tags":[],"class_list":["post-3149","post","type-post","status-publish","format-standard","has-post-thumbnail","hentry","category-faith-in-action","category-global-disippel","category-om-gus","has-thumbnail"],"yoast_head":"<!-- This site is optimized with the Yoast SEO plugin v23.5 - https:\/\/yoast.com\/wordpress\/plugins\/seo\/ -->\n<title>N\u00e5 blir linjene enda bedre! - Blogg<\/title>\n<meta name=\"robots\" content=\"index, follow, max-snippet:-1, max-image-preview:large, max-video-preview:-1\" \/>\n<link rel=\"canonical\" href=\"https:\/\/gus.no\/blogg\/na-blir-linjene-enda-bedre\/\" \/>\n<meta property=\"og:locale\" content=\"nb_NO\" \/>\n<meta property=\"og:type\" content=\"article\" \/>\n<meta property=\"og:title\" content=\"N\u00e5 blir linjene enda bedre! - Blogg\" \/>\n<meta property=\"og:description\" content=\"Sjekk ut hvordan helt nye l\u00e6replaner gj\u00f8r Global disippel og Faith in action enda bedre.\" \/>\n<meta property=\"og:url\" content=\"https:\/\/gus.no\/blogg\/na-blir-linjene-enda-bedre\/\" \/>\n<meta property=\"og:site_name\" content=\"Blogg\" \/>\n<meta property=\"article:publisher\" content=\"http:\/\/www.facebook.com\/gaautsenteret\" \/>\n<meta property=\"article:published_time\" content=\"2019-04-06T21:11:46+00:00\" \/>\n<meta property=\"article:modified_time\" content=\"2019-04-06T21:33:38+00:00\" \/>\n<meta property=\"og:image\" content=\"https:\/\/gus.no\/blogg\/wp-content\/uploads\/2019\/04\/IMG_3561.jpg\" \/>\n\t<meta property=\"og:image:width\" content=\"4104\" \/>\n\t<meta property=\"og:image:height\" content=\"2736\" \/>\n\t<meta property=\"og:image:type\" content=\"image\/jpeg\" \/>\n<meta name=\"author\" content=\"\u00d8rjan, rektor\" \/>\n<meta name=\"twitter:card\" content=\"summary_large_image\" \/>\n<meta name=\"twitter:label1\" content=\"Skrevet av\" \/>\n\t<meta name=\"twitter:data1\" content=\"\u00d8rjan, rektor\" \/>\n\t<meta name=\"twitter:label2\" content=\"Ansl. lesetid\" \/>\n\t<meta name=\"twitter:data2\" content=\"2 minutter\" \/>\n<script type=\"application\/ld+json\" class=\"yoast-schema-graph\">{\"@context\":\"https:\/\/schema.org\",\"@graph\":[{\"@type\":\"WebPage\",\"@id\":\"https:\/\/gus.no\/blogg\/na-blir-linjene-enda-bedre\/\",\"url\":\"https:\/\/gus.no\/blogg\/na-blir-linjene-enda-bedre\/\",\"name\":\"N\u00e5 blir linjene enda bedre! - Blogg\",\"isPartOf\":{\"@id\":\"http:\/\/gus.no\/blogg\/#website\"},\"primaryImageOfPage\":{\"@id\":\"https:\/\/gus.no\/blogg\/na-blir-linjene-enda-bedre\/#primaryimage\"},\"image\":{\"@id\":\"https:\/\/gus.no\/blogg\/na-blir-linjene-enda-bedre\/#primaryimage\"},\"thumbnailUrl\":\"https:\/\/gus.no\/blogg\/wp-content\/uploads\/2019\/04\/IMG_3561.jpg\",\"datePublished\":\"2019-04-06T21:11:46+00:00\",\"dateModified\":\"2019-04-06T21:33:38+00:00\",\"author\":{\"@id\":\"http:\/\/gus.no\/blogg\/#\/schema\/person\/f10cf271f76aa556fadb30c931d41d6b\"},\"breadcrumb\":{\"@id\":\"https:\/\/gus.no\/blogg\/na-blir-linjene-enda-bedre\/#breadcrumb\"},\"inLanguage\":\"nb-NO\",\"potentialAction\":[{\"@type\":\"ReadAction\",\"target\":[\"https:\/\/gus.no\/blogg\/na-blir-linjene-enda-bedre\/\"]}]},{\"@type\":\"ImageObject\",\"inLanguage\":\"nb-NO\",\"@id\":\"https:\/\/gus.no\/blogg\/na-blir-linjene-enda-bedre\/#primaryimage\",\"url\":\"https:\/\/gus.no\/blogg\/wp-content\/uploads\/2019\/04\/IMG_3561.jpg\",\"contentUrl\":\"https:\/\/gus.no\/blogg\/wp-content\/uploads\/2019\/04\/IMG_3561.jpg\",\"width\":4104,\"height\":2736},{\"@type\":\"BreadcrumbList\",\"@id\":\"https:\/\/gus.no\/blogg\/na-blir-linjene-enda-bedre\/#breadcrumb\",\"itemListElement\":[{\"@type\":\"ListItem\",\"position\":1,\"name\":\"Hjem\",\"item\":\"http:\/\/gus.no\/blogg\/\"},{\"@type\":\"ListItem\",\"position\":2,\"name\":\"N\u00e5 blir linjene enda bedre!\"}]},{\"@type\":\"WebSite\",\"@id\":\"http:\/\/gus.no\/blogg\/#website\",\"url\":\"http:\/\/gus.no\/blogg\/\",\"name\":\"Blogg\",\"description\":\"G\u00e5 Ut Senteret\",\"potentialAction\":[{\"@type\":\"SearchAction\",\"target\":{\"@type\":\"EntryPoint\",\"urlTemplate\":\"http:\/\/gus.no\/blogg\/?s={search_term_string}\"},\"query-input\":{\"@type\":\"PropertyValueSpecification\",\"valueRequired\":true,\"valueName\":\"search_term_string\"}}],\"inLanguage\":\"nb-NO\"},{\"@type\":\"Person\",\"@id\":\"http:\/\/gus.no\/blogg\/#\/schema\/person\/f10cf271f76aa556fadb30c931d41d6b\",\"name\":\"\u00d8rjan, rektor\",\"url\":\"https:\/\/gus.no\/blogg\/author\/otinnen\/\"}]}<\/script>\n<!-- \/ Yoast SEO plugin. -->","yoast_head_json":{"title":"N\u00e5 blir linjene enda bedre! - Blogg","robots":{"index":"index","follow":"follow","max-snippet":"max-snippet:-1","max-image-preview":"max-image-preview:large","max-video-preview":"max-video-preview:-1"},"canonical":"https:\/\/gus.no\/blogg\/na-blir-linjene-enda-bedre\/","og_locale":"nb_NO","og_type":"article","og_title":"N\u00e5 blir linjene enda bedre! - Blogg","og_description":"Sjekk ut hvordan helt nye l\u00e6replaner gj\u00f8r Global disippel og Faith in action enda bedre.","og_url":"https:\/\/gus.no\/blogg\/na-blir-linjene-enda-bedre\/","og_site_name":"Blogg","article_publisher":"http:\/\/www.facebook.com\/gaautsenteret","article_published_time":"2019-04-06T21:11:46+00:00","article_modified_time":"2019-04-06T21:33:38+00:00","og_image":[{"width":4104,"height":2736,"url":"https:\/\/gus.no\/blogg\/wp-content\/uploads\/2019\/04\/IMG_3561.jpg","type":"image\/jpeg"}],"author":"\u00d8rjan, rektor","twitter_card":"summary_large_image","twitter_misc":{"Skrevet av":"\u00d8rjan, rektor","Ansl. lesetid":"2 minutter"},"schema":{"@context":"https:\/\/schema.org","@graph":[{"@type":"WebPage","@id":"https:\/\/gus.no\/blogg\/na-blir-linjene-enda-bedre\/","url":"https:\/\/gus.no\/blogg\/na-blir-linjene-enda-bedre\/","name":"N\u00e5 blir linjene enda bedre! - Blogg","isPartOf":{"@id":"http:\/\/gus.no\/blogg\/#website"},"primaryImageOfPage":{"@id":"https:\/\/gus.no\/blogg\/na-blir-linjene-enda-bedre\/#primaryimage"},"image":{"@id":"https:\/\/gus.no\/blogg\/na-blir-linjene-enda-bedre\/#primaryimage"},"thumbnailUrl":"https:\/\/gus.no\/blogg\/wp-content\/uploads\/2019\/04\/IMG_3561.jpg","datePublished":"2019-04-06T21:11:46+00:00","dateModified":"2019-04-06T21:33:38+00:00","author":{"@id":"http:\/\/gus.no\/blogg\/#\/schema\/person\/f10cf271f76aa556fadb30c931d41d6b"},"breadcrumb":{"@id":"https:\/\/gus.no\/blogg\/na-blir-linjene-enda-bedre\/#breadcrumb"},"inLanguage":"nb-NO","potentialAction":[{"@type":"ReadAction","target":["https:\/\/gus.no\/blogg\/na-blir-linjene-enda-bedre\/"]}]},{"@type":"ImageObject","inLanguage":"nb-NO","@id":"https:\/\/gus.no\/blogg\/na-blir-linjene-enda-bedre\/#primaryimage","url":"https:\/\/gus.no\/blogg\/wp-content\/uploads\/2019\/04\/IMG_3561.jpg","contentUrl":"https:\/\/gus.no\/blogg\/wp-content\/uploads\/2019\/04\/IMG_3561.jpg","width":4104,"height":2736},{"@type":"BreadcrumbList","@id":"https:\/\/gus.no\/blogg\/na-blir-linjene-enda-bedre\/#breadcrumb","itemListElement":[{"@type":"ListItem","position":1,"name":"Hjem","item":"http:\/\/gus.no\/blogg\/"},{"@type":"ListItem","position":2,"name":"N\u00e5 blir linjene enda bedre!"}]},{"@type":"WebSite","@id":"http:\/\/gus.no\/blogg\/#website","url":"http:\/\/gus.no\/blogg\/","name":"Blogg","description":"G\u00e5 Ut Senteret","potentialAction":[{"@type":"SearchAction","target":{"@type":"EntryPoint","urlTemplate":"http:\/\/gus.no\/blogg\/?s={search_term_string}"},"query-input":{"@type":"PropertyValueSpecification","valueRequired":true,"valueName":"search_term_string"}}],"inLanguage":"nb-NO"},{"@type":"Person","@id":"http:\/\/gus.no\/blogg\/#\/schema\/person\/f10cf271f76aa556fadb30c931d41d6b","name":"\u00d8rjan, rektor","url":"https:\/\/gus.no\/blogg\/author\/otinnen\/"}]}},"_links":{"self":[{"href":"https:\/\/gus.no\/blogg\/wp-json\/wp\/v2\/posts\/3149"}],"collection":[{"href":"https:\/\/gus.no\/blogg\/wp-json\/wp\/v2\/posts"}],"about":[{"href":"https:\/\/gus.no\/blogg\/wp-json\/wp\/v2\/types\/post"}],"author":[{"embeddable":true,"href":"https:\/\/gus.no\/blogg\/wp-json\/wp\/v2\/users\/1"}],"replies":[{"embeddable":true,"href":"https:\/\/gus.no\/blogg\/wp-json\/wp\/v2\/comments?post=3149"}],"version-history":[{"count":8,"href":"https:\/\/gus.no\/blogg\/wp-json\/wp\/v2\/posts\/3149\/revisions"}],"predecessor-version":[{"id":3160,"href":"https:\/\/gus.no\/blogg\/wp-json\/wp\/v2\/posts\/3149\/revisions\/3160"}],"wp:featuredmedia":[{"embeddable":true,"href":"https:\/\/gus.no\/blogg\/wp-json\/wp\/v2\/media\/3153"}],"wp:attachment":[{"href":"https:\/\/gus.no\/blogg\/wp-json\/wp\/v2\/media?parent=3149"}],"wp:term":[{"taxonomy":"category","embeddable":true,"href":"https:\/\/gus.no\/blogg\/wp-json\/wp\/v2\/categories?post=3149"},{"taxonomy":"post_tag","embeddable":true,"href":"https:\/\/gus.no\/blogg\/wp-json\/wp\/v2\/tags?post=3149"}],"curies":[{"name":"wp","href":"https:\/\/api.w.org\/{rel}","templated":true}]}}