{"id":3280,"date":"2019-06-03T14:32:09","date_gmt":"2019-06-03T12:32:09","guid":{"rendered":"http:\/\/gus.no\/blogg\/?p=3280"},"modified":"2019-06-03T14:32:09","modified_gmt":"2019-06-03T12:32:09","slug":"livet-etter-ga-ut-senteret-del-2","status":"publish","type":"post","link":"https:\/\/gus.no\/blogg\/livet-etter-ga-ut-senteret-del-2\/","title":{"rendered":"Livet etter G\u00e5 Ut Senteret, Del 2"},"content":{"rendered":"<p><img loading=\"lazy\" decoding=\"async\" class=\"size-full wp-image-3281 aligncenter\" src=\"http:\/\/gus.no\/blogg\/wp-content\/uploads\/2019\/05\/Lindy-Elise-Hansen-3.png\" alt=\"\" width=\"560\" height=\"315\" srcset=\"https:\/\/gus.no\/blogg\/wp-content\/uploads\/2019\/05\/Lindy-Elise-Hansen-3.png 560w, https:\/\/gus.no\/blogg\/wp-content\/uploads\/2019\/05\/Lindy-Elise-Hansen-3-300x169.png 300w\" sizes=\"(max-width: 560px) 100vw, 560px\" \/><\/p>\n<p><strong>Hva har \u00e5ret p\u00e5 G\u00e5 Ut Senteret betydd for deg?<\/strong><\/p>\n<p>\u00c5ret p\u00e5 G\u00e5 Ut Senteret har betydd veldig mye for meg! Det har betydd personlig vekst, vekst i troen, utfordringer, nye erfaringer, ny l\u00e6rdom, inspirasjon, nye venner, fellesskap.<\/p>\n<p>I l\u00f8pet av oppveksten var jeg den eneste personlige kristne p\u00e5 min alder. Jeg var aktiv i kirka og i ungdomsarbeidet hjemme, men jeg savnet fellesskap, noen \u00e5 dele troen min med. Det \u00e5 f\u00e5 et kristent oppbyggende milj\u00f8 i Norge, og en enorm reisefeber og et spirende misjonskall, gjorde at jeg s\u00f8kte p\u00e5 GUS. Det har v\u00e6rt avgj\u00f8rende inn mot hvem jeg er, hvem jeg \u00f8nsker \u00e5 v\u00e6re, og hvordan jeg \u00f8nsker at livet mitt skal se ut.<\/p>\n<p><strong>H\u00f8ydepunkt fra \u00e5ret?<\/strong><\/p>\n<p>Et h\u00f8ydepunkt fra \u00e5ret? Det er mange, men et av de st\u00f8rste m\u00e5 v\u00e6re det \u00e5 m\u00f8te mennesker og fellesskap b\u00e5de i Norge og i Paraguay. Alt fra fellesskap og tilh\u00f8righet i Salem til fellesskapet p\u00e5 GUS. Det \u00e5 kunne vandre sammen, oppleve og erfare en levende Gud sammen &#8211; det skaper et unikt fellesskap.<\/p>\n<p>Jentene p\u00e5 teamet ble to gode venninner, og vi fikk sammen oppleve en helt utrolig varme og im\u00f8tekommenhet n\u00e5r vi kom til Paraguay. Paraguayerne ble fort gode venner og vi opplevde \u00e5 bli inkludert som om vi skulle v\u00e6rt familie. De har en s\u00e5 grunnleggende og genuin kj\u00e6rlighet for de rundt seg. De er ogs\u00e5 s\u00e5 opptatt av \u00e5 bare v\u00e6re &#8211; s\u00e5 det \u00e5 bare henge, spille fotball p\u00e5 cancha\u00b4en (banen) bak s\u00f8ndagsskolen, drikke terer\u00e9, spille kort og skravle. Det var s\u00e5 utrolig godt \u00e5 bare f\u00e5 v\u00e6re sammen, med kj\u00e6rlighet som grunnmur I relasjonen.<\/p>\n<div id='gallery-1' class='gallery galleryid-3280 gallery-columns-1 gallery-size-full'><figure class='gallery-item'>\n\t\t\t<div class='gallery-icon landscape'>\n\t\t\t\t<a href='https:\/\/gus.no\/blogg\/livet-etter-ga-ut-senteret-del-2\/img_2429-1\/'><img loading=\"lazy\" decoding=\"async\" width=\"2048\" height=\"1536\" src=\"https:\/\/gus.no\/blogg\/wp-content\/uploads\/2019\/05\/IMG_2429-1.jpg\" class=\"attachment-full size-full\" alt=\"\" srcset=\"https:\/\/gus.no\/blogg\/wp-content\/uploads\/2019\/05\/IMG_2429-1.jpg 2048w, https:\/\/gus.no\/blogg\/wp-content\/uploads\/2019\/05\/IMG_2429-1-300x225.jpg 300w, https:\/\/gus.no\/blogg\/wp-content\/uploads\/2019\/05\/IMG_2429-1-768x576.jpg 768w, https:\/\/gus.no\/blogg\/wp-content\/uploads\/2019\/05\/IMG_2429-1-1024x768.jpg 1024w, https:\/\/gus.no\/blogg\/wp-content\/uploads\/2019\/05\/IMG_2429-1-1200x900.jpg 1200w, https:\/\/gus.no\/blogg\/wp-content\/uploads\/2019\/05\/IMG_2429-1-1860x1395.jpg 1860w\" sizes=\"(max-width: 2048px) 100vw, 2048px\" \/><\/a>\n\t\t\t<\/div><\/figure>\n\t\t<\/div>\n\n<p><strong>Har \u00e5ret p\u00e5 GUS p\u00e5 noen m\u00e5te preget valg du har tatt senere?<\/strong><\/p>\n<p>Ja. Jeg bestemte meg for \u00e5 studere sykepleie f\u00f8r jeg begynte \u00e5 p\u00e5 GUS, med en tanke om at jeg ville ha muligheten til \u00e5 jobbe i utlandet. Jeg har en stor interesse og hjerte for Jesus, mennesker og kultur. I l\u00f8pet av \u00e5ret ble det mer tydelig for meg at jeg kan kombinere disse tre tingene i tjeneste for Herren.<\/p>\n<p>Livet p\u00e5 GUS er ogs\u00e5 med \u00e5 prege den nye hverdagen som student. Gjennom personlig veiledning, bibelleseplaner, bibelgrupper, undervisning og menighetsfellesskap i Salem f\u00f8ler jeg at jeg har f\u00e5tt de redskapene jeg trenger for \u00e5 leve etter Jesus p\u00e5 en m\u00e5te jeg har lyst til. Jeg pr\u00f8ver \u00e5 leve etter Matteus 6:33 \u00abs\u00f8k f\u00f8rst Guds rike og hans rettferdighet, s\u00e5 skal dere f\u00e5 alt det andre i tillegg\u00bb og begynner derfor dagene mine med bibellesning, b\u00f8nn og\/eller lovsang.<\/p>\n<div id='gallery-2' class='gallery galleryid-3280 gallery-columns-2 gallery-size-full'><figure class='gallery-item'>\n\t\t\t<div class='gallery-icon portrait'>\n\t\t\t\t<a href='https:\/\/gus.no\/blogg\/livet-etter-ga-ut-senteret-del-2\/img_1453\/'><img loading=\"lazy\" decoding=\"async\" width=\"1536\" height=\"1920\" src=\"https:\/\/gus.no\/blogg\/wp-content\/uploads\/2019\/05\/IMG_1453-e1559168314568.jpg\" class=\"attachment-full size-full\" alt=\"\" \/><\/a>\n\t\t\t<\/div><\/figure><figure class='gallery-item'>\n\t\t\t<div class='gallery-icon portrait'>\n\t\t\t\t<a href='https:\/\/gus.no\/blogg\/livet-etter-ga-ut-senteret-del-2\/img_2300\/'><img loading=\"lazy\" decoding=\"async\" width=\"1536\" height=\"1920\" src=\"https:\/\/gus.no\/blogg\/wp-content\/uploads\/2019\/05\/IMG_2300-e1559168447354.jpg\" class=\"attachment-full size-full\" alt=\"\" srcset=\"https:\/\/gus.no\/blogg\/wp-content\/uploads\/2019\/05\/IMG_2300-e1559168447354.jpg 1536w, https:\/\/gus.no\/blogg\/wp-content\/uploads\/2019\/05\/IMG_2300-e1559168447354-240x300.jpg 240w, https:\/\/gus.no\/blogg\/wp-content\/uploads\/2019\/05\/IMG_2300-e1559168447354-768x960.jpg 768w, https:\/\/gus.no\/blogg\/wp-content\/uploads\/2019\/05\/IMG_2300-e1559168447354-819x1024.jpg 819w, https:\/\/gus.no\/blogg\/wp-content\/uploads\/2019\/05\/IMG_2300-e1559168447354-1200x1500.jpg 1200w\" sizes=\"(max-width: 1536px) 100vw, 1536px\" \/><\/a>\n\t\t\t<\/div><\/figure>\n\t\t<\/div>\n\n<p><strong>Hvordan kan man ta vare p\u00e5 det man har l\u00e6rt i overgangen fra bibelskole til studier\/jobb? \u00a0<\/strong><\/p>\n<p>Jeg erfarte at jeg m\u00e5tte ha en bibelleseplan for at bibellesing skulle bli en rutine. Jeg har brukt bibelleseplanene p\u00e5 bibel-appen mye. Akkurat n\u00e5 har jeg et prosjekt om at jeg vil igjennom hele bibelen i l\u00f8pet av 2019. Jeg bruker notatene mine fra undervisningen, samt resurssene vi fikk presentert n\u00e5r jeg g\u00e5r inn i en ny bok. Det ligger s\u00e5 mye kultur og historie i \u00e5 forst\u00e5 konteksten og da er det godt \u00e5 f\u00e5 innputt fra flere kilder som kan hjelpe meg med \u00e5 helhetlig forst\u00e5 hva jeg leser.<\/p>\n<p>Jeg vet ogs\u00e5 at jeg fort ramler av en bibelleseplan om jeg ikke leser sammen med noen, s\u00e5 jeg og s\u00f8skenbarnet mitt har delt en bibelleseplan s\u00e5nn at vi ser hvor hverandre er s\u00e5nn at vi kan holde hverandre ansvarlige, haha! Vi m\u00f8tes ogs\u00e5 ca. hver andre uke for \u00e5 snakke om det vi har lest. Dette var noe jeg erfarte positivt p\u00e5 GUS og som jeg aktivt har valgt \u00e5 ta med videre i ettertid. \u00c5ret p\u00e5 GUS har gitt mye ny l\u00e6rdom og dybdekunnskap som er en kjempe velsignelse inn mot mitt \u00e5ndelige liv i dag.<\/p>\n<p>Fellesskap er viktig og det f\u00e5r man ikke bare s\u00e5nn uten videre. Jeg brukte lang tid p\u00e5 \u00e5 finne et fellesskap (lite kan m\u00e5le seg med Salem). Man m\u00e5 gj\u00f8re det til en prioritering \u00e5 dra p\u00e5 m\u00f8ter\/gudstjeneste og det er nok ikke s\u00e5 dumt \u00e5 melde seg inn i et sm\u00e5fellesskap. Vi er fire jenter som m\u00f8tes annenhver uke og snakker om liv og tro.<\/p>\n<p><strong>Hva vil du si til de som skal begynne p\u00e5 G\u00e5 Ut Senteret?<\/strong><\/p>\n<p>Du har gjort et godt valg! \u00c5ret ble ikke i det helt det jeg hadde sett for meg. Det ble s\u00e5 mye mer, s\u00e5 v\u00e6r \u00e5pen for nye ting, spennende eventyr og gode relasjoner.<\/p>\n<p>V\u00e6r p\u00e5, v\u00e6r nyskjerrig! Ta de utfordringene og mulighetene du f\u00e5r. Tilegne deg den kunnskapen du kan, utfordre komfortsona, by p\u00e5 deg selv, ha det g\u00f8y, hopp i det med begge beina (s\u00e6rlig ift. relasjoner, spr\u00e5k og kultur), og nyt! Da vil du f\u00e5 mest mulig ut av \u00e5ret, og jeg kan love deg det blir et veldig spennende \u00e5r!<\/p>\n<div id='gallery-3' class='gallery galleryid-3280 gallery-columns-1 gallery-size-full'><figure class='gallery-item'>\n\t\t\t<div class='gallery-icon landscape'>\n\t\t\t\t<a href='https:\/\/gus.no\/blogg\/livet-etter-ga-ut-senteret-del-2\/img_0379\/'><img loading=\"lazy\" decoding=\"async\" width=\"2307\" height=\"1536\" src=\"https:\/\/gus.no\/blogg\/wp-content\/uploads\/2019\/06\/IMG_0379.jpg\" class=\"attachment-full size-full\" alt=\"\" srcset=\"https:\/\/gus.no\/blogg\/wp-content\/uploads\/2019\/06\/IMG_0379.jpg 2307w, https:\/\/gus.no\/blogg\/wp-content\/uploads\/2019\/06\/IMG_0379-300x200.jpg 300w, https:\/\/gus.no\/blogg\/wp-content\/uploads\/2019\/06\/IMG_0379-768x511.jpg 768w, https:\/\/gus.no\/blogg\/wp-content\/uploads\/2019\/06\/IMG_0379-1024x682.jpg 1024w, https:\/\/gus.no\/blogg\/wp-content\/uploads\/2019\/06\/IMG_0379-1200x799.jpg 1200w, https:\/\/gus.no\/blogg\/wp-content\/uploads\/2019\/06\/IMG_0379-1860x1238.jpg 1860w\" sizes=\"(max-width: 2307px) 100vw, 2307px\" \/><\/a>\n\t\t\t<\/div><\/figure>\n\t\t<\/div>\n\n<p style=\"text-align: center;\">&#8211;<\/p>\n<p><img loading=\"lazy\" decoding=\"async\" class=\"size-full wp-image-3355 aligncenter\" src=\"http:\/\/gus.no\/blogg\/wp-content\/uploads\/2019\/05\/Lindy-Elise-Hansen-4.png\" alt=\"\" width=\"560\" height=\"315\" srcset=\"https:\/\/gus.no\/blogg\/wp-content\/uploads\/2019\/05\/Lindy-Elise-Hansen-4.png 560w, https:\/\/gus.no\/blogg\/wp-content\/uploads\/2019\/05\/Lindy-Elise-Hansen-4-300x169.png 300w\" sizes=\"(max-width: 560px) 100vw, 560px\" \/><\/p>\n<p><strong>Hva har \u00e5ret p\u00e5 G\u00e5 Ut Senteret betydd for deg? <\/strong><\/p>\n<p>Alle sm\u00e5 og store valg man tar er med og setter retning i livet. For meg var valget om \u00e5 g\u00e5 p\u00e5 GUS sv\u00e6rt viktig fordi det handlet om \u00e5 prioritere det jeg lengtet aller mest etter; \u00e5 bli bedre kjent med Jesus og leve livet for ham. Det tok litt tid f\u00f8r jeg bestemte meg for valget om \u00e5 reise til Trondheim, men det opplevdes veldig riktig ut n\u00e5r jeg f\u00f8rst hadde bestemt meg. Siden har jeg aldri angret!<\/p>\n<p>Gjennom \u00e5ret p\u00e5 G\u00e5 Ut Senteret fikk jeg en rikere og dypere forst\u00e5else av Bibelen, meg selv som person og meg selv som disippel av Jesus. Kombinert med dette, fikk jeg ogs\u00e5 mange opplevelser og erfaringer med enkeltmennesker som egentlig var verd alle skolepengene i seg selv. Det sistnevnte hadde jeg ikke tenkt over at jeg skulle f\u00e5 sitte igjen med, men i etterkant har dette v\u00e6rt verdifullt og betydd mye for hvordan jeg forholder meg til Gud, andre mennesker og hverdagen i Trondheim. \u00c5ret p\u00e5 G\u00e5 Ut Senteret er derfor en tid som jeg ofte vender tilbake til, som jeg m\u00e5 grunne p\u00e5 og se med stadig nye \u00f8yne. Det er fordi mye av det jeg l\u00e6rte p\u00e5 bibelskolen handlet nettopp om levd liv.<\/p>\n<p>Noe av det som har satt spor i meg er alle samtalene med undrende medelever, kunnskapsrike og engasjerte l\u00e6rere, trofaste misjon\u00e6rer og levende kirker i Tsjekkia, den afghanske rektoren p\u00e5 flukt fra terrorgrupper, den foreldrel\u00f8se gutten som hadde l\u00e6rt seg norsk av norske milit\u00e6rstyrker i landsbyen sin, livsn\u00e6r og spennende undervisning fra ektepar som hadde hatt et livslangt misjonsliv, den engasjerte seksti\u00e5ringen som gjennomf\u00f8rte skileir til tross for bare en p\u00e5meldt tretten\u00e5ring, flyktningbarna som kvelden f\u00f8r hadde m\u00f8tt Jesus i en dr\u00f8m, det tomme blikket til den redde og utslitte hjeml\u00f8se gamle mannen, pastoren som brukte tiden sin p\u00e5 \u00e5 lede en ungdomsgruppe for \u00abbare\u00bb tre ten\u00e5ringer, l\u00e6reren som s\u00e5 ofte \u00e5pnet opp og formidlet s\u00e5rbart fra livets vonde og milde tider, og jenta som delte s\u00e5 \u00e6rlig om hvordan det egentlig stod til..<\/p>\n<p>\u00c5ret p\u00e5 GUS har tydelig gjort inntrykk p\u00e5 meg. Der og da opplevde jeg utrolig mye spennende b\u00e5de p\u00e5 skolen i Norge, og i tiden jeg hadde utenfor landegrensene. Gud viste meg flere ting som jeg aldri kunne forestilt meg at jeg skulle f\u00e5 sitte igjen med, og som dermed har preget retningen p\u00e5 livet mitt. G\u00e5 Ut Senteret har b\u00e5de veiledet, utfordret og styrket troen og relasjonen min til Jesus gjennom undervisning og fellesskap. \u00c5 se hvor mangfoldig Guds familie og v\u00e5r verden er, b\u00e5de i liv og tro, har v\u00e6rt viktig.<\/p>\n<div id='gallery-4' class='gallery galleryid-3280 gallery-columns-1 gallery-size-full'><figure class='gallery-item'>\n\t\t\t<div class='gallery-icon landscape'>\n\t\t\t\t<a href='https:\/\/gus.no\/blogg\/livet-etter-ga-ut-senteret-del-2\/61431578_367682263855023_7204016604848324608_n\/'><img loading=\"lazy\" decoding=\"async\" width=\"960\" height=\"720\" src=\"https:\/\/gus.no\/blogg\/wp-content\/uploads\/2019\/05\/61431578_367682263855023_7204016604848324608_n.jpg\" class=\"attachment-full size-full\" alt=\"\" srcset=\"https:\/\/gus.no\/blogg\/wp-content\/uploads\/2019\/05\/61431578_367682263855023_7204016604848324608_n.jpg 960w, https:\/\/gus.no\/blogg\/wp-content\/uploads\/2019\/05\/61431578_367682263855023_7204016604848324608_n-300x225.jpg 300w, https:\/\/gus.no\/blogg\/wp-content\/uploads\/2019\/05\/61431578_367682263855023_7204016604848324608_n-768x576.jpg 768w\" sizes=\"(max-width: 960px) 100vw, 960px\" \/><\/a>\n\t\t\t<\/div><\/figure>\n\t\t<\/div>\n\n<p><strong>H\u00f8ydepunkt fra \u00e5ret?<\/strong><\/p>\n<p>Det er vanskelig \u00e5 plukke ut ett enkelt minne, men utenom alle enkeltm\u00f8tene jeg som sagt har hatt, tror jeg h\u00f8ydepunktet fra \u00e5ret m\u00e5 ha v\u00e6rt hverdagen p\u00e5 Berg. Det \u00e5 kunne glede seg til skolen hver dag, ha masse spennende undervisning og ett livlig og oppmuntrende felleskap med elever og l\u00e6rere; kan det bli bedre?<\/p>\n<p><strong>Har \u00e5ret p\u00e5 GUS p\u00e5 noen m\u00e5te preget valg du har tatt senere? <\/strong><\/p>\n<p>Ja, jeg sitter igjen med en opplevelse av at livet mye mer og st\u00f8rre en hva jeg kan forestille meg. Jeg kjenner at det er fort gjort \u00e5 glemme alt jeg har opplevd og ikke se lenger en til mine egne bekymringer, utfordringer og forventninger, n\u00e5r jeg tar valg. Men, G\u00e5 Ut Senteret jeg har gitt meg ett \u00e5r fullt av erfaringer som kan hjelpe meg til \u00e5 l\u00f8fte blikket og pr\u00f8ve \u00e5 la Gud f\u00e5 definere meg og min retning p\u00e5 livet. Det er ikke alltid like lett \u00e5 huske p\u00e5 at jeg har muligheten til \u00e5 gj\u00f8re det, men \u00e5ret p\u00e5 bibelskole har styrket min tro p\u00e5 at Gud alltid er med, at han aldri svikter, at han er den samme i dag som man kan lese om i Bibelen og at det beste er hvis han f\u00e5r vise hva som er sant i livet!<\/p>\n<div id='gallery-5' class='gallery galleryid-3280 gallery-columns-1 gallery-size-full'><figure class='gallery-item'>\n\t\t\t<div class='gallery-icon landscape'>\n\t\t\t\t<a href='https:\/\/gus.no\/blogg\/livet-etter-ga-ut-senteret-del-2\/61120249_2055445214578082_1461930292586479616_n\/'><img loading=\"lazy\" decoding=\"async\" width=\"960\" height=\"960\" src=\"https:\/\/gus.no\/blogg\/wp-content\/uploads\/2019\/05\/61120249_2055445214578082_1461930292586479616_n.jpg\" class=\"attachment-full size-full\" alt=\"\" srcset=\"https:\/\/gus.no\/blogg\/wp-content\/uploads\/2019\/05\/61120249_2055445214578082_1461930292586479616_n.jpg 960w, https:\/\/gus.no\/blogg\/wp-content\/uploads\/2019\/05\/61120249_2055445214578082_1461930292586479616_n-150x150.jpg 150w, https:\/\/gus.no\/blogg\/wp-content\/uploads\/2019\/05\/61120249_2055445214578082_1461930292586479616_n-300x300.jpg 300w, https:\/\/gus.no\/blogg\/wp-content\/uploads\/2019\/05\/61120249_2055445214578082_1461930292586479616_n-768x768.jpg 768w\" sizes=\"(max-width: 960px) 100vw, 960px\" \/><\/a>\n\t\t\t<\/div><\/figure>\n\t\t<\/div>\n\n<p><strong>Hvordan kan man ta vare p\u00e5 det man har l\u00e6rt i overgangen fra bibelskole til studier\/jobb? \u00a0<\/strong><\/p>\n<p>Mitt beste tips er \u00e5 leve tett med noen andre som lengter etter \u00e5 vokse i sitt forhold til Jesus. Selv er jeg for eksempel s\u00e5 heldig at jeg bor i kollektiv med Erik. Han er en meget bra mann, og en veldig god venn av meg. \u00c5 leve tett trenger ikke \u00e5 bety fysisk tetthet, men f\u00f8rst og fremst \u00e5ndelig og livsn\u00e6r tetthet. Det fine med \u00e5 ha en eller to som man deler disippellivet med, er at man f\u00e5r hjelp til \u00e5 utvide perspektivet, heie p\u00e5 hverandre, inspirere hverandre og snakke \u00e6rlig og \u00e5pent om ting som man g\u00e5r s\u00e5 fort \u00e5 grunner p\u00e5 for seg selv. Erik og jeg har morgenb\u00f8nn to ganger i uken, oppmuntrer hverandre til \u00e5 s\u00f8ke Gud, f\u00e5r lagt av oss byrder som tynger, og ler og koser oss masse sammen. Jeg opplever at et tett felleskap er avgj\u00f8rende for \u00e5 vokse videre og ta vare p\u00e5 det jeg blant annet har l\u00e6rt p\u00e5 G\u00e5 Ut Senteret. Jeg tror Jesus har en tendens til \u00e5 vise seg og l\u00e6re oss nye ting gjennom andre mennesker.<\/p>\n<p><strong>Hva vil du si til de som skal begynne p\u00e5 G\u00e5 Ut Senteret? <\/strong><\/p>\n<p>I f\u00f8lge Matteusevangeliet var det to blinde menn som f\u00f8rst forstod at t\u00f8mreren fra Nasaret var Messias. For \u00e5 oppdage Jesus og livet med han, krever det med andre ord at man er \u00e5pen for at virkeligheten rommer noe mer enn det mann f\u00e5r inntrykk av med f\u00f8rste \u00f8yekast. Dette er noe som jeg fortsatt pr\u00f8ver \u00e5 forst\u00e5, og som jeg s\u00e5 gjerne skulle hatt med meg i st\u00f8rre grad i l\u00f8pet av \u00e5ret p\u00e5 GUS. Til alle som skal begynne p\u00e5 G\u00e5 Ut Senteret til h\u00f8sten vil jeg oppmuntre til \u00e5 v\u00e6re nysgjerrige. Smak p\u00e5 det du l\u00e6rer en ekstra gang f\u00f8r du gjemmer vekk notatboka i hylla, og hent det gjerne frem igjen senere for \u00e5 se det med nye \u00f8yne. Grunn over de opplevelsene du f\u00e5r, vonde og gode, og sp\u00f8r Gud hva du kan l\u00e6re av nettopp det som skjer p\u00e5 din vandring. Still sp\u00f8rsm\u00e5l og benytt muligheten du har til \u00e5 leve tett med andre mennesker som ogs\u00e5 lengter etter \u00e5 bli mer lik Jesus og dele hans kj\u00e6rlighet. Gj\u00f8r som de to blinde, v\u00e6r \u00e5pen og len deg inn i det som Jesus har for deg, s\u00e5 skal du f\u00e5 se.<\/p>\n<div id='gallery-6' class='gallery galleryid-3280 gallery-columns-1 gallery-size-full'><figure class='gallery-item'>\n\t\t\t<div class='gallery-icon landscape'>\n\t\t\t\t<a href='https:\/\/gus.no\/blogg\/livet-etter-ga-ut-senteret-del-2\/61602368_654823484991050_2342755641782697984_n-2\/'><img loading=\"lazy\" decoding=\"async\" width=\"960\" height=\"720\" src=\"https:\/\/gus.no\/blogg\/wp-content\/uploads\/2019\/05\/61602368_654823484991050_2342755641782697984_n-1.jpg\" class=\"attachment-full size-full\" alt=\"\" srcset=\"https:\/\/gus.no\/blogg\/wp-content\/uploads\/2019\/05\/61602368_654823484991050_2342755641782697984_n-1.jpg 960w, https:\/\/gus.no\/blogg\/wp-content\/uploads\/2019\/05\/61602368_654823484991050_2342755641782697984_n-1-300x225.jpg 300w, https:\/\/gus.no\/blogg\/wp-content\/uploads\/2019\/05\/61602368_654823484991050_2342755641782697984_n-1-768x576.jpg 768w\" sizes=\"(max-width: 960px) 100vw, 960px\" \/><\/a>\n\t\t\t<\/div><\/figure>\n\t\t<\/div>\n\n<p style=\"text-align: center;\">&#8211;<\/p>\n<h4><strong>Din tur neste \u00e5r?<\/strong><\/h4>\n<p>Det er ikke for sent \u00e5 s\u00f8ke om plass for skole\u00e5ret 2019\/2020. Sjekk ut linjene og s\u00f8k om plass p\u00e5\u00a0<strong><a href=\"http:\/\/www.gus.no\/\">gus.no.<\/a><\/strong><\/p>\n","protected":false},"excerpt":{"rendered":"<p>Tidligere GUS-elever Aina og \u00d8ystein forteller hva \u00e5ret p\u00e5 G\u00e5 Ut Senteret har betydd for dem! <\/p>\n","protected":false},"author":14,"featured_media":3361,"comment_status":"open","ping_status":"open","sticky":false,"template":"","format":"standard","meta":{"_exactmetrics_skip_tracking":false,"_exactmetrics_sitenote_active":false,"_exactmetrics_sitenote_note":"","_exactmetrics_sitenote_category":0,"footnotes":""},"categories":[23],"tags":[],"class_list":["post-3280","post","type-post","status-publish","format-standard","has-post-thumbnail","hentry","category-om-gus","has-thumbnail"],"yoast_head":"<!-- This site is optimized with the Yoast SEO plugin v23.5 - https:\/\/yoast.com\/wordpress\/plugins\/seo\/ -->\n<title>Livet etter G\u00e5 Ut Senteret, Del 2 - Blogg<\/title>\n<meta name=\"robots\" content=\"index, follow, max-snippet:-1, max-image-preview:large, max-video-preview:-1\" \/>\n<link rel=\"canonical\" href=\"https:\/\/gus.no\/blogg\/livet-etter-ga-ut-senteret-del-2\/\" \/>\n<meta property=\"og:locale\" content=\"nb_NO\" \/>\n<meta property=\"og:type\" content=\"article\" \/>\n<meta property=\"og:title\" content=\"Livet etter G\u00e5 Ut Senteret, Del 2 - Blogg\" \/>\n<meta property=\"og:description\" content=\"Tidligere GUS-elever Aina og \u00d8ystein forteller hva \u00e5ret p\u00e5 G\u00e5 Ut Senteret har betydd for dem!\" \/>\n<meta property=\"og:url\" content=\"https:\/\/gus.no\/blogg\/livet-etter-ga-ut-senteret-del-2\/\" \/>\n<meta property=\"og:site_name\" content=\"Blogg\" \/>\n<meta property=\"article:publisher\" content=\"http:\/\/www.facebook.com\/gaautsenteret\" \/>\n<meta property=\"article:published_time\" content=\"2019-06-03T12:32:09+00:00\" \/>\n<meta property=\"og:image\" content=\"https:\/\/gus.no\/blogg\/wp-content\/uploads\/2019\/05\/IMG_1427-1024x683.jpg\" \/>\n\t<meta property=\"og:image:width\" content=\"1024\" \/>\n\t<meta property=\"og:image:height\" content=\"683\" \/>\n\t<meta property=\"og:image:type\" content=\"image\/jpeg\" \/>\n<meta name=\"author\" content=\"Karen Ueland\" \/>\n<meta name=\"twitter:card\" content=\"summary_large_image\" \/>\n<meta name=\"twitter:label1\" content=\"Skrevet av\" \/>\n\t<meta name=\"twitter:data1\" content=\"Karen Ueland\" \/>\n\t<meta name=\"twitter:label2\" content=\"Ansl. lesetid\" \/>\n\t<meta name=\"twitter:data2\" content=\"10 minutter\" \/>\n<script type=\"application\/ld+json\" class=\"yoast-schema-graph\">{\"@context\":\"https:\/\/schema.org\",\"@graph\":[{\"@type\":\"WebPage\",\"@id\":\"https:\/\/gus.no\/blogg\/livet-etter-ga-ut-senteret-del-2\/\",\"url\":\"https:\/\/gus.no\/blogg\/livet-etter-ga-ut-senteret-del-2\/\",\"name\":\"Livet etter G\u00e5 Ut Senteret, Del 2 - Blogg\",\"isPartOf\":{\"@id\":\"http:\/\/gus.no\/blogg\/#website\"},\"primaryImageOfPage\":{\"@id\":\"https:\/\/gus.no\/blogg\/livet-etter-ga-ut-senteret-del-2\/#primaryimage\"},\"image\":{\"@id\":\"https:\/\/gus.no\/blogg\/livet-etter-ga-ut-senteret-del-2\/#primaryimage\"},\"thumbnailUrl\":\"https:\/\/gus.no\/blogg\/wp-content\/uploads\/2019\/05\/IMG_1427.jpg\",\"datePublished\":\"2019-06-03T12:32:09+00:00\",\"dateModified\":\"2019-06-03T12:32:09+00:00\",\"author\":{\"@id\":\"http:\/\/gus.no\/blogg\/#\/schema\/person\/25ed123bff783a9896b4fc4456fb6ff3\"},\"breadcrumb\":{\"@id\":\"https:\/\/gus.no\/blogg\/livet-etter-ga-ut-senteret-del-2\/#breadcrumb\"},\"inLanguage\":\"nb-NO\",\"potentialAction\":[{\"@type\":\"ReadAction\",\"target\":[\"https:\/\/gus.no\/blogg\/livet-etter-ga-ut-senteret-del-2\/\"]}]},{\"@type\":\"ImageObject\",\"inLanguage\":\"nb-NO\",\"@id\":\"https:\/\/gus.no\/blogg\/livet-etter-ga-ut-senteret-del-2\/#primaryimage\",\"url\":\"https:\/\/gus.no\/blogg\/wp-content\/uploads\/2019\/05\/IMG_1427.jpg\",\"contentUrl\":\"https:\/\/gus.no\/blogg\/wp-content\/uploads\/2019\/05\/IMG_1427.jpg\",\"width\":2304,\"height\":1536},{\"@type\":\"BreadcrumbList\",\"@id\":\"https:\/\/gus.no\/blogg\/livet-etter-ga-ut-senteret-del-2\/#breadcrumb\",\"itemListElement\":[{\"@type\":\"ListItem\",\"position\":1,\"name\":\"Hjem\",\"item\":\"http:\/\/gus.no\/blogg\/\"},{\"@type\":\"ListItem\",\"position\":2,\"name\":\"Livet etter G\u00e5 Ut Senteret, Del 2\"}]},{\"@type\":\"WebSite\",\"@id\":\"http:\/\/gus.no\/blogg\/#website\",\"url\":\"http:\/\/gus.no\/blogg\/\",\"name\":\"Blogg\",\"description\":\"G\u00e5 Ut Senteret\",\"potentialAction\":[{\"@type\":\"SearchAction\",\"target\":{\"@type\":\"EntryPoint\",\"urlTemplate\":\"http:\/\/gus.no\/blogg\/?s={search_term_string}\"},\"query-input\":{\"@type\":\"PropertyValueSpecification\",\"valueRequired\":true,\"valueName\":\"search_term_string\"}}],\"inLanguage\":\"nb-NO\"},{\"@type\":\"Person\",\"@id\":\"http:\/\/gus.no\/blogg\/#\/schema\/person\/25ed123bff783a9896b4fc4456fb6ff3\",\"name\":\"Karen Ueland\",\"url\":\"https:\/\/gus.no\/blogg\/author\/aserbajdsjan\/\"}]}<\/script>\n<!-- \/ Yoast SEO plugin. -->","yoast_head_json":{"title":"Livet etter G\u00e5 Ut Senteret, Del 2 - Blogg","robots":{"index":"index","follow":"follow","max-snippet":"max-snippet:-1","max-image-preview":"max-image-preview:large","max-video-preview":"max-video-preview:-1"},"canonical":"https:\/\/gus.no\/blogg\/livet-etter-ga-ut-senteret-del-2\/","og_locale":"nb_NO","og_type":"article","og_title":"Livet etter G\u00e5 Ut Senteret, Del 2 - Blogg","og_description":"Tidligere GUS-elever Aina og \u00d8ystein forteller hva \u00e5ret p\u00e5 G\u00e5 Ut Senteret har betydd for dem!","og_url":"https:\/\/gus.no\/blogg\/livet-etter-ga-ut-senteret-del-2\/","og_site_name":"Blogg","article_publisher":"http:\/\/www.facebook.com\/gaautsenteret","article_published_time":"2019-06-03T12:32:09+00:00","og_image":[{"width":1024,"height":683,"url":"https:\/\/gus.no\/blogg\/wp-content\/uploads\/2019\/05\/IMG_1427-1024x683.jpg","type":"image\/jpeg"}],"author":"Karen Ueland","twitter_card":"summary_large_image","twitter_misc":{"Skrevet av":"Karen Ueland","Ansl. lesetid":"10 minutter"},"schema":{"@context":"https:\/\/schema.org","@graph":[{"@type":"WebPage","@id":"https:\/\/gus.no\/blogg\/livet-etter-ga-ut-senteret-del-2\/","url":"https:\/\/gus.no\/blogg\/livet-etter-ga-ut-senteret-del-2\/","name":"Livet etter G\u00e5 Ut Senteret, Del 2 - Blogg","isPartOf":{"@id":"http:\/\/gus.no\/blogg\/#website"},"primaryImageOfPage":{"@id":"https:\/\/gus.no\/blogg\/livet-etter-ga-ut-senteret-del-2\/#primaryimage"},"image":{"@id":"https:\/\/gus.no\/blogg\/livet-etter-ga-ut-senteret-del-2\/#primaryimage"},"thumbnailUrl":"https:\/\/gus.no\/blogg\/wp-content\/uploads\/2019\/05\/IMG_1427.jpg","datePublished":"2019-06-03T12:32:09+00:00","dateModified":"2019-06-03T12:32:09+00:00","author":{"@id":"http:\/\/gus.no\/blogg\/#\/schema\/person\/25ed123bff783a9896b4fc4456fb6ff3"},"breadcrumb":{"@id":"https:\/\/gus.no\/blogg\/livet-etter-ga-ut-senteret-del-2\/#breadcrumb"},"inLanguage":"nb-NO","potentialAction":[{"@type":"ReadAction","target":["https:\/\/gus.no\/blogg\/livet-etter-ga-ut-senteret-del-2\/"]}]},{"@type":"ImageObject","inLanguage":"nb-NO","@id":"https:\/\/gus.no\/blogg\/livet-etter-ga-ut-senteret-del-2\/#primaryimage","url":"https:\/\/gus.no\/blogg\/wp-content\/uploads\/2019\/05\/IMG_1427.jpg","contentUrl":"https:\/\/gus.no\/blogg\/wp-content\/uploads\/2019\/05\/IMG_1427.jpg","width":2304,"height":1536},{"@type":"BreadcrumbList","@id":"https:\/\/gus.no\/blogg\/livet-etter-ga-ut-senteret-del-2\/#breadcrumb","itemListElement":[{"@type":"ListItem","position":1,"name":"Hjem","item":"http:\/\/gus.no\/blogg\/"},{"@type":"ListItem","position":2,"name":"Livet etter G\u00e5 Ut Senteret, Del 2"}]},{"@type":"WebSite","@id":"http:\/\/gus.no\/blogg\/#website","url":"http:\/\/gus.no\/blogg\/","name":"Blogg","description":"G\u00e5 Ut Senteret","potentialAction":[{"@type":"SearchAction","target":{"@type":"EntryPoint","urlTemplate":"http:\/\/gus.no\/blogg\/?s={search_term_string}"},"query-input":{"@type":"PropertyValueSpecification","valueRequired":true,"valueName":"search_term_string"}}],"inLanguage":"nb-NO"},{"@type":"Person","@id":"http:\/\/gus.no\/blogg\/#\/schema\/person\/25ed123bff783a9896b4fc4456fb6ff3","name":"Karen Ueland","url":"https:\/\/gus.no\/blogg\/author\/aserbajdsjan\/"}]}},"_links":{"self":[{"href":"https:\/\/gus.no\/blogg\/wp-json\/wp\/v2\/posts\/3280"}],"collection":[{"href":"https:\/\/gus.no\/blogg\/wp-json\/wp\/v2\/posts"}],"about":[{"href":"https:\/\/gus.no\/blogg\/wp-json\/wp\/v2\/types\/post"}],"author":[{"embeddable":true,"href":"https:\/\/gus.no\/blogg\/wp-json\/wp\/v2\/users\/14"}],"replies":[{"embeddable":true,"href":"https:\/\/gus.no\/blogg\/wp-json\/wp\/v2\/comments?post=3280"}],"version-history":[{"count":17,"href":"https:\/\/gus.no\/blogg\/wp-json\/wp\/v2\/posts\/3280\/revisions"}],"predecessor-version":[{"id":3380,"href":"https:\/\/gus.no\/blogg\/wp-json\/wp\/v2\/posts\/3280\/revisions\/3380"}],"wp:featuredmedia":[{"embeddable":true,"href":"https:\/\/gus.no\/blogg\/wp-json\/wp\/v2\/media\/3361"}],"wp:attachment":[{"href":"https:\/\/gus.no\/blogg\/wp-json\/wp\/v2\/media?parent=3280"}],"wp:term":[{"taxonomy":"category","embeddable":true,"href":"https:\/\/gus.no\/blogg\/wp-json\/wp\/v2\/categories?post=3280"},{"taxonomy":"post_tag","embeddable":true,"href":"https:\/\/gus.no\/blogg\/wp-json\/wp\/v2\/tags?post=3280"}],"curies":[{"name":"wp","href":"https:\/\/api.w.org\/{rel}","templated":true}]}}