{"id":3937,"date":"2020-01-04T18:17:29","date_gmt":"2020-01-04T17:17:29","guid":{"rendered":"http:\/\/gus.no\/blogg\/?p=3937"},"modified":"2020-01-04T18:17:31","modified_gmt":"2020-01-04T17:17:31","slug":"julestemning-pa-andre-siden-av-kloden","status":"publish","type":"post","link":"https:\/\/gus.no\/blogg\/julestemning-pa-andre-siden-av-kloden\/","title":{"rendered":"Julestemning p\u00e5 andre siden av kloden?"},"content":{"rendered":"\n<p>I Norge kan det ofte v\u00e6re lett \u00e5 glemme bort det egentlige julebudskapet i alt av ulike tradisjoner, som julebakst, julegaver og julepynt. Mye av dette har v\u00e6rt vanskelig \u00e5 gjennomf\u00f8re her i Ecuador, for eksempel julebakst uten stekeovn. Dermed ble det mye lettere \u00e5 virkelig tenke over hvorfor vi egentlig feirer jul. Vi ble minnet om at julebudskapet er det samme uansett hvor i verden man befinner seg. <\/p>\n\n\n\n<p><strong>Juleavslutning p\u00e5 skolen<\/strong><\/p>\n\n\n\n<p>Juleavslutningen p\u00e5 skolen var ganske annerledes enn det vi er vandt\nmed fra Norge. Hele skolen samlet seg ute p\u00e5 skoleplassen. Der skulle hvert\ntrinn, helt fra barnehage til videreg\u00e5ende, fremf\u00f8re hvert sitt nummer med\ndans, sang eller drama. Mye var lite inn\u00f8vd og toned\u00f8vt, s\u00e5 det vi kan mildt\nsagt si at det ble litt mye etter fem timer. Vi ble sv\u00e6rt imponert av hvor\nt\u00e5lmodige barna var. Etterp\u00e5 ble det delt ut godteposer og leker til alle p\u00e5\nskolen. Vi endte opp med \u00e5 f\u00e5 tre store godteposer hver med oss hjem.<\/p>\n\n\n\n<p>Da barna var dratt var det l\u00e6rerne sin tur til \u00e5 ha avslutning. Ironisk nok kom alle lekene da barna dro. Det ble stollek, danselek og ballonglek med stort engasjement, nesten rene barnebursdagen. Da premiene tok slutt s\u00e5 de ingen vits i \u00e5 leke mer. I tillegg fikk vi mat, det vil si mye mat! Kj\u00f8ttmengden p\u00e5 tallerkenen ville holdt til hele tre middager for oss. <\/p>\n\n\n\n<ul class=\"wp-block-gallery alignwide columns-2 is-cropped wp-block-gallery-1 is-layout-flex wp-block-gallery-is-layout-flex\"><li class=\"blocks-gallery-item\"><figure><img loading=\"lazy\" decoding=\"async\" width=\"1024\" height=\"768\" src=\"http:\/\/gus.no\/blogg\/wp-content\/uploads\/2020\/01\/IMG_5578-1-1024x768.jpg\" alt=\"\" data-id=\"3945\" data-link=\"http:\/\/gus.no\/blogg\/?attachment_id=3945\" class=\"wp-image-3945\" srcset=\"https:\/\/gus.no\/blogg\/wp-content\/uploads\/2020\/01\/IMG_5578-1-1024x768.jpg 1024w, https:\/\/gus.no\/blogg\/wp-content\/uploads\/2020\/01\/IMG_5578-1-300x225.jpg 300w, https:\/\/gus.no\/blogg\/wp-content\/uploads\/2020\/01\/IMG_5578-1-768x576.jpg 768w, https:\/\/gus.no\/blogg\/wp-content\/uploads\/2020\/01\/IMG_5578-1-1200x900.jpg 1200w, https:\/\/gus.no\/blogg\/wp-content\/uploads\/2020\/01\/IMG_5578-1-1860x1395.jpg 1860w\" sizes=\"(max-width: 1024px) 100vw, 1024px\" \/><\/figure><\/li><li class=\"blocks-gallery-item\"><figure><img loading=\"lazy\" decoding=\"async\" width=\"1024\" height=\"768\" src=\"http:\/\/gus.no\/blogg\/wp-content\/uploads\/2020\/01\/IMG_5495-1-1024x768.jpg\" alt=\"\" data-id=\"3944\" data-link=\"http:\/\/gus.no\/blogg\/?attachment_id=3944\" class=\"wp-image-3944\" srcset=\"https:\/\/gus.no\/blogg\/wp-content\/uploads\/2020\/01\/IMG_5495-1-1024x768.jpg 1024w, https:\/\/gus.no\/blogg\/wp-content\/uploads\/2020\/01\/IMG_5495-1-300x225.jpg 300w, https:\/\/gus.no\/blogg\/wp-content\/uploads\/2020\/01\/IMG_5495-1-768x576.jpg 768w, https:\/\/gus.no\/blogg\/wp-content\/uploads\/2020\/01\/IMG_5495-1-1200x900.jpg 1200w, https:\/\/gus.no\/blogg\/wp-content\/uploads\/2020\/01\/IMG_5495-1-1860x1395.jpg 1860w\" sizes=\"(max-width: 1024px) 100vw, 1024px\" \/><\/figure><\/li><li class=\"blocks-gallery-item\"><figure><img loading=\"lazy\" decoding=\"async\" width=\"1024\" height=\"768\" src=\"http:\/\/gus.no\/blogg\/wp-content\/uploads\/2020\/01\/IMG_5484-1-1024x768.jpg\" alt=\"\" data-id=\"3946\" data-link=\"http:\/\/gus.no\/blogg\/?attachment_id=3946\" class=\"wp-image-3946\" srcset=\"https:\/\/gus.no\/blogg\/wp-content\/uploads\/2020\/01\/IMG_5484-1-1024x768.jpg 1024w, https:\/\/gus.no\/blogg\/wp-content\/uploads\/2020\/01\/IMG_5484-1-300x225.jpg 300w, https:\/\/gus.no\/blogg\/wp-content\/uploads\/2020\/01\/IMG_5484-1-768x576.jpg 768w, https:\/\/gus.no\/blogg\/wp-content\/uploads\/2020\/01\/IMG_5484-1-1200x900.jpg 1200w, https:\/\/gus.no\/blogg\/wp-content\/uploads\/2020\/01\/IMG_5484-1-1860x1395.jpg 1860w\" sizes=\"(max-width: 1024px) 100vw, 1024px\" \/><\/figure><\/li><\/ul>\n\n\n\n<p><strong>Julefeiringen<\/strong><\/p>\n\n\n\n<p>Etter feiringen reiste vi til byen Cuenca, som vi har bodd i tidligere\nfor \u00e5 tilbringe litt av juleferien der.<\/p>\n\n\n\n<p>Julaften startet med at vi reiste ned til sentrum for \u00e5 se p\u00e5 en juleparade. Det var store tog med folk som var utkledd og spilte musikk og danset. Noen hadde p\u00e5 seg fine indianerkl\u00e6r, mens andre var kledd som engler, jomfru Maria eller nisser. Dette er en tradisjon de har hvert \u00e5r og det varer helt fra kl.08-17. I stedet for at vi fikk julestemning minnet paraden oss mer om 17.mai. Det var veldig kjekt vi fikk det med oss, men en halvtime var nok for v\u00e5r del.<\/p>\n\n\n\n<ul class=\"wp-block-gallery columns-2 is-cropped wp-block-gallery-2 is-layout-flex wp-block-gallery-is-layout-flex\"><li class=\"blocks-gallery-item\"><figure><img loading=\"lazy\" decoding=\"async\" width=\"1024\" height=\"768\" src=\"http:\/\/gus.no\/blogg\/wp-content\/uploads\/2020\/01\/IMG_5798-1024x768.jpg\" alt=\"\" data-id=\"3948\" data-link=\"http:\/\/gus.no\/blogg\/?attachment_id=3948\" class=\"wp-image-3948\" srcset=\"https:\/\/gus.no\/blogg\/wp-content\/uploads\/2020\/01\/IMG_5798-1024x768.jpg 1024w, https:\/\/gus.no\/blogg\/wp-content\/uploads\/2020\/01\/IMG_5798-300x225.jpg 300w, https:\/\/gus.no\/blogg\/wp-content\/uploads\/2020\/01\/IMG_5798-768x576.jpg 768w, https:\/\/gus.no\/blogg\/wp-content\/uploads\/2020\/01\/IMG_5798-1200x900.jpg 1200w, https:\/\/gus.no\/blogg\/wp-content\/uploads\/2020\/01\/IMG_5798-1860x1395.jpg 1860w\" sizes=\"(max-width: 1024px) 100vw, 1024px\" \/><\/figure><\/li><li class=\"blocks-gallery-item\"><figure><img loading=\"lazy\" decoding=\"async\" width=\"768\" height=\"1024\" src=\"http:\/\/gus.no\/blogg\/wp-content\/uploads\/2020\/01\/IMG_5823-768x1024.jpg\" alt=\"\" data-id=\"3947\" data-link=\"http:\/\/gus.no\/blogg\/?attachment_id=3947\" class=\"wp-image-3947\" srcset=\"https:\/\/gus.no\/blogg\/wp-content\/uploads\/2020\/01\/IMG_5823-768x1024.jpg 768w, https:\/\/gus.no\/blogg\/wp-content\/uploads\/2020\/01\/IMG_5823-225x300.jpg 225w, https:\/\/gus.no\/blogg\/wp-content\/uploads\/2020\/01\/IMG_5823-1200x1600.jpg 1200w, https:\/\/gus.no\/blogg\/wp-content\/uploads\/2020\/01\/IMG_5823-1860x2480.jpg 1860w\" sizes=\"(max-width: 768px) 100vw, 768px\" \/><\/figure><\/li><\/ul>\n\n\n\n<p>P\u00e5 kvelden gikk vi for \u00e5 se p\u00e5 julespill i kirka. Ungdommene i kirka hadde \u00f8vd inn en utrolig bra julemusikal der de fremf\u00f8rte hele juleevangeliet og sang mange julesanger. Da kom den etterlengtede julestemningen og vi f\u00f8lte endelig at det var jul. Ekstra g\u00f8y var det n\u00e5r vi kjente igjen alle sangene som ble sunget p\u00e5 enten norsk eller engelsk. <\/p>\n\n\n\n<ul class=\"wp-block-gallery columns-2 is-cropped wp-block-gallery-3 is-layout-flex wp-block-gallery-is-layout-flex\"><li class=\"blocks-gallery-item\"><figure><img loading=\"lazy\" decoding=\"async\" width=\"1024\" height=\"768\" src=\"http:\/\/gus.no\/blogg\/wp-content\/uploads\/2020\/01\/IMG_5864-1024x768.jpg\" alt=\"\" data-id=\"3952\" data-link=\"http:\/\/gus.no\/blogg\/?attachment_id=3952\" class=\"wp-image-3952\" srcset=\"https:\/\/gus.no\/blogg\/wp-content\/uploads\/2020\/01\/IMG_5864-1024x768.jpg 1024w, https:\/\/gus.no\/blogg\/wp-content\/uploads\/2020\/01\/IMG_5864-300x225.jpg 300w, https:\/\/gus.no\/blogg\/wp-content\/uploads\/2020\/01\/IMG_5864-768x576.jpg 768w, https:\/\/gus.no\/blogg\/wp-content\/uploads\/2020\/01\/IMG_5864-1200x900.jpg 1200w, https:\/\/gus.no\/blogg\/wp-content\/uploads\/2020\/01\/IMG_5864-1860x1395.jpg 1860w\" sizes=\"(max-width: 1024px) 100vw, 1024px\" \/><\/figure><\/li><li class=\"blocks-gallery-item\"><figure><img loading=\"lazy\" decoding=\"async\" width=\"1024\" height=\"768\" src=\"http:\/\/gus.no\/blogg\/wp-content\/uploads\/2020\/01\/IMG_5872-1024x768.jpg\" alt=\"\" data-id=\"3953\" data-link=\"http:\/\/gus.no\/blogg\/?attachment_id=3953\" class=\"wp-image-3953\" srcset=\"https:\/\/gus.no\/blogg\/wp-content\/uploads\/2020\/01\/IMG_5872-1024x768.jpg 1024w, https:\/\/gus.no\/blogg\/wp-content\/uploads\/2020\/01\/IMG_5872-300x225.jpg 300w, https:\/\/gus.no\/blogg\/wp-content\/uploads\/2020\/01\/IMG_5872-768x576.jpg 768w, https:\/\/gus.no\/blogg\/wp-content\/uploads\/2020\/01\/IMG_5872-1200x900.jpg 1200w, https:\/\/gus.no\/blogg\/wp-content\/uploads\/2020\/01\/IMG_5872-1860x1395.jpg 1860w\" sizes=\"(max-width: 1024px) 100vw, 1024px\" \/><\/figure><\/li><\/ul>\n\n\n\n<p>Etter julespillet var vi s\u00e5 heldige som fikk feire jul hos \u00c5se, v\u00e5r norske mentor her i Ecuador. Og der var det enda mer julestemning \u00e5 f\u00e5. Til middag fikk vi servert b\u00e5de ribbe og medisterkaker, og til dessert fikk vi pepperkaker. Senere p\u00e5 kvelden sang vi norske julesanger og gikk rundt juletreet (eller, vi byttet ut juletreet med \u00e5 g\u00e5 rundt et bord i stua). Ellers hadde vi Secret Santa og spilte spill resten av kvelden.<\/p>\n\n\n\n<p><strong>Romjula<\/strong> <\/p>\n\n\n\n<p>De siste dagene har vi hatt noen late dager langs kysten i Peru, Mancora. Det var deilig \u00e5 komme ned p\u00e5 havniv\u00e5 og mye varmere temperaturer enn det vi er vant med i Ca\u00f1ar. H\u00f8ydepunktet var \u00e5 bade med skilpadder!<\/p>\n\n\n\n<ul class=\"wp-block-gallery alignwide columns-3 is-cropped wp-block-gallery-4 is-layout-flex wp-block-gallery-is-layout-flex\"><li class=\"blocks-gallery-item\"><figure><img loading=\"lazy\" decoding=\"async\" width=\"768\" height=\"1024\" src=\"http:\/\/gus.no\/blogg\/wp-content\/uploads\/2020\/01\/IMG_5984-768x1024.jpg\" alt=\"\" data-id=\"3954\" data-link=\"http:\/\/gus.no\/blogg\/?attachment_id=3954\" class=\"wp-image-3954\" srcset=\"https:\/\/gus.no\/blogg\/wp-content\/uploads\/2020\/01\/IMG_5984-768x1024.jpg 768w, https:\/\/gus.no\/blogg\/wp-content\/uploads\/2020\/01\/IMG_5984-225x300.jpg 225w, https:\/\/gus.no\/blogg\/wp-content\/uploads\/2020\/01\/IMG_5984-1200x1600.jpg 1200w, https:\/\/gus.no\/blogg\/wp-content\/uploads\/2020\/01\/IMG_5984-1860x2480.jpg 1860w\" sizes=\"(max-width: 768px) 100vw, 768px\" \/><\/figure><\/li><li class=\"blocks-gallery-item\"><figure><img loading=\"lazy\" decoding=\"async\" width=\"1024\" height=\"768\" src=\"http:\/\/gus.no\/blogg\/wp-content\/uploads\/2020\/01\/LSIW2081-1024x768.jpg\" alt=\"\" data-id=\"3956\" data-link=\"http:\/\/gus.no\/blogg\/?attachment_id=3956\" class=\"wp-image-3956\" srcset=\"https:\/\/gus.no\/blogg\/wp-content\/uploads\/2020\/01\/LSIW2081-1024x768.jpg 1024w, https:\/\/gus.no\/blogg\/wp-content\/uploads\/2020\/01\/LSIW2081-300x225.jpg 300w, https:\/\/gus.no\/blogg\/wp-content\/uploads\/2020\/01\/LSIW2081-768x576.jpg 768w, https:\/\/gus.no\/blogg\/wp-content\/uploads\/2020\/01\/LSIW2081-1200x900.jpg 1200w, https:\/\/gus.no\/blogg\/wp-content\/uploads\/2020\/01\/LSIW2081-1860x1395.jpg 1860w\" sizes=\"(max-width: 1024px) 100vw, 1024px\" \/><\/figure><\/li><li class=\"blocks-gallery-item\"><figure><img loading=\"lazy\" decoding=\"async\" width=\"750\" height=\"550\" src=\"http:\/\/gus.no\/blogg\/wp-content\/uploads\/2020\/01\/IMG_E5952.jpg\" alt=\"\" data-id=\"3955\" data-link=\"http:\/\/gus.no\/blogg\/?attachment_id=3955\" class=\"wp-image-3955\" srcset=\"https:\/\/gus.no\/blogg\/wp-content\/uploads\/2020\/01\/IMG_E5952.jpg 750w, https:\/\/gus.no\/blogg\/wp-content\/uploads\/2020\/01\/IMG_E5952-300x220.jpg 300w\" sizes=\"(max-width: 750px) 100vw, 750px\" \/><\/figure><\/li><\/ul>\n\n\n\n<p>N\u00e5 gleder vi oss til\n\u00e5 starte arbeidet p\u00e5 skolen igjen!<\/p>\n\n\n\n<p>Vi \u00f8nsker alle et velsignet godt nytt \u00e5r<\/p>\n","protected":false},"excerpt":{"rendered":"<p>N\u00e5 har vi begge hatt v\u00e5r aller f\u00f8rste adventstid og julefeiring borte fra familien. Det har v\u00e6rt veldig spennende og l\u00e6rerikt \u00e5 feire h\u00f8gtiden i en helt annen kultur og et helt annet klima en det vi er vant med.<\/p>\n","protected":false},"author":33,"featured_media":3939,"comment_status":"open","ping_status":"open","sticky":false,"template":"","format":"standard","meta":{"_exactmetrics_skip_tracking":false,"_exactmetrics_sitenote_active":false,"_exactmetrics_sitenote_note":"","_exactmetrics_sitenote_category":0,"footnotes":""},"categories":[30,1],"tags":[],"class_list":["post-3937","post","type-post","status-publish","format-standard","has-post-thumbnail","hentry","category-ecuador","category-ukategorisert","has-thumbnail"],"yoast_head":"<!-- This site is optimized with the Yoast SEO plugin v23.5 - https:\/\/yoast.com\/wordpress\/plugins\/seo\/ -->\n<title>Julestemning p\u00e5 andre siden av kloden? - Blogg<\/title>\n<meta name=\"robots\" content=\"index, follow, max-snippet:-1, max-image-preview:large, max-video-preview:-1\" \/>\n<link rel=\"canonical\" href=\"https:\/\/gus.no\/blogg\/julestemning-pa-andre-siden-av-kloden\/\" \/>\n<meta property=\"og:locale\" content=\"nb_NO\" \/>\n<meta property=\"og:type\" content=\"article\" \/>\n<meta property=\"og:title\" content=\"Julestemning p\u00e5 andre siden av kloden? - Blogg\" \/>\n<meta property=\"og:description\" content=\"N\u00e5 har vi begge hatt v\u00e5r aller f\u00f8rste adventstid og julefeiring borte fra familien. Det har v\u00e6rt veldig spennende og l\u00e6rerikt \u00e5 feire h\u00f8gtiden i en helt annen kultur og et helt annet klima en det vi er vant med.\" \/>\n<meta property=\"og:url\" content=\"https:\/\/gus.no\/blogg\/julestemning-pa-andre-siden-av-kloden\/\" \/>\n<meta property=\"og:site_name\" content=\"Blogg\" \/>\n<meta property=\"article:publisher\" content=\"http:\/\/www.facebook.com\/gaautsenteret\" \/>\n<meta property=\"article:published_time\" content=\"2020-01-04T17:17:29+00:00\" \/>\n<meta property=\"article:modified_time\" content=\"2020-01-04T17:17:31+00:00\" \/>\n<meta property=\"og:image\" content=\"https:\/\/gus.no\/blogg\/wp-content\/uploads\/2020\/01\/SIGEE2396-1.jpg\" \/>\n\t<meta property=\"og:image:width\" content=\"3024\" \/>\n\t<meta property=\"og:image:height\" content=\"2268\" \/>\n\t<meta property=\"og:image:type\" content=\"image\/jpeg\" \/>\n<meta name=\"author\" content=\"Team Ecuador (Global disippel 2019\/2020)\" \/>\n<meta name=\"twitter:card\" content=\"summary_large_image\" \/>\n<meta name=\"twitter:label1\" content=\"Skrevet av\" \/>\n\t<meta name=\"twitter:data1\" content=\"Team Ecuador (Global disippel 2019\/2020)\" \/>\n\t<meta name=\"twitter:label2\" content=\"Ansl. lesetid\" \/>\n\t<meta name=\"twitter:data2\" content=\"3 minutter\" \/>\n<script type=\"application\/ld+json\" class=\"yoast-schema-graph\">{\"@context\":\"https:\/\/schema.org\",\"@graph\":[{\"@type\":\"WebPage\",\"@id\":\"https:\/\/gus.no\/blogg\/julestemning-pa-andre-siden-av-kloden\/\",\"url\":\"https:\/\/gus.no\/blogg\/julestemning-pa-andre-siden-av-kloden\/\",\"name\":\"Julestemning p\u00e5 andre siden av kloden? - Blogg\",\"isPartOf\":{\"@id\":\"https:\/\/gus.no\/blogg\/#website\"},\"primaryImageOfPage\":{\"@id\":\"https:\/\/gus.no\/blogg\/julestemning-pa-andre-siden-av-kloden\/#primaryimage\"},\"image\":{\"@id\":\"https:\/\/gus.no\/blogg\/julestemning-pa-andre-siden-av-kloden\/#primaryimage\"},\"thumbnailUrl\":\"https:\/\/gus.no\/blogg\/wp-content\/uploads\/2020\/01\/SIGEE2396-1.jpg\",\"datePublished\":\"2020-01-04T17:17:29+00:00\",\"dateModified\":\"2020-01-04T17:17:31+00:00\",\"author\":{\"@id\":\"https:\/\/gus.no\/blogg\/#\/schema\/person\/6f3963ed1f54bc47fcef903b43533820\"},\"breadcrumb\":{\"@id\":\"https:\/\/gus.no\/blogg\/julestemning-pa-andre-siden-av-kloden\/#breadcrumb\"},\"inLanguage\":\"nb-NO\",\"potentialAction\":[{\"@type\":\"ReadAction\",\"target\":[\"https:\/\/gus.no\/blogg\/julestemning-pa-andre-siden-av-kloden\/\"]}]},{\"@type\":\"ImageObject\",\"inLanguage\":\"nb-NO\",\"@id\":\"https:\/\/gus.no\/blogg\/julestemning-pa-andre-siden-av-kloden\/#primaryimage\",\"url\":\"https:\/\/gus.no\/blogg\/wp-content\/uploads\/2020\/01\/SIGEE2396-1.jpg\",\"contentUrl\":\"https:\/\/gus.no\/blogg\/wp-content\/uploads\/2020\/01\/SIGEE2396-1.jpg\",\"width\":3024,\"height\":2268},{\"@type\":\"BreadcrumbList\",\"@id\":\"https:\/\/gus.no\/blogg\/julestemning-pa-andre-siden-av-kloden\/#breadcrumb\",\"itemListElement\":[{\"@type\":\"ListItem\",\"position\":1,\"name\":\"Hjem\",\"item\":\"https:\/\/gus.no\/blogg\/\"},{\"@type\":\"ListItem\",\"position\":2,\"name\":\"Julestemning p\u00e5 andre siden av kloden?\"}]},{\"@type\":\"WebSite\",\"@id\":\"https:\/\/gus.no\/blogg\/#website\",\"url\":\"https:\/\/gus.no\/blogg\/\",\"name\":\"Blogg\",\"description\":\"G\u00e5 Ut Senteret\",\"potentialAction\":[{\"@type\":\"SearchAction\",\"target\":{\"@type\":\"EntryPoint\",\"urlTemplate\":\"https:\/\/gus.no\/blogg\/?s={search_term_string}\"},\"query-input\":{\"@type\":\"PropertyValueSpecification\",\"valueRequired\":true,\"valueName\":\"search_term_string\"}}],\"inLanguage\":\"nb-NO\"},{\"@type\":\"Person\",\"@id\":\"https:\/\/gus.no\/blogg\/#\/schema\/person\/6f3963ed1f54bc47fcef903b43533820\",\"name\":\"Team Ecuador (Global disippel 2019\/2020)\",\"url\":\"https:\/\/gus.no\/blogg\/author\/sylvelin\/\"}]}<\/script>\n<!-- \/ Yoast SEO plugin. -->","yoast_head_json":{"title":"Julestemning p\u00e5 andre siden av kloden? - Blogg","robots":{"index":"index","follow":"follow","max-snippet":"max-snippet:-1","max-image-preview":"max-image-preview:large","max-video-preview":"max-video-preview:-1"},"canonical":"https:\/\/gus.no\/blogg\/julestemning-pa-andre-siden-av-kloden\/","og_locale":"nb_NO","og_type":"article","og_title":"Julestemning p\u00e5 andre siden av kloden? - Blogg","og_description":"N\u00e5 har vi begge hatt v\u00e5r aller f\u00f8rste adventstid og julefeiring borte fra familien. Det har v\u00e6rt veldig spennende og l\u00e6rerikt \u00e5 feire h\u00f8gtiden i en helt annen kultur og et helt annet klima en det vi er vant med.","og_url":"https:\/\/gus.no\/blogg\/julestemning-pa-andre-siden-av-kloden\/","og_site_name":"Blogg","article_publisher":"http:\/\/www.facebook.com\/gaautsenteret","article_published_time":"2020-01-04T17:17:29+00:00","article_modified_time":"2020-01-04T17:17:31+00:00","og_image":[{"width":3024,"height":2268,"url":"https:\/\/gus.no\/blogg\/wp-content\/uploads\/2020\/01\/SIGEE2396-1.jpg","type":"image\/jpeg"}],"author":"Team Ecuador (Global disippel 2019\/2020)","twitter_card":"summary_large_image","twitter_misc":{"Skrevet av":"Team Ecuador (Global disippel 2019\/2020)","Ansl. lesetid":"3 minutter"},"schema":{"@context":"https:\/\/schema.org","@graph":[{"@type":"WebPage","@id":"https:\/\/gus.no\/blogg\/julestemning-pa-andre-siden-av-kloden\/","url":"https:\/\/gus.no\/blogg\/julestemning-pa-andre-siden-av-kloden\/","name":"Julestemning p\u00e5 andre siden av kloden? - Blogg","isPartOf":{"@id":"https:\/\/gus.no\/blogg\/#website"},"primaryImageOfPage":{"@id":"https:\/\/gus.no\/blogg\/julestemning-pa-andre-siden-av-kloden\/#primaryimage"},"image":{"@id":"https:\/\/gus.no\/blogg\/julestemning-pa-andre-siden-av-kloden\/#primaryimage"},"thumbnailUrl":"https:\/\/gus.no\/blogg\/wp-content\/uploads\/2020\/01\/SIGEE2396-1.jpg","datePublished":"2020-01-04T17:17:29+00:00","dateModified":"2020-01-04T17:17:31+00:00","author":{"@id":"https:\/\/gus.no\/blogg\/#\/schema\/person\/6f3963ed1f54bc47fcef903b43533820"},"breadcrumb":{"@id":"https:\/\/gus.no\/blogg\/julestemning-pa-andre-siden-av-kloden\/#breadcrumb"},"inLanguage":"nb-NO","potentialAction":[{"@type":"ReadAction","target":["https:\/\/gus.no\/blogg\/julestemning-pa-andre-siden-av-kloden\/"]}]},{"@type":"ImageObject","inLanguage":"nb-NO","@id":"https:\/\/gus.no\/blogg\/julestemning-pa-andre-siden-av-kloden\/#primaryimage","url":"https:\/\/gus.no\/blogg\/wp-content\/uploads\/2020\/01\/SIGEE2396-1.jpg","contentUrl":"https:\/\/gus.no\/blogg\/wp-content\/uploads\/2020\/01\/SIGEE2396-1.jpg","width":3024,"height":2268},{"@type":"BreadcrumbList","@id":"https:\/\/gus.no\/blogg\/julestemning-pa-andre-siden-av-kloden\/#breadcrumb","itemListElement":[{"@type":"ListItem","position":1,"name":"Hjem","item":"https:\/\/gus.no\/blogg\/"},{"@type":"ListItem","position":2,"name":"Julestemning p\u00e5 andre siden av kloden?"}]},{"@type":"WebSite","@id":"https:\/\/gus.no\/blogg\/#website","url":"https:\/\/gus.no\/blogg\/","name":"Blogg","description":"G\u00e5 Ut Senteret","potentialAction":[{"@type":"SearchAction","target":{"@type":"EntryPoint","urlTemplate":"https:\/\/gus.no\/blogg\/?s={search_term_string}"},"query-input":{"@type":"PropertyValueSpecification","valueRequired":true,"valueName":"search_term_string"}}],"inLanguage":"nb-NO"},{"@type":"Person","@id":"https:\/\/gus.no\/blogg\/#\/schema\/person\/6f3963ed1f54bc47fcef903b43533820","name":"Team Ecuador (Global disippel 2019\/2020)","url":"https:\/\/gus.no\/blogg\/author\/sylvelin\/"}]}},"_links":{"self":[{"href":"https:\/\/gus.no\/blogg\/wp-json\/wp\/v2\/posts\/3937"}],"collection":[{"href":"https:\/\/gus.no\/blogg\/wp-json\/wp\/v2\/posts"}],"about":[{"href":"https:\/\/gus.no\/blogg\/wp-json\/wp\/v2\/types\/post"}],"author":[{"embeddable":true,"href":"https:\/\/gus.no\/blogg\/wp-json\/wp\/v2\/users\/33"}],"replies":[{"embeddable":true,"href":"https:\/\/gus.no\/blogg\/wp-json\/wp\/v2\/comments?post=3937"}],"version-history":[{"count":6,"href":"https:\/\/gus.no\/blogg\/wp-json\/wp\/v2\/posts\/3937\/revisions"}],"predecessor-version":[{"id":3960,"href":"https:\/\/gus.no\/blogg\/wp-json\/wp\/v2\/posts\/3937\/revisions\/3960"}],"wp:featuredmedia":[{"embeddable":true,"href":"https:\/\/gus.no\/blogg\/wp-json\/wp\/v2\/media\/3939"}],"wp:attachment":[{"href":"https:\/\/gus.no\/blogg\/wp-json\/wp\/v2\/media?parent=3937"}],"wp:term":[{"taxonomy":"category","embeddable":true,"href":"https:\/\/gus.no\/blogg\/wp-json\/wp\/v2\/categories?post=3937"},{"taxonomy":"post_tag","embeddable":true,"href":"https:\/\/gus.no\/blogg\/wp-json\/wp\/v2\/tags?post=3937"}],"curies":[{"name":"wp","href":"https:\/\/api.w.org\/{rel}","templated":true}]}}