{"id":4097,"date":"2020-02-18T14:48:32","date_gmt":"2020-02-18T13:48:32","guid":{"rendered":"http:\/\/gus.no\/blogg\/?p=4097"},"modified":"2021-06-29T14:36:09","modified_gmt":"2021-06-29T12:36:09","slug":"en-hverdag-full-av-glede","status":"publish","type":"post","link":"https:\/\/gus.no\/blogg\/en-hverdag-full-av-glede\/","title":{"rendered":"En hverdag full av glede"},"content":{"rendered":"\n<p><strong>En helt vanlig dag<\/strong><\/p>\n\n\n\n<p>Barna kommer til skolen p\u00e5 alle mulige m\u00e5ter. Noen g\u00e5r, noen kommer med vanlig rutebuss eller taxi. Det som er litt mer spesielt for oss nordmenn er at det kommer lastebiler i ulike st\u00f8rrelser som frakter barna til skolen i lasteplanet. <\/p>\n\n\n\n<p>P\u00e5 skolen har vi ulike oppgaver. Eilin f\u00e5r jobbe med de som har diverse funksjonshemminger. Hun tar ut enkeltelever og bruker ekstra tid sammen med dem, slik at de f\u00e5r litt bedre oppf\u00f8lging. Andre ganger er hun med i klasserommet og hjelper elevene med oppgaver der. Sylvelin jobber sammen med en engelskl\u00e6rer der hun f\u00e5r utfordret seg p\u00e5 \u00e5 undervise selv, i tillegg har hun kropps\u00f8ving med de yngre klassetrinnene. <\/p>\n\n\n\n<ul class=\"wp-block-gallery columns-3 is-cropped wp-block-gallery-1 is-layout-flex wp-block-gallery-is-layout-flex\"><li class=\"blocks-gallery-item\"><figure><img loading=\"lazy\" decoding=\"async\" width=\"1024\" height=\"768\" src=\"http:\/\/gus.no\/blogg\/wp-content\/uploads\/2020\/02\/IMG_6707-1024x768.jpg\" alt=\"\" data-id=\"4145\" data-link=\"http:\/\/gus.no\/blogg\/?attachment_id=4145\" class=\"wp-image-4145\" srcset=\"https:\/\/gus.no\/blogg\/wp-content\/uploads\/2020\/02\/IMG_6707-1024x768.jpg 1024w, https:\/\/gus.no\/blogg\/wp-content\/uploads\/2020\/02\/IMG_6707-300x225.jpg 300w, https:\/\/gus.no\/blogg\/wp-content\/uploads\/2020\/02\/IMG_6707-768x576.jpg 768w, https:\/\/gus.no\/blogg\/wp-content\/uploads\/2020\/02\/IMG_6707-1200x900.jpg 1200w, https:\/\/gus.no\/blogg\/wp-content\/uploads\/2020\/02\/IMG_6707-1860x1395.jpg 1860w\" sizes=\"(max-width: 1024px) 100vw, 1024px\" \/><\/figure><\/li><li class=\"blocks-gallery-item\"><figure><img loading=\"lazy\" decoding=\"async\" width=\"1024\" height=\"768\" src=\"http:\/\/gus.no\/blogg\/wp-content\/uploads\/2020\/02\/IMG_6708-1024x768.jpg\" alt=\"\" data-id=\"4148\" data-link=\"http:\/\/gus.no\/blogg\/?attachment_id=4148\" class=\"wp-image-4148\" srcset=\"https:\/\/gus.no\/blogg\/wp-content\/uploads\/2020\/02\/IMG_6708-1024x768.jpg 1024w, https:\/\/gus.no\/blogg\/wp-content\/uploads\/2020\/02\/IMG_6708-300x225.jpg 300w, https:\/\/gus.no\/blogg\/wp-content\/uploads\/2020\/02\/IMG_6708-768x576.jpg 768w, https:\/\/gus.no\/blogg\/wp-content\/uploads\/2020\/02\/IMG_6708-1200x900.jpg 1200w, https:\/\/gus.no\/blogg\/wp-content\/uploads\/2020\/02\/IMG_6708-1860x1395.jpg 1860w\" sizes=\"(max-width: 1024px) 100vw, 1024px\" \/><\/figure><\/li><li class=\"blocks-gallery-item\"><figure><img loading=\"lazy\" decoding=\"async\" width=\"1024\" height=\"768\" src=\"http:\/\/gus.no\/blogg\/wp-content\/uploads\/2020\/02\/IMG_6136-1024x768.jpg\" alt=\"\" data-id=\"4154\" data-link=\"http:\/\/gus.no\/blogg\/?attachment_id=4154\" class=\"wp-image-4154\" srcset=\"https:\/\/gus.no\/blogg\/wp-content\/uploads\/2020\/02\/IMG_6136-1024x768.jpg 1024w, https:\/\/gus.no\/blogg\/wp-content\/uploads\/2020\/02\/IMG_6136-300x225.jpg 300w, https:\/\/gus.no\/blogg\/wp-content\/uploads\/2020\/02\/IMG_6136-768x576.jpg 768w, https:\/\/gus.no\/blogg\/wp-content\/uploads\/2020\/02\/IMG_6136-1200x900.jpg 1200w, https:\/\/gus.no\/blogg\/wp-content\/uploads\/2020\/02\/IMG_6136-1860x1395.jpg 1860w\" sizes=\"(max-width: 1024px) 100vw, 1024px\" \/><\/figure><\/li><\/ul>\n\n\n\n<p>I friminuttene f\u00e5r vi mulighet til \u00e5 leke med barna. Det g\u00e5r mye i hopping fra en mur eller husking, og noen ganger er de ivrige p\u00e5 \u00e5 l\u00e6re oss nye spanske ord eller \u00e5 l\u00e6re hva ting er p\u00e5 engelsk. Uansett hva vi gj\u00f8r er klemming og fysisk kontakt veldig viktig for barna. <\/p>\n\n\n\n<ul class=\"wp-block-gallery columns-3 is-cropped wp-block-gallery-2 is-layout-flex wp-block-gallery-is-layout-flex\"><li class=\"blocks-gallery-item\"><figure><img loading=\"lazy\" decoding=\"async\" width=\"768\" height=\"1024\" src=\"http:\/\/gus.no\/blogg\/wp-content\/uploads\/2020\/02\/IMG_6965-768x1024.jpg\" alt=\"\" data-id=\"4149\" data-link=\"http:\/\/gus.no\/blogg\/?attachment_id=4149\" class=\"wp-image-4149\" srcset=\"https:\/\/gus.no\/blogg\/wp-content\/uploads\/2020\/02\/IMG_6965-768x1024.jpg 768w, https:\/\/gus.no\/blogg\/wp-content\/uploads\/2020\/02\/IMG_6965-225x300.jpg 225w, https:\/\/gus.no\/blogg\/wp-content\/uploads\/2020\/02\/IMG_6965-1200x1600.jpg 1200w, https:\/\/gus.no\/blogg\/wp-content\/uploads\/2020\/02\/IMG_6965-1860x2480.jpg 1860w\" sizes=\"(max-width: 768px) 100vw, 768px\" \/><\/figure><\/li><li class=\"blocks-gallery-item\"><figure><img loading=\"lazy\" decoding=\"async\" width=\"1024\" height=\"768\" src=\"http:\/\/gus.no\/blogg\/wp-content\/uploads\/2020\/02\/IMG_6419-1024x768.jpg\" alt=\"\" data-id=\"4153\" data-link=\"http:\/\/gus.no\/blogg\/?attachment_id=4153\" class=\"wp-image-4153\" srcset=\"https:\/\/gus.no\/blogg\/wp-content\/uploads\/2020\/02\/IMG_6419-1024x768.jpg 1024w, https:\/\/gus.no\/blogg\/wp-content\/uploads\/2020\/02\/IMG_6419-300x225.jpg 300w, https:\/\/gus.no\/blogg\/wp-content\/uploads\/2020\/02\/IMG_6419-768x576.jpg 768w, https:\/\/gus.no\/blogg\/wp-content\/uploads\/2020\/02\/IMG_6419-1200x900.jpg 1200w, https:\/\/gus.no\/blogg\/wp-content\/uploads\/2020\/02\/IMG_6419-1860x1395.jpg 1860w\" sizes=\"(max-width: 1024px) 100vw, 1024px\" \/><\/figure><\/li><li class=\"blocks-gallery-item\"><figure><img loading=\"lazy\" decoding=\"async\" width=\"768\" height=\"1024\" src=\"http:\/\/gus.no\/blogg\/wp-content\/uploads\/2020\/02\/KKTV2527-1-768x1024.jpg\" alt=\"\" data-id=\"4157\" data-link=\"http:\/\/gus.no\/blogg\/?attachment_id=4157\" class=\"wp-image-4157\" srcset=\"https:\/\/gus.no\/blogg\/wp-content\/uploads\/2020\/02\/KKTV2527-1-768x1024.jpg 768w, https:\/\/gus.no\/blogg\/wp-content\/uploads\/2020\/02\/KKTV2527-1-225x300.jpg 225w, https:\/\/gus.no\/blogg\/wp-content\/uploads\/2020\/02\/KKTV2527-1-1200x1600.jpg 1200w, https:\/\/gus.no\/blogg\/wp-content\/uploads\/2020\/02\/KKTV2527-1-1860x2480.jpg 1860w\" sizes=\"(max-width: 768px) 100vw, 768px\" \/><\/figure><\/li><\/ul>\n\n\n\n<p>Ellers blir vi bedre og bedre kjent med l\u00e6rerne p\u00e5 skolen. De inviterer oss hjem og tar oss gjerne med p\u00e5 lange bilturer for \u00e5 vise landet de er s\u00e5 stolte av. Vi har begge f\u00e5tt pr\u00f8vd \u00e5 kj\u00f8re bil her, med biler som gjerne hadde havnet p\u00e5 skraphaugen i Norge og med veier som har store humper der der du minst venter det. <\/p>\n\n\n\n<p><strong>Tambo-dagene<\/strong><\/p>\n\n\n\n<p>Er det noe ecuadorianere er glade i, s\u00e5 er det parader. I hele Januar har det v\u00e6rt store arrangement og parader i nabobyen Tambo, s\u00e5kalt Tambo-dagene. Rektor p\u00e5 skolen har tatt oss med p\u00e5 opp til flere parader og en skj\u00f8nnhetskonkurranse (som viste seg \u00e5 i st\u00f8rre grad v\u00e6re en spesiell dansekonkurranse). Hver skole i byen har i hele Desember og Januar \u00f8vd p\u00e5 dans og korpsmusikk som de skulle fremf\u00f8re i paraden. <\/p>\n\n\n\n<ul class=\"wp-block-gallery columns-1 is-cropped wp-block-gallery-3 is-layout-flex wp-block-gallery-is-layout-flex\"><li class=\"blocks-gallery-item\"><figure><img loading=\"lazy\" decoding=\"async\" width=\"1024\" height=\"1024\" src=\"http:\/\/gus.no\/blogg\/wp-content\/uploads\/2020\/02\/KGHR8808-1024x1024.jpg\" alt=\"\" data-id=\"4155\" data-link=\"http:\/\/gus.no\/blogg\/?attachment_id=4155\" class=\"wp-image-4155\" srcset=\"https:\/\/gus.no\/blogg\/wp-content\/uploads\/2020\/02\/KGHR8808-1024x1024.jpg 1024w, https:\/\/gus.no\/blogg\/wp-content\/uploads\/2020\/02\/KGHR8808-150x150.jpg 150w, https:\/\/gus.no\/blogg\/wp-content\/uploads\/2020\/02\/KGHR8808-300x300.jpg 300w, https:\/\/gus.no\/blogg\/wp-content\/uploads\/2020\/02\/KGHR8808-768x768.jpg 768w, https:\/\/gus.no\/blogg\/wp-content\/uploads\/2020\/02\/KGHR8808-1200x1200.jpg 1200w, https:\/\/gus.no\/blogg\/wp-content\/uploads\/2020\/02\/KGHR8808.jpg 1440w\" sizes=\"(max-width: 1024px) 100vw, 1024px\" \/><\/figure><\/li><\/ul>\n\n\n\n<p>Selv om det utenifra kan se ut som en folkefest, har denne tradisjonen ogs\u00e5 negative sider. For at nok elever skal delta, har skolen gjort det obligatorisk \u00e5 g\u00e5 i paradene. Det kunne i utgangspunktet v\u00e6rt helt greit. Problemet er at barna trenger kostymer for \u00e5 g\u00e5, dette m\u00e5 familien s\u00f8rge for \u00e5 f\u00e5 tak i selv. For mange av familiene som har barna sine p\u00e5 skolen blir dette sv\u00e6rt dyrt. Mange lever gjerne bare av et lite jordbruk som eneste inntektskilde.  For at de da skal f\u00e5 r\u00e5d til disse kostymene m\u00e5 de selge noen av de f\u00e5 husdyra de eier for \u00e5 f\u00e5 nok penger. <\/p>\n\n\n\n<p>Dette visste vi ingenting om f\u00f8r etter paradene var over. Vi storkoste oss n\u00e5r vi p\u00e5 en av paradene. Vi leide tradisjonelle ecuadorianske kl\u00e6r og fikk g\u00e5 i parade sammen med skolen vi jobber p\u00e5. Vi fikk nok en gang kjenne p\u00e5 f\u00f8lelsen av \u00e5 v\u00e6re kjendiser, da flere ukjente \u00f8nsket \u00e5 ta bilder sammen med oss. Det er ikke s\u00e5 vanlig \u00e5 se hvite her, eller &laquo;gringos&raquo; som de kaller oss. S\u00e6rlig ikke hvite med ecuadorianske kl\u00e6r.<\/p>\n\n\n\n<ul class=\"wp-block-gallery columns-2 is-cropped wp-block-gallery-4 is-layout-flex wp-block-gallery-is-layout-flex\"><li class=\"blocks-gallery-item\"><figure><img loading=\"lazy\" decoding=\"async\" width=\"1024\" height=\"1024\" src=\"http:\/\/gus.no\/blogg\/wp-content\/uploads\/2020\/02\/CDTT6081-1024x1024.jpg\" alt=\"\" data-id=\"4158\" data-link=\"http:\/\/gus.no\/blogg\/?attachment_id=4158\" class=\"wp-image-4158\" srcset=\"https:\/\/gus.no\/blogg\/wp-content\/uploads\/2020\/02\/CDTT6081-1024x1024.jpg 1024w, https:\/\/gus.no\/blogg\/wp-content\/uploads\/2020\/02\/CDTT6081-150x150.jpg 150w, https:\/\/gus.no\/blogg\/wp-content\/uploads\/2020\/02\/CDTT6081-300x300.jpg 300w, https:\/\/gus.no\/blogg\/wp-content\/uploads\/2020\/02\/CDTT6081-768x768.jpg 768w, https:\/\/gus.no\/blogg\/wp-content\/uploads\/2020\/02\/CDTT6081-1200x1200.jpg 1200w, https:\/\/gus.no\/blogg\/wp-content\/uploads\/2020\/02\/CDTT6081.jpg 1440w\" sizes=\"(max-width: 1024px) 100vw, 1024px\" \/><\/figure><\/li><li class=\"blocks-gallery-item\"><figure><img loading=\"lazy\" decoding=\"async\" width=\"1024\" height=\"769\" src=\"http:\/\/gus.no\/blogg\/wp-content\/uploads\/2020\/02\/IMG_6455-1024x769.jpg\" alt=\"\" data-id=\"4159\" data-link=\"http:\/\/gus.no\/blogg\/?attachment_id=4159\" class=\"wp-image-4159\" srcset=\"https:\/\/gus.no\/blogg\/wp-content\/uploads\/2020\/02\/IMG_6455-1024x769.jpg 1024w, https:\/\/gus.no\/blogg\/wp-content\/uploads\/2020\/02\/IMG_6455-300x225.jpg 300w, https:\/\/gus.no\/blogg\/wp-content\/uploads\/2020\/02\/IMG_6455-768x577.jpg 768w, https:\/\/gus.no\/blogg\/wp-content\/uploads\/2020\/02\/IMG_6455-1200x902.jpg 1200w, https:\/\/gus.no\/blogg\/wp-content\/uploads\/2020\/02\/IMG_6455-1860x1397.jpg 1860w\" sizes=\"(max-width: 1024px) 100vw, 1024px\" \/><\/figure><\/li><\/ul>\n\n\n\n<p>Her oppe i fjellene er det sv\u00e6rt lite turstier. Derfor f\u00e5r vi som regel noen blikk n\u00e5r vi g\u00e5r i gatene. Det er heller ingen norm som sier at man ikke skal stirre, s\u00e5 folk stirrer i vei uten \u00e5 pr\u00f8ve \u00e5 skjule det. Ofte n\u00e5r vi g\u00e5r ute i gata er det gjerne folk som \u00f8nsker \u00e5 sl\u00e5 av en prat, og noen nevner gjerne de f\u00e5 engelske ordene de kan for \u00e5 skryte litt.<\/p>\n\n\n\n<h2 class=\"wp-block-heading\"><strong>Bibelskole neste \u00e5r?<\/strong><\/h2>\n\n\n\n<p>Inntaket for neste skole\u00e5r er godt i gang!&nbsp;<a href=\"http:\/\/www.gus.no\/\">Sjekk ut de ulike linjene og s\u00f8k om plass i dag.<\/a><\/p>\n","protected":false},"excerpt":{"rendered":"<p>Gleden som str\u00e5ler av barna n\u00e5r vi kommer inn i et klasserom er helt spesiell. Noen ganger rekker vi s\u00e5 vidt \u00e5 komme oss inn i klasserommet f\u00f8r hele klassen har samlet seg rundt oss og gir oss en stor gruppeklem. <\/p>\n","protected":false},"author":33,"featured_media":4161,"comment_status":"open","ping_status":"open","sticky":false,"template":"","format":"standard","meta":{"_exactmetrics_skip_tracking":false,"_exactmetrics_sitenote_active":false,"_exactmetrics_sitenote_note":"","_exactmetrics_sitenote_category":0,"footnotes":""},"categories":[30,12,1],"tags":[],"class_list":["post-4097","post","type-post","status-publish","format-standard","has-post-thumbnail","hentry","category-ecuador","category-global-disippel","category-ukategorisert","has-thumbnail"],"yoast_head":"<!-- This site is optimized with the Yoast SEO plugin v23.5 - https:\/\/yoast.com\/wordpress\/plugins\/seo\/ -->\n<title>En hverdag full av glede - Blogg<\/title>\n<meta name=\"robots\" content=\"index, follow, max-snippet:-1, max-image-preview:large, max-video-preview:-1\" \/>\n<link rel=\"canonical\" href=\"https:\/\/gus.no\/blogg\/en-hverdag-full-av-glede\/\" \/>\n<meta property=\"og:locale\" content=\"nb_NO\" \/>\n<meta property=\"og:type\" content=\"article\" \/>\n<meta property=\"og:title\" content=\"En hverdag full av glede - Blogg\" \/>\n<meta property=\"og:description\" content=\"Gleden som str\u00e5ler av barna n\u00e5r vi kommer inn i et klasserom er helt spesiell. Noen ganger rekker vi s\u00e5 vidt \u00e5 komme oss inn i klasserommet f\u00f8r hele klassen har samlet seg rundt oss og gir oss en stor gruppeklem.\" \/>\n<meta property=\"og:url\" content=\"https:\/\/gus.no\/blogg\/en-hverdag-full-av-glede\/\" \/>\n<meta property=\"og:site_name\" content=\"Blogg\" \/>\n<meta property=\"article:publisher\" content=\"http:\/\/www.facebook.com\/gaautsenteret\" \/>\n<meta property=\"article:published_time\" content=\"2020-02-18T13:48:32+00:00\" \/>\n<meta property=\"article:modified_time\" content=\"2021-06-29T12:36:09+00:00\" \/>\n<meta property=\"og:image\" content=\"https:\/\/gus.no\/blogg\/wp-content\/uploads\/2020\/02\/AOEEE5419-1.jpg\" \/>\n\t<meta property=\"og:image:width\" content=\"4032\" \/>\n\t<meta property=\"og:image:height\" content=\"3024\" \/>\n\t<meta property=\"og:image:type\" content=\"image\/jpeg\" \/>\n<meta name=\"author\" content=\"Team Ecuador (Global disippel 2019\/2020)\" \/>\n<meta name=\"twitter:card\" content=\"summary_large_image\" \/>\n<meta name=\"twitter:label1\" content=\"Skrevet av\" \/>\n\t<meta name=\"twitter:data1\" content=\"Team Ecuador (Global disippel 2019\/2020)\" \/>\n\t<meta name=\"twitter:label2\" content=\"Ansl. lesetid\" \/>\n\t<meta name=\"twitter:data2\" content=\"3 minutter\" \/>\n<script type=\"application\/ld+json\" class=\"yoast-schema-graph\">{\"@context\":\"https:\/\/schema.org\",\"@graph\":[{\"@type\":\"WebPage\",\"@id\":\"https:\/\/gus.no\/blogg\/en-hverdag-full-av-glede\/\",\"url\":\"https:\/\/gus.no\/blogg\/en-hverdag-full-av-glede\/\",\"name\":\"En hverdag full av glede - Blogg\",\"isPartOf\":{\"@id\":\"https:\/\/gus.no\/blogg\/#website\"},\"primaryImageOfPage\":{\"@id\":\"https:\/\/gus.no\/blogg\/en-hverdag-full-av-glede\/#primaryimage\"},\"image\":{\"@id\":\"https:\/\/gus.no\/blogg\/en-hverdag-full-av-glede\/#primaryimage\"},\"thumbnailUrl\":\"https:\/\/gus.no\/blogg\/wp-content\/uploads\/2020\/02\/AOEEE5419-1.jpg\",\"datePublished\":\"2020-02-18T13:48:32+00:00\",\"dateModified\":\"2021-06-29T12:36:09+00:00\",\"author\":{\"@id\":\"https:\/\/gus.no\/blogg\/#\/schema\/person\/6f3963ed1f54bc47fcef903b43533820\"},\"breadcrumb\":{\"@id\":\"https:\/\/gus.no\/blogg\/en-hverdag-full-av-glede\/#breadcrumb\"},\"inLanguage\":\"nb-NO\",\"potentialAction\":[{\"@type\":\"ReadAction\",\"target\":[\"https:\/\/gus.no\/blogg\/en-hverdag-full-av-glede\/\"]}]},{\"@type\":\"ImageObject\",\"inLanguage\":\"nb-NO\",\"@id\":\"https:\/\/gus.no\/blogg\/en-hverdag-full-av-glede\/#primaryimage\",\"url\":\"https:\/\/gus.no\/blogg\/wp-content\/uploads\/2020\/02\/AOEEE5419-1.jpg\",\"contentUrl\":\"https:\/\/gus.no\/blogg\/wp-content\/uploads\/2020\/02\/AOEEE5419-1.jpg\",\"width\":4032,\"height\":3024},{\"@type\":\"BreadcrumbList\",\"@id\":\"https:\/\/gus.no\/blogg\/en-hverdag-full-av-glede\/#breadcrumb\",\"itemListElement\":[{\"@type\":\"ListItem\",\"position\":1,\"name\":\"Hjem\",\"item\":\"https:\/\/gus.no\/blogg\/\"},{\"@type\":\"ListItem\",\"position\":2,\"name\":\"En hverdag full av glede\"}]},{\"@type\":\"WebSite\",\"@id\":\"https:\/\/gus.no\/blogg\/#website\",\"url\":\"https:\/\/gus.no\/blogg\/\",\"name\":\"Blogg\",\"description\":\"G\u00e5 Ut Senteret\",\"potentialAction\":[{\"@type\":\"SearchAction\",\"target\":{\"@type\":\"EntryPoint\",\"urlTemplate\":\"https:\/\/gus.no\/blogg\/?s={search_term_string}\"},\"query-input\":{\"@type\":\"PropertyValueSpecification\",\"valueRequired\":true,\"valueName\":\"search_term_string\"}}],\"inLanguage\":\"nb-NO\"},{\"@type\":\"Person\",\"@id\":\"https:\/\/gus.no\/blogg\/#\/schema\/person\/6f3963ed1f54bc47fcef903b43533820\",\"name\":\"Team Ecuador (Global disippel 2019\/2020)\",\"url\":\"https:\/\/gus.no\/blogg\/author\/sylvelin\/\"}]}<\/script>\n<!-- \/ Yoast SEO plugin. -->","yoast_head_json":{"title":"En hverdag full av glede - Blogg","robots":{"index":"index","follow":"follow","max-snippet":"max-snippet:-1","max-image-preview":"max-image-preview:large","max-video-preview":"max-video-preview:-1"},"canonical":"https:\/\/gus.no\/blogg\/en-hverdag-full-av-glede\/","og_locale":"nb_NO","og_type":"article","og_title":"En hverdag full av glede - Blogg","og_description":"Gleden som str\u00e5ler av barna n\u00e5r vi kommer inn i et klasserom er helt spesiell. Noen ganger rekker vi s\u00e5 vidt \u00e5 komme oss inn i klasserommet f\u00f8r hele klassen har samlet seg rundt oss og gir oss en stor gruppeklem.","og_url":"https:\/\/gus.no\/blogg\/en-hverdag-full-av-glede\/","og_site_name":"Blogg","article_publisher":"http:\/\/www.facebook.com\/gaautsenteret","article_published_time":"2020-02-18T13:48:32+00:00","article_modified_time":"2021-06-29T12:36:09+00:00","og_image":[{"width":4032,"height":3024,"url":"https:\/\/gus.no\/blogg\/wp-content\/uploads\/2020\/02\/AOEEE5419-1.jpg","type":"image\/jpeg"}],"author":"Team Ecuador (Global disippel 2019\/2020)","twitter_card":"summary_large_image","twitter_misc":{"Skrevet av":"Team Ecuador (Global disippel 2019\/2020)","Ansl. lesetid":"3 minutter"},"schema":{"@context":"https:\/\/schema.org","@graph":[{"@type":"WebPage","@id":"https:\/\/gus.no\/blogg\/en-hverdag-full-av-glede\/","url":"https:\/\/gus.no\/blogg\/en-hverdag-full-av-glede\/","name":"En hverdag full av glede - Blogg","isPartOf":{"@id":"https:\/\/gus.no\/blogg\/#website"},"primaryImageOfPage":{"@id":"https:\/\/gus.no\/blogg\/en-hverdag-full-av-glede\/#primaryimage"},"image":{"@id":"https:\/\/gus.no\/blogg\/en-hverdag-full-av-glede\/#primaryimage"},"thumbnailUrl":"https:\/\/gus.no\/blogg\/wp-content\/uploads\/2020\/02\/AOEEE5419-1.jpg","datePublished":"2020-02-18T13:48:32+00:00","dateModified":"2021-06-29T12:36:09+00:00","author":{"@id":"https:\/\/gus.no\/blogg\/#\/schema\/person\/6f3963ed1f54bc47fcef903b43533820"},"breadcrumb":{"@id":"https:\/\/gus.no\/blogg\/en-hverdag-full-av-glede\/#breadcrumb"},"inLanguage":"nb-NO","potentialAction":[{"@type":"ReadAction","target":["https:\/\/gus.no\/blogg\/en-hverdag-full-av-glede\/"]}]},{"@type":"ImageObject","inLanguage":"nb-NO","@id":"https:\/\/gus.no\/blogg\/en-hverdag-full-av-glede\/#primaryimage","url":"https:\/\/gus.no\/blogg\/wp-content\/uploads\/2020\/02\/AOEEE5419-1.jpg","contentUrl":"https:\/\/gus.no\/blogg\/wp-content\/uploads\/2020\/02\/AOEEE5419-1.jpg","width":4032,"height":3024},{"@type":"BreadcrumbList","@id":"https:\/\/gus.no\/blogg\/en-hverdag-full-av-glede\/#breadcrumb","itemListElement":[{"@type":"ListItem","position":1,"name":"Hjem","item":"https:\/\/gus.no\/blogg\/"},{"@type":"ListItem","position":2,"name":"En hverdag full av glede"}]},{"@type":"WebSite","@id":"https:\/\/gus.no\/blogg\/#website","url":"https:\/\/gus.no\/blogg\/","name":"Blogg","description":"G\u00e5 Ut Senteret","potentialAction":[{"@type":"SearchAction","target":{"@type":"EntryPoint","urlTemplate":"https:\/\/gus.no\/blogg\/?s={search_term_string}"},"query-input":{"@type":"PropertyValueSpecification","valueRequired":true,"valueName":"search_term_string"}}],"inLanguage":"nb-NO"},{"@type":"Person","@id":"https:\/\/gus.no\/blogg\/#\/schema\/person\/6f3963ed1f54bc47fcef903b43533820","name":"Team Ecuador (Global disippel 2019\/2020)","url":"https:\/\/gus.no\/blogg\/author\/sylvelin\/"}]}},"_links":{"self":[{"href":"https:\/\/gus.no\/blogg\/wp-json\/wp\/v2\/posts\/4097"}],"collection":[{"href":"https:\/\/gus.no\/blogg\/wp-json\/wp\/v2\/posts"}],"about":[{"href":"https:\/\/gus.no\/blogg\/wp-json\/wp\/v2\/types\/post"}],"author":[{"embeddable":true,"href":"https:\/\/gus.no\/blogg\/wp-json\/wp\/v2\/users\/33"}],"replies":[{"embeddable":true,"href":"https:\/\/gus.no\/blogg\/wp-json\/wp\/v2\/comments?post=4097"}],"version-history":[{"count":6,"href":"https:\/\/gus.no\/blogg\/wp-json\/wp\/v2\/posts\/4097\/revisions"}],"predecessor-version":[{"id":5380,"href":"https:\/\/gus.no\/blogg\/wp-json\/wp\/v2\/posts\/4097\/revisions\/5380"}],"wp:featuredmedia":[{"embeddable":true,"href":"https:\/\/gus.no\/blogg\/wp-json\/wp\/v2\/media\/4161"}],"wp:attachment":[{"href":"https:\/\/gus.no\/blogg\/wp-json\/wp\/v2\/media?parent=4097"}],"wp:term":[{"taxonomy":"category","embeddable":true,"href":"https:\/\/gus.no\/blogg\/wp-json\/wp\/v2\/categories?post=4097"},{"taxonomy":"post_tag","embeddable":true,"href":"https:\/\/gus.no\/blogg\/wp-json\/wp\/v2\/tags?post=4097"}],"curies":[{"name":"wp","href":"https:\/\/api.w.org\/{rel}","templated":true}]}}