{"id":42,"date":"2017-08-01T14:36:52","date_gmt":"2017-08-01T12:36:52","guid":{"rendered":"http:\/\/gus.no\/blogg\/?p=42"},"modified":"2017-11-09T22:30:15","modified_gmt":"2017-11-09T21:30:15","slug":"storste-gutteandel-pa-20-ar","status":"publish","type":"post","link":"https:\/\/gus.no\/blogg\/storste-gutteandel-pa-20-ar\/","title":{"rendered":"St\u00f8rste gutteandel p\u00e5 20 \u00e5r"},"content":{"rendered":"<p class=\"pull left\">&laquo;G\u00e5 Ut Senteret har kanskje verdens flotteste jenter! Men&#8230;&raquo;<\/p>\n<p>G\u00e5 Ut Senteret har kanskje verdens flotteste jenter! Men f\u00f8r skolestart denne h\u00f8sten er det andelen gutter vi gleder oss mest over.<\/p>\n<p>N\u00e5r jeg teller gutta p\u00e5 oversikten over studentene som er klare for G\u00e5 Ut Senteret om dr\u00f8ye to uker, ser det ganske annerledes ut enn for b\u00e5de ett og to \u00e5r siden. Faktisk er andelen gutter st\u00f8rre enn p\u00e5 minst 20 \u00e5r!<\/p>\n<blockquote><p>&laquo;Bare tre ganger tidligere de siste 20 \u00e5rene har det g\u00e5tt flere gutter p\u00e5 G\u00e5 Ut Senteret.&raquo;<\/p><\/blockquote>\n<p>Blant de 35 som hittil har takket ja til plass hos oss, er ti av dem gutter.\u00a0Bare tre ganger tidligere de siste 20 \u00e5rene har det g\u00e5tt flere gutter p\u00e5 G\u00e5 Ut Senteret, men da har det totale studenttallet v\u00e6rt st\u00f8rre.\u00a0Til sammenligning var det tre gutter i 2015\/2016 og seks gutter i 2016\/2017.<\/p>\n<p>Det har lenge v\u00e6rt flere jenter enn gutter p\u00e5 G\u00e5 Ut Senteret, ogs\u00e5 n\u00e5r vi g\u00e5r langt tilbake i tid. Kanskje er det et \u00f8nske om \u00e5 bety noe for andre som gj\u00f8r det? Eller er det et h\u00f8yere modenhetsniv\u00e5 som sl\u00e5r inn tidligere for jentene enn for oss gutta?<\/p>\n<div id='gallery-1' class='gallery galleryid-42 gallery-columns-2 gallery-size-large'><figure class='gallery-item'>\n\t\t\t<div class='gallery-icon portrait'>\n\t\t\t\t<img loading=\"lazy\" decoding=\"async\" width=\"560\" height=\"994\" src=\"https:\/\/gus.no\/blogg\/wp-content\/uploads\/2017\/08\/20151121_104109-e1501593991216-577x1024.jpg\" class=\"attachment-large size-large\" alt=\"\" srcset=\"https:\/\/gus.no\/blogg\/wp-content\/uploads\/2017\/08\/20151121_104109-e1501593991216-577x1024.jpg 577w, https:\/\/gus.no\/blogg\/wp-content\/uploads\/2017\/08\/20151121_104109-e1501593991216-169x300.jpg 169w, https:\/\/gus.no\/blogg\/wp-content\/uploads\/2017\/08\/20151121_104109-e1501593991216-768x1363.jpg 768w, https:\/\/gus.no\/blogg\/wp-content\/uploads\/2017\/08\/20151121_104109-e1501593991216-1200x2129.jpg 1200w, https:\/\/gus.no\/blogg\/wp-content\/uploads\/2017\/08\/20151121_104109-e1501593991216-1860x3300.jpg 1860w, https:\/\/gus.no\/blogg\/wp-content\/uploads\/2017\/08\/20151121_104109-e1501593991216.jpg 2023w\" sizes=\"(max-width: 560px) 100vw, 560px\" \/>\n\t\t\t<\/div><\/figure><figure class='gallery-item'>\n\t\t\t<div class='gallery-icon portrait'>\n\t\t\t\t<img loading=\"lazy\" decoding=\"async\" width=\"560\" height=\"994\" src=\"https:\/\/gus.no\/blogg\/wp-content\/uploads\/2017\/08\/20160113_160852-e1501593953821-577x1024.jpg\" class=\"attachment-large size-large\" alt=\"\" srcset=\"https:\/\/gus.no\/blogg\/wp-content\/uploads\/2017\/08\/20160113_160852-e1501593953821-577x1024.jpg 577w, https:\/\/gus.no\/blogg\/wp-content\/uploads\/2017\/08\/20160113_160852-e1501593953821-169x300.jpg 169w, https:\/\/gus.no\/blogg\/wp-content\/uploads\/2017\/08\/20160113_160852-e1501593953821-768x1363.jpg 768w, https:\/\/gus.no\/blogg\/wp-content\/uploads\/2017\/08\/20160113_160852-e1501593953821-1200x2129.jpg 1200w, https:\/\/gus.no\/blogg\/wp-content\/uploads\/2017\/08\/20160113_160852-e1501593953821-1860x3300.jpg 1860w, https:\/\/gus.no\/blogg\/wp-content\/uploads\/2017\/08\/20160113_160852-e1501593953821.jpg 2019w\" sizes=\"(max-width: 560px) 100vw, 560px\" \/>\n\t\t\t<\/div><\/figure>\n\t\t<\/div>\n\n<p>Sannsynligvis ligger mye av \u00e5rsaken i selve tilbudet v\u00e5rt. I l\u00f8pet av det siste \u00e5ret har vi spesielt hatt fokus p\u00e5 hvordan vi kan legge til rette for gutter p\u00e5 G\u00e5 Ut Senteret. Her er noe av det som\u00a0<em>kanskje<\/em> er suksessfaktorene:<\/p>\n<ol>\n<li><strong>KRIK, GUS fotball og menighet<\/strong><br \/>\nSom student hos oss er du ikke bare sammen med folka som g\u00e5r p\u00e5 G\u00e5 Ut Senteret. Du er ogs\u00e5 med p\u00e5 ulike fritidsaktiviteter og involvert i menighet i Trondheim, f\u00f8r og etter utlandspraksis. I Trondheim er det mange andre gutter, og n\u00e5r storsalen i Salem menighet fylles hver l\u00f8rdagskveld, er det faktisk flere gutter enn jenter.<\/li>\n<li><strong>Mannlige l\u00e6rere<\/strong><br \/>\nN\u00e5r vi har rekruttert l\u00e6rere det siste \u00e5ret, har begge v\u00e5re ansettelser v\u00e6rt menn. Kanskje litt tilfeldig, men ogs\u00e5 med et \u00f8nske om \u00e5 gj\u00f8re det lettere for gutter \u00e5 g\u00e5 hos oss. B\u00e5de Einar, Lars Olav og meg selv gleder oss til \u00e5 g\u00e5 i gang med et nytt kull med mange gutter &#8211; og jenter. \ud83d\ude42<\/li>\n<li><strong>Utlandspraksis for gutter<\/strong><br \/>\nP\u00e5st\u00e5r jeg at det finnes oppgaver som er bedre egnet for gutter enn jenter &#8211; og motsatt? Tja&#8230; Kanskje ikke konsekvent, men jeg tror praksismulighetene v\u00e5re i utlandet har rekruttert flere jenter enn gutter. I land med begrenset bruk av engelsk spr\u00e5k (eller spansk) er det ofte arbeid med barn som er lettest \u00e5 gjennomf\u00f8re, og da f\u00e5r vi mange jenter blant s\u00f8kerne. Vi har fokus p\u00e5 \u00e5 tilrettelegge praksisplasser som er attraktive for gutter, og skal jobbe enn\u00e5 mer med det fremover.<\/li>\n<\/ol>\n<p><strong>Velkommen til G\u00e5 Ut Senteret,\u00a0gutter!<\/strong><br \/>\n&#8211; og jenter. \ud83d\ude42<\/p>\n<div id='gallery-2' class='gallery galleryid-42 gallery-columns-1 gallery-size-full'><figure class='gallery-item'>\n\t\t\t<div class='gallery-icon landscape'>\n\t\t\t\t<img loading=\"lazy\" decoding=\"async\" width=\"1600\" height=\"1067\" src=\"https:\/\/gus.no\/blogg\/wp-content\/uploads\/2017\/08\/DSC01339.jpg\" class=\"attachment-full size-full\" alt=\"\" aria-describedby=\"gallery-2-46\" srcset=\"https:\/\/gus.no\/blogg\/wp-content\/uploads\/2017\/08\/DSC01339.jpg 1600w, https:\/\/gus.no\/blogg\/wp-content\/uploads\/2017\/08\/DSC01339-300x200.jpg 300w, https:\/\/gus.no\/blogg\/wp-content\/uploads\/2017\/08\/DSC01339-768x512.jpg 768w, https:\/\/gus.no\/blogg\/wp-content\/uploads\/2017\/08\/DSC01339-1024x683.jpg 1024w, https:\/\/gus.no\/blogg\/wp-content\/uploads\/2017\/08\/DSC01339-1200x800.jpg 1200w\" sizes=\"(max-width: 1600px) 100vw, 1600px\" \/>\n\t\t\t<\/div>\n\t\t\t\t<figcaption class='wp-caption-text gallery-caption' id='gallery-2-46'>\n\t\t\t\tEinar i fyr og flamme!\n\t\t\t\t<\/figcaption><\/figure>\n\t\t<\/div>\n\n","protected":false},"excerpt":{"rendered":"<p>Vi har mange flotte jenter p\u00e5 G\u00e5 Ut Senteret. Men dette \u00e5ret er andelen gutter st\u00f8rre enn p\u00e5 minst 20 \u00e5r.<\/p>\n","protected":false},"author":1,"featured_media":53,"comment_status":"open","ping_status":"open","sticky":false,"template":"","format":"standard","meta":{"_exactmetrics_skip_tracking":false,"_exactmetrics_sitenote_active":false,"_exactmetrics_sitenote_note":"","_exactmetrics_sitenote_category":0,"footnotes":""},"categories":[23],"tags":[],"class_list":["post-42","post","type-post","status-publish","format-standard","has-post-thumbnail","hentry","category-om-gus","has-thumbnail"],"yoast_head":"<!-- This site is optimized with the Yoast SEO plugin v23.5 - https:\/\/yoast.com\/wordpress\/plugins\/seo\/ -->\n<title>St\u00f8rste gutteandel p\u00e5 20 \u00e5r - Blogg<\/title>\n<meta name=\"robots\" content=\"index, follow, max-snippet:-1, max-image-preview:large, max-video-preview:-1\" \/>\n<link rel=\"canonical\" href=\"https:\/\/gus.no\/blogg\/storste-gutteandel-pa-20-ar\/\" \/>\n<meta property=\"og:locale\" content=\"nb_NO\" \/>\n<meta property=\"og:type\" content=\"article\" \/>\n<meta property=\"og:title\" content=\"St\u00f8rste gutteandel p\u00e5 20 \u00e5r - Blogg\" \/>\n<meta property=\"og:description\" content=\"Vi har mange flotte jenter p\u00e5 G\u00e5 Ut Senteret. Men dette \u00e5ret er andelen gutter st\u00f8rre enn p\u00e5 minst 20 \u00e5r.\" \/>\n<meta property=\"og:url\" content=\"https:\/\/gus.no\/blogg\/storste-gutteandel-pa-20-ar\/\" \/>\n<meta property=\"og:site_name\" content=\"Blogg\" \/>\n<meta property=\"article:publisher\" content=\"http:\/\/www.facebook.com\/gaautsenteret\" \/>\n<meta property=\"article:published_time\" content=\"2017-08-01T12:36:52+00:00\" \/>\n<meta property=\"article:modified_time\" content=\"2017-11-09T21:30:15+00:00\" \/>\n<meta property=\"og:image\" content=\"https:\/\/gus.no\/blogg\/wp-content\/uploads\/2017\/08\/20160224_131609-kopi.jpg\" \/>\n\t<meta property=\"og:image:width\" content=\"2011\" \/>\n\t<meta property=\"og:image:height\" content=\"1507\" \/>\n\t<meta property=\"og:image:type\" content=\"image\/jpeg\" \/>\n<meta name=\"author\" content=\"\u00d8rjan, rektor\" \/>\n<meta name=\"twitter:card\" content=\"summary_large_image\" \/>\n<meta name=\"twitter:label1\" content=\"Skrevet av\" \/>\n\t<meta name=\"twitter:data1\" content=\"\u00d8rjan, rektor\" \/>\n\t<meta name=\"twitter:label2\" content=\"Ansl. lesetid\" \/>\n\t<meta name=\"twitter:data2\" content=\"2 minutter\" \/>\n<script type=\"application\/ld+json\" class=\"yoast-schema-graph\">{\"@context\":\"https:\/\/schema.org\",\"@graph\":[{\"@type\":\"WebPage\",\"@id\":\"https:\/\/gus.no\/blogg\/storste-gutteandel-pa-20-ar\/\",\"url\":\"https:\/\/gus.no\/blogg\/storste-gutteandel-pa-20-ar\/\",\"name\":\"St\u00f8rste gutteandel p\u00e5 20 \u00e5r - Blogg\",\"isPartOf\":{\"@id\":\"http:\/\/gus.no\/blogg\/#website\"},\"primaryImageOfPage\":{\"@id\":\"https:\/\/gus.no\/blogg\/storste-gutteandel-pa-20-ar\/#primaryimage\"},\"image\":{\"@id\":\"https:\/\/gus.no\/blogg\/storste-gutteandel-pa-20-ar\/#primaryimage\"},\"thumbnailUrl\":\"https:\/\/gus.no\/blogg\/wp-content\/uploads\/2017\/08\/20160224_131609-kopi.jpg\",\"datePublished\":\"2017-08-01T12:36:52+00:00\",\"dateModified\":\"2017-11-09T21:30:15+00:00\",\"author\":{\"@id\":\"http:\/\/gus.no\/blogg\/#\/schema\/person\/f10cf271f76aa556fadb30c931d41d6b\"},\"breadcrumb\":{\"@id\":\"https:\/\/gus.no\/blogg\/storste-gutteandel-pa-20-ar\/#breadcrumb\"},\"inLanguage\":\"nb-NO\",\"potentialAction\":[{\"@type\":\"ReadAction\",\"target\":[\"https:\/\/gus.no\/blogg\/storste-gutteandel-pa-20-ar\/\"]}]},{\"@type\":\"ImageObject\",\"inLanguage\":\"nb-NO\",\"@id\":\"https:\/\/gus.no\/blogg\/storste-gutteandel-pa-20-ar\/#primaryimage\",\"url\":\"https:\/\/gus.no\/blogg\/wp-content\/uploads\/2017\/08\/20160224_131609-kopi.jpg\",\"contentUrl\":\"https:\/\/gus.no\/blogg\/wp-content\/uploads\/2017\/08\/20160224_131609-kopi.jpg\",\"width\":2011,\"height\":1507},{\"@type\":\"BreadcrumbList\",\"@id\":\"https:\/\/gus.no\/blogg\/storste-gutteandel-pa-20-ar\/#breadcrumb\",\"itemListElement\":[{\"@type\":\"ListItem\",\"position\":1,\"name\":\"Hjem\",\"item\":\"http:\/\/gus.no\/blogg\/\"},{\"@type\":\"ListItem\",\"position\":2,\"name\":\"St\u00f8rste gutteandel p\u00e5 20 \u00e5r\"}]},{\"@type\":\"WebSite\",\"@id\":\"http:\/\/gus.no\/blogg\/#website\",\"url\":\"http:\/\/gus.no\/blogg\/\",\"name\":\"Blogg\",\"description\":\"G\u00e5 Ut Senteret\",\"potentialAction\":[{\"@type\":\"SearchAction\",\"target\":{\"@type\":\"EntryPoint\",\"urlTemplate\":\"http:\/\/gus.no\/blogg\/?s={search_term_string}\"},\"query-input\":{\"@type\":\"PropertyValueSpecification\",\"valueRequired\":true,\"valueName\":\"search_term_string\"}}],\"inLanguage\":\"nb-NO\"},{\"@type\":\"Person\",\"@id\":\"http:\/\/gus.no\/blogg\/#\/schema\/person\/f10cf271f76aa556fadb30c931d41d6b\",\"name\":\"\u00d8rjan, rektor\",\"url\":\"https:\/\/gus.no\/blogg\/author\/otinnen\/\"}]}<\/script>\n<!-- \/ Yoast SEO plugin. -->","yoast_head_json":{"title":"St\u00f8rste gutteandel p\u00e5 20 \u00e5r - Blogg","robots":{"index":"index","follow":"follow","max-snippet":"max-snippet:-1","max-image-preview":"max-image-preview:large","max-video-preview":"max-video-preview:-1"},"canonical":"https:\/\/gus.no\/blogg\/storste-gutteandel-pa-20-ar\/","og_locale":"nb_NO","og_type":"article","og_title":"St\u00f8rste gutteandel p\u00e5 20 \u00e5r - Blogg","og_description":"Vi har mange flotte jenter p\u00e5 G\u00e5 Ut Senteret. Men dette \u00e5ret er andelen gutter st\u00f8rre enn p\u00e5 minst 20 \u00e5r.","og_url":"https:\/\/gus.no\/blogg\/storste-gutteandel-pa-20-ar\/","og_site_name":"Blogg","article_publisher":"http:\/\/www.facebook.com\/gaautsenteret","article_published_time":"2017-08-01T12:36:52+00:00","article_modified_time":"2017-11-09T21:30:15+00:00","og_image":[{"width":2011,"height":1507,"url":"https:\/\/gus.no\/blogg\/wp-content\/uploads\/2017\/08\/20160224_131609-kopi.jpg","type":"image\/jpeg"}],"author":"\u00d8rjan, rektor","twitter_card":"summary_large_image","twitter_misc":{"Skrevet av":"\u00d8rjan, rektor","Ansl. lesetid":"2 minutter"},"schema":{"@context":"https:\/\/schema.org","@graph":[{"@type":"WebPage","@id":"https:\/\/gus.no\/blogg\/storste-gutteandel-pa-20-ar\/","url":"https:\/\/gus.no\/blogg\/storste-gutteandel-pa-20-ar\/","name":"St\u00f8rste gutteandel p\u00e5 20 \u00e5r - Blogg","isPartOf":{"@id":"http:\/\/gus.no\/blogg\/#website"},"primaryImageOfPage":{"@id":"https:\/\/gus.no\/blogg\/storste-gutteandel-pa-20-ar\/#primaryimage"},"image":{"@id":"https:\/\/gus.no\/blogg\/storste-gutteandel-pa-20-ar\/#primaryimage"},"thumbnailUrl":"https:\/\/gus.no\/blogg\/wp-content\/uploads\/2017\/08\/20160224_131609-kopi.jpg","datePublished":"2017-08-01T12:36:52+00:00","dateModified":"2017-11-09T21:30:15+00:00","author":{"@id":"http:\/\/gus.no\/blogg\/#\/schema\/person\/f10cf271f76aa556fadb30c931d41d6b"},"breadcrumb":{"@id":"https:\/\/gus.no\/blogg\/storste-gutteandel-pa-20-ar\/#breadcrumb"},"inLanguage":"nb-NO","potentialAction":[{"@type":"ReadAction","target":["https:\/\/gus.no\/blogg\/storste-gutteandel-pa-20-ar\/"]}]},{"@type":"ImageObject","inLanguage":"nb-NO","@id":"https:\/\/gus.no\/blogg\/storste-gutteandel-pa-20-ar\/#primaryimage","url":"https:\/\/gus.no\/blogg\/wp-content\/uploads\/2017\/08\/20160224_131609-kopi.jpg","contentUrl":"https:\/\/gus.no\/blogg\/wp-content\/uploads\/2017\/08\/20160224_131609-kopi.jpg","width":2011,"height":1507},{"@type":"BreadcrumbList","@id":"https:\/\/gus.no\/blogg\/storste-gutteandel-pa-20-ar\/#breadcrumb","itemListElement":[{"@type":"ListItem","position":1,"name":"Hjem","item":"http:\/\/gus.no\/blogg\/"},{"@type":"ListItem","position":2,"name":"St\u00f8rste gutteandel p\u00e5 20 \u00e5r"}]},{"@type":"WebSite","@id":"http:\/\/gus.no\/blogg\/#website","url":"http:\/\/gus.no\/blogg\/","name":"Blogg","description":"G\u00e5 Ut Senteret","potentialAction":[{"@type":"SearchAction","target":{"@type":"EntryPoint","urlTemplate":"http:\/\/gus.no\/blogg\/?s={search_term_string}"},"query-input":{"@type":"PropertyValueSpecification","valueRequired":true,"valueName":"search_term_string"}}],"inLanguage":"nb-NO"},{"@type":"Person","@id":"http:\/\/gus.no\/blogg\/#\/schema\/person\/f10cf271f76aa556fadb30c931d41d6b","name":"\u00d8rjan, rektor","url":"https:\/\/gus.no\/blogg\/author\/otinnen\/"}]}},"_links":{"self":[{"href":"https:\/\/gus.no\/blogg\/wp-json\/wp\/v2\/posts\/42"}],"collection":[{"href":"https:\/\/gus.no\/blogg\/wp-json\/wp\/v2\/posts"}],"about":[{"href":"https:\/\/gus.no\/blogg\/wp-json\/wp\/v2\/types\/post"}],"author":[{"embeddable":true,"href":"https:\/\/gus.no\/blogg\/wp-json\/wp\/v2\/users\/1"}],"replies":[{"embeddable":true,"href":"https:\/\/gus.no\/blogg\/wp-json\/wp\/v2\/comments?post=42"}],"version-history":[{"count":6,"href":"https:\/\/gus.no\/blogg\/wp-json\/wp\/v2\/posts\/42\/revisions"}],"predecessor-version":[{"id":79,"href":"https:\/\/gus.no\/blogg\/wp-json\/wp\/v2\/posts\/42\/revisions\/79"}],"wp:featuredmedia":[{"embeddable":true,"href":"https:\/\/gus.no\/blogg\/wp-json\/wp\/v2\/media\/53"}],"wp:attachment":[{"href":"https:\/\/gus.no\/blogg\/wp-json\/wp\/v2\/media?parent=42"}],"wp:term":[{"taxonomy":"category","embeddable":true,"href":"https:\/\/gus.no\/blogg\/wp-json\/wp\/v2\/categories?post=42"},{"taxonomy":"post_tag","embeddable":true,"href":"https:\/\/gus.no\/blogg\/wp-json\/wp\/v2\/tags?post=42"}],"curies":[{"name":"wp","href":"https:\/\/api.w.org\/{rel}","templated":true}]}}