{"id":4564,"date":"2020-11-02T19:28:08","date_gmt":"2020-11-02T18:28:08","guid":{"rendered":"http:\/\/gus.no\/blogg\/?p=4564"},"modified":"2021-06-28T09:06:46","modified_gmt":"2021-06-28T07:06:46","slug":"vart-bilde-av-gud-og-guds-bilde-av-oss","status":"publish","type":"post","link":"https:\/\/gus.no\/blogg\/vart-bilde-av-gud-og-guds-bilde-av-oss\/","title":{"rendered":"V\u00e5rt bilde av Gud og Guds bilde av oss"},"content":{"rendered":"\n<p>Noen ganger kjennes Gud n\u00e6r, andre ganger helt fjern\u00a0for oss. Noen ganger skylder vi p\u00e5 Gud for alt som har g\u00e5tt galt i livene v\u00e5re, og noen ganger er vi s\u00e5 takknemlige til Gud at vi ikke kan holde tilbake gleden v\u00e5r. Noen ganger glemmer vi Gud helt, og andre ganger s\u00e5 inkluderer vi Han.\u00a0Noen ganger g\u00e5r vi til Gud for gode r\u00e5d, andre ganger liker vi \u00e5 v\u00e6re helt selvstendig.\u00a0<\/p>\n\n\n\n<div class=\"wp-block-image\"><figure class=\"alignright\"><img loading=\"lazy\" decoding=\"async\" width=\"890\" height=\"1024\" src=\"http:\/\/gus.no\/blogg\/wp-content\/uploads\/2020\/11\/Rebecca-Thorstensen-890x1024.jpg\" alt=\"\" class=\"wp-image-4568\" srcset=\"https:\/\/gus.no\/blogg\/wp-content\/uploads\/2020\/11\/Rebecca-Thorstensen-890x1024.jpg 890w, https:\/\/gus.no\/blogg\/wp-content\/uploads\/2020\/11\/Rebecca-Thorstensen-261x300.jpg 261w, https:\/\/gus.no\/blogg\/wp-content\/uploads\/2020\/11\/Rebecca-Thorstensen-768x884.jpg 768w, https:\/\/gus.no\/blogg\/wp-content\/uploads\/2020\/11\/Rebecca-Thorstensen-1200x1381.jpg 1200w, https:\/\/gus.no\/blogg\/wp-content\/uploads\/2020\/11\/Rebecca-Thorstensen-1860x2141.jpg 1860w\" sizes=\"(max-width: 890px) 100vw, 890px\" \/><\/figure><\/div>\n\n\n\n<p>Vi mennesker kan gj\u00f8re s\u00e5 mye godt, og samtidig s\u00e5 mye skade. Ikke bare p\u00e5 medmenneskene v\u00e5re, men ogs\u00e5 kloden. Og det er ikke alltid vi behandler oss selv s\u00e5 godt heller.&nbsp;<\/p>\n\n\n\n<p>N\u00e5, la meg vende om negativiteten til noe positivt,&nbsp;med et sp\u00f8rsm\u00e5l: Hva er Guds&nbsp;bilde&nbsp;av&nbsp;deg, du som leser dette?&nbsp;Alts\u00e5, hva tenker Gud om deg? Gud er nemlig n\u00e6r oss, hvert sekund. Han sitter ikke i himmelen og titter ned p\u00e5 oss av og til n\u00e5r Han f\u00f8ler for det. Nei, Han er med oss i livene v\u00e5re.&nbsp;<\/p>\n\n\n\n<p>Der jeg&nbsp;mislyktes i livet&nbsp;mitt,&nbsp;der&nbsp;reiste&nbsp;Gud meg opp igjen og&nbsp;ga&nbsp;meg ny styrke. N\u00e5r jeg&nbsp;mislyktes&nbsp;igjen, s\u00e5 reiste&nbsp;Gud meg opp&nbsp;igjen. P\u00e5 de stedene i livet&nbsp;mitt der&nbsp;jeg var&nbsp;alene,&nbsp;var&nbsp;Gud n\u00e6r.&nbsp;N\u00e5r andre mennesker sviktet, s\u00e5 sviktet aldri Gud.&nbsp;De gangene&nbsp;der jeg ikke f\u00f8lte&nbsp;verdi, s\u00e5 kom Gud og viste meg n\u00e5de.&nbsp;De&nbsp;gangene&nbsp;andre mennesker&nbsp;s\u00e5ret meg,&nbsp;der&nbsp;kom Gud og viste meg sin kj\u00e6rlighet. &nbsp;&nbsp;&nbsp;<\/p>\n\n\n\n<p>Dette er&nbsp;et annet bilde av Gud, alts\u00e5 Guds bilde av&nbsp;hvert eneste menneske, inkludert deg. Gud setter deg utrolig h\u00f8yt, og Han elsker deg mer enn du kan ane. Gud er med deg, hver dag. Gud er med deg i livet ditt, og Han skapte deg i sitt bilde. V\u00e5rt eget bilde&nbsp;av&nbsp;Gud kan forandre seg, men m\u00e5ten Gud&nbsp;ser p\u00e5 deg forandres aldri. Han er&nbsp;alltid like n\u00e6r, like kj\u00e6rlig, like god og like sterk \u2013 og Han er alltid der for deg.<\/p>\n","protected":false},"excerpt":{"rendered":"<p>V\u00e5rt bilde av Gud er ikke det samme som Gud sitt bilde av oss.<\/p>\n","protected":false},"author":1,"featured_media":4569,"comment_status":"closed","ping_status":"closed","sticky":false,"template":"","format":"standard","meta":{"_exactmetrics_skip_tracking":false,"_exactmetrics_sitenote_active":false,"_exactmetrics_sitenote_note":"","_exactmetrics_sitenote_category":0,"footnotes":""},"categories":[37,1],"tags":[],"class_list":["post-4564","post","type-post","status-publish","format-standard","has-post-thumbnail","hentry","category-bare-bibel","category-ukategorisert","has-thumbnail"],"yoast_head":"<!-- This site is optimized with the Yoast SEO plugin v23.5 - https:\/\/yoast.com\/wordpress\/plugins\/seo\/ -->\n<title>V\u00e5rt bilde av Gud og Guds bilde av oss - Blogg<\/title>\n<meta name=\"robots\" content=\"index, follow, max-snippet:-1, max-image-preview:large, max-video-preview:-1\" \/>\n<link rel=\"canonical\" href=\"http:\/\/gus.no\/blogg\/vart-bilde-av-gud-og-guds-bilde-av-oss\/\" \/>\n<meta property=\"og:locale\" content=\"nb_NO\" \/>\n<meta property=\"og:type\" content=\"article\" \/>\n<meta property=\"og:title\" content=\"V\u00e5rt bilde av Gud og Guds bilde av oss - Blogg\" \/>\n<meta property=\"og:description\" content=\"V\u00e5rt bilde av Gud er ikke det samme som Gud sitt bilde av oss.\" \/>\n<meta property=\"og:url\" content=\"http:\/\/gus.no\/blogg\/vart-bilde-av-gud-og-guds-bilde-av-oss\/\" \/>\n<meta property=\"og:site_name\" content=\"Blogg\" \/>\n<meta property=\"article:publisher\" content=\"http:\/\/www.facebook.com\/gaautsenteret\" \/>\n<meta property=\"article:published_time\" content=\"2020-11-02T18:28:08+00:00\" \/>\n<meta property=\"article:modified_time\" content=\"2021-06-28T07:06:46+00:00\" \/>\n<meta property=\"og:image\" content=\"http:\/\/gus.no\/blogg\/wp-content\/uploads\/2020\/11\/7AE6791C-50E1-4758-9BB3-B9CC3CEEB330.jpeg\" \/>\n\t<meta property=\"og:image:width\" content=\"4898\" \/>\n\t<meta property=\"og:image:height\" content=\"3265\" \/>\n\t<meta property=\"og:image:type\" content=\"image\/jpeg\" \/>\n<meta name=\"author\" content=\"\u00d8rjan, rektor\" \/>\n<meta name=\"twitter:card\" content=\"summary_large_image\" \/>\n<meta name=\"twitter:label1\" content=\"Skrevet av\" \/>\n\t<meta name=\"twitter:data1\" content=\"Rebecca (Bare bibel 2020\/2021)\" \/>\n\t<meta name=\"twitter:label2\" content=\"Ansl. lesetid\" \/>\n\t<meta name=\"twitter:data2\" content=\"2 minutter\" \/>\n<script type=\"application\/ld+json\" class=\"yoast-schema-graph\">{\"@context\":\"https:\/\/schema.org\",\"@graph\":[{\"@type\":\"WebPage\",\"@id\":\"http:\/\/gus.no\/blogg\/vart-bilde-av-gud-og-guds-bilde-av-oss\/\",\"url\":\"http:\/\/gus.no\/blogg\/vart-bilde-av-gud-og-guds-bilde-av-oss\/\",\"name\":\"V\u00e5rt bilde av Gud og Guds bilde av oss - Blogg\",\"isPartOf\":{\"@id\":\"http:\/\/gus.no\/blogg\/#website\"},\"primaryImageOfPage\":{\"@id\":\"http:\/\/gus.no\/blogg\/vart-bilde-av-gud-og-guds-bilde-av-oss\/#primaryimage\"},\"image\":{\"@id\":\"http:\/\/gus.no\/blogg\/vart-bilde-av-gud-og-guds-bilde-av-oss\/#primaryimage\"},\"thumbnailUrl\":\"https:\/\/gus.no\/blogg\/wp-content\/uploads\/2020\/11\/7AE6791C-50E1-4758-9BB3-B9CC3CEEB330.jpeg\",\"datePublished\":\"2020-11-02T18:28:08+00:00\",\"dateModified\":\"2021-06-28T07:06:46+00:00\",\"author\":{\"@id\":\"http:\/\/gus.no\/blogg\/#\/schema\/person\/f10cf271f76aa556fadb30c931d41d6b\"},\"breadcrumb\":{\"@id\":\"http:\/\/gus.no\/blogg\/vart-bilde-av-gud-og-guds-bilde-av-oss\/#breadcrumb\"},\"inLanguage\":\"nb-NO\",\"potentialAction\":[{\"@type\":\"ReadAction\",\"target\":[\"http:\/\/gus.no\/blogg\/vart-bilde-av-gud-og-guds-bilde-av-oss\/\"]}]},{\"@type\":\"ImageObject\",\"inLanguage\":\"nb-NO\",\"@id\":\"http:\/\/gus.no\/blogg\/vart-bilde-av-gud-og-guds-bilde-av-oss\/#primaryimage\",\"url\":\"https:\/\/gus.no\/blogg\/wp-content\/uploads\/2020\/11\/7AE6791C-50E1-4758-9BB3-B9CC3CEEB330.jpeg\",\"contentUrl\":\"https:\/\/gus.no\/blogg\/wp-content\/uploads\/2020\/11\/7AE6791C-50E1-4758-9BB3-B9CC3CEEB330.jpeg\",\"width\":4898,\"height\":3265},{\"@type\":\"BreadcrumbList\",\"@id\":\"http:\/\/gus.no\/blogg\/vart-bilde-av-gud-og-guds-bilde-av-oss\/#breadcrumb\",\"itemListElement\":[{\"@type\":\"ListItem\",\"position\":1,\"name\":\"Hjem\",\"item\":\"http:\/\/gus.no\/blogg\/\"},{\"@type\":\"ListItem\",\"position\":2,\"name\":\"V\u00e5rt bilde av Gud og Guds bilde av oss\"}]},{\"@type\":\"WebSite\",\"@id\":\"http:\/\/gus.no\/blogg\/#website\",\"url\":\"http:\/\/gus.no\/blogg\/\",\"name\":\"Blogg\",\"description\":\"G\u00e5 Ut Senteret\",\"potentialAction\":[{\"@type\":\"SearchAction\",\"target\":{\"@type\":\"EntryPoint\",\"urlTemplate\":\"http:\/\/gus.no\/blogg\/?s={search_term_string}\"},\"query-input\":{\"@type\":\"PropertyValueSpecification\",\"valueRequired\":true,\"valueName\":\"search_term_string\"}}],\"inLanguage\":\"nb-NO\"},{\"@type\":\"Person\",\"@id\":\"http:\/\/gus.no\/blogg\/#\/schema\/person\/f10cf271f76aa556fadb30c931d41d6b\",\"name\":\"\u00d8rjan, rektor\",\"url\":\"https:\/\/gus.no\/blogg\/author\/otinnen\/\"}]}<\/script>\n<!-- \/ Yoast SEO plugin. -->","yoast_head_json":{"title":"V\u00e5rt bilde av Gud og Guds bilde av oss - Blogg","robots":{"index":"index","follow":"follow","max-snippet":"max-snippet:-1","max-image-preview":"max-image-preview:large","max-video-preview":"max-video-preview:-1"},"canonical":"http:\/\/gus.no\/blogg\/vart-bilde-av-gud-og-guds-bilde-av-oss\/","og_locale":"nb_NO","og_type":"article","og_title":"V\u00e5rt bilde av Gud og Guds bilde av oss - Blogg","og_description":"V\u00e5rt bilde av Gud er ikke det samme som Gud sitt bilde av oss.","og_url":"http:\/\/gus.no\/blogg\/vart-bilde-av-gud-og-guds-bilde-av-oss\/","og_site_name":"Blogg","article_publisher":"http:\/\/www.facebook.com\/gaautsenteret","article_published_time":"2020-11-02T18:28:08+00:00","article_modified_time":"2021-06-28T07:06:46+00:00","og_image":[{"width":4898,"height":3265,"url":"http:\/\/gus.no\/blogg\/wp-content\/uploads\/2020\/11\/7AE6791C-50E1-4758-9BB3-B9CC3CEEB330.jpeg","type":"image\/jpeg"}],"author":"\u00d8rjan, rektor","twitter_card":"summary_large_image","twitter_misc":{"Skrevet av":"Rebecca (Bare bibel 2020\/2021)","Ansl. lesetid":"2 minutter"},"schema":{"@context":"https:\/\/schema.org","@graph":[{"@type":"WebPage","@id":"http:\/\/gus.no\/blogg\/vart-bilde-av-gud-og-guds-bilde-av-oss\/","url":"http:\/\/gus.no\/blogg\/vart-bilde-av-gud-og-guds-bilde-av-oss\/","name":"V\u00e5rt bilde av Gud og Guds bilde av oss - Blogg","isPartOf":{"@id":"http:\/\/gus.no\/blogg\/#website"},"primaryImageOfPage":{"@id":"http:\/\/gus.no\/blogg\/vart-bilde-av-gud-og-guds-bilde-av-oss\/#primaryimage"},"image":{"@id":"http:\/\/gus.no\/blogg\/vart-bilde-av-gud-og-guds-bilde-av-oss\/#primaryimage"},"thumbnailUrl":"https:\/\/gus.no\/blogg\/wp-content\/uploads\/2020\/11\/7AE6791C-50E1-4758-9BB3-B9CC3CEEB330.jpeg","datePublished":"2020-11-02T18:28:08+00:00","dateModified":"2021-06-28T07:06:46+00:00","author":{"@id":"http:\/\/gus.no\/blogg\/#\/schema\/person\/f10cf271f76aa556fadb30c931d41d6b"},"breadcrumb":{"@id":"http:\/\/gus.no\/blogg\/vart-bilde-av-gud-og-guds-bilde-av-oss\/#breadcrumb"},"inLanguage":"nb-NO","potentialAction":[{"@type":"ReadAction","target":["http:\/\/gus.no\/blogg\/vart-bilde-av-gud-og-guds-bilde-av-oss\/"]}]},{"@type":"ImageObject","inLanguage":"nb-NO","@id":"http:\/\/gus.no\/blogg\/vart-bilde-av-gud-og-guds-bilde-av-oss\/#primaryimage","url":"https:\/\/gus.no\/blogg\/wp-content\/uploads\/2020\/11\/7AE6791C-50E1-4758-9BB3-B9CC3CEEB330.jpeg","contentUrl":"https:\/\/gus.no\/blogg\/wp-content\/uploads\/2020\/11\/7AE6791C-50E1-4758-9BB3-B9CC3CEEB330.jpeg","width":4898,"height":3265},{"@type":"BreadcrumbList","@id":"http:\/\/gus.no\/blogg\/vart-bilde-av-gud-og-guds-bilde-av-oss\/#breadcrumb","itemListElement":[{"@type":"ListItem","position":1,"name":"Hjem","item":"http:\/\/gus.no\/blogg\/"},{"@type":"ListItem","position":2,"name":"V\u00e5rt bilde av Gud og Guds bilde av oss"}]},{"@type":"WebSite","@id":"http:\/\/gus.no\/blogg\/#website","url":"http:\/\/gus.no\/blogg\/","name":"Blogg","description":"G\u00e5 Ut Senteret","potentialAction":[{"@type":"SearchAction","target":{"@type":"EntryPoint","urlTemplate":"http:\/\/gus.no\/blogg\/?s={search_term_string}"},"query-input":{"@type":"PropertyValueSpecification","valueRequired":true,"valueName":"search_term_string"}}],"inLanguage":"nb-NO"},{"@type":"Person","@id":"http:\/\/gus.no\/blogg\/#\/schema\/person\/f10cf271f76aa556fadb30c931d41d6b","name":"\u00d8rjan, rektor","url":"https:\/\/gus.no\/blogg\/author\/otinnen\/"}]}},"_links":{"self":[{"href":"https:\/\/gus.no\/blogg\/wp-json\/wp\/v2\/posts\/4564"}],"collection":[{"href":"https:\/\/gus.no\/blogg\/wp-json\/wp\/v2\/posts"}],"about":[{"href":"https:\/\/gus.no\/blogg\/wp-json\/wp\/v2\/types\/post"}],"author":[{"embeddable":true,"href":"https:\/\/gus.no\/blogg\/wp-json\/wp\/v2\/users\/1"}],"replies":[{"embeddable":true,"href":"https:\/\/gus.no\/blogg\/wp-json\/wp\/v2\/comments?post=4564"}],"version-history":[{"count":3,"href":"https:\/\/gus.no\/blogg\/wp-json\/wp\/v2\/posts\/4564\/revisions"}],"predecessor-version":[{"id":4570,"href":"https:\/\/gus.no\/blogg\/wp-json\/wp\/v2\/posts\/4564\/revisions\/4570"}],"wp:featuredmedia":[{"embeddable":true,"href":"https:\/\/gus.no\/blogg\/wp-json\/wp\/v2\/media\/4569"}],"wp:attachment":[{"href":"https:\/\/gus.no\/blogg\/wp-json\/wp\/v2\/media?parent=4564"}],"wp:term":[{"taxonomy":"category","embeddable":true,"href":"https:\/\/gus.no\/blogg\/wp-json\/wp\/v2\/categories?post=4564"},{"taxonomy":"post_tag","embeddable":true,"href":"https:\/\/gus.no\/blogg\/wp-json\/wp\/v2\/tags?post=4564"}],"curies":[{"name":"wp","href":"https:\/\/api.w.org\/{rel}","templated":true}]}}