{"id":5545,"date":"2021-09-16T10:40:25","date_gmt":"2021-09-16T08:40:25","guid":{"rendered":"http:\/\/gus.no\/blogg\/?p=5545"},"modified":"2021-12-02T01:49:57","modified_gmt":"2021-12-02T00:49:57","slug":"ein-dag-i-mitt-liv-som-gus-student","status":"publish","type":"post","link":"https:\/\/gus.no\/blogg\/ein-dag-i-mitt-liv-som-gus-student\/","title":{"rendered":"Ein dag i mitt liv som GUS-student"},"content":{"rendered":"\n<h3 class=\"wp-block-heading\"><strong>Blikket festa p\u00e5 Gud<\/strong><\/h3>\n\n\n\n<p>Etter ein altfor lang dusj (det er fredag) m\u00e5 eg kjappe meg \u00e5 ete frukost f\u00f8r Ellen-Beate st\u00e5r p\u00e5 d\u00f8ra. Vi skal sparke p\u00e5 dei nye sparkesyklane v\u00e5re til skulen (nei, ikkje el-sparkesykkel). Det g\u00e5r fortare enn \u00e5 g\u00e5, men det er mykje meir skummelt \u2013 bremsa fungerer ikkje. Men, vi kjem oss heilskinna til skulen i dag \u00f2g.&nbsp;<\/p>\n\n\n\n<p>Dagen startar p\u00e5 vanleg vis med morgonsamling og stilletid. P\u00e5 dagens morgonsamling held Tobias (han h\u00f8ge med langt h\u00e5r som tar bilde) ei andakt vi alle treng \u00e5 h\u00f8yre. <\/p>\n\n\n\n<blockquote class=\"wp-block-quote is-layout-flow wp-block-quote-is-layout-flow\"><p>I korte trekk snakka han om \u00e5 \u00abs\u00f8ke f\u00f8rst Guds rike og hans rettferd, s\u00e5 skal de f\u00e5 alt det andre i tillegg\u00bb. (Matteus 6:33)<\/p><\/blockquote>\n\n\n\n<p>Det er lett \u00e5 gl\u00f8yme, i ein Bibelskule-kvardag der ein tenkjer \u00abno skal Gud fikse livet mitt og eg skal bli ein god kristen\u00bb. Det handlar om \u00e5 s\u00f8ke Gud, \u00f8nske \u00e5 bli kjent med han og s\u00e5 vil han gi oss alt det vi trenge. Han kjenner oss betre enn vi kjenner oss sj\u00f8lve, og veit akkurat kva vi treng, s\u00e5 det handlar eigentleg om \u00e5 stole p\u00e5 han.&nbsp;&nbsp;<\/p>\n\n\n\n<p>Etter morgonsamling er det tid for stilletid, og det er ei g\u00e5ve fr\u00e5 Gud og GUS. D\u00e5 f\u00e5r vi moglegheit, kvar for oss, til \u00e5 kople oss p\u00e5 Gud, lese i Bibelen, be og kvile i Guds n\u00e6rv\u00e6r. #takknemlig&nbsp;<\/p>\n\n\n\n<ul class=\"wp-block-gallery columns-1 is-cropped wp-block-gallery-1 is-layout-flex wp-block-gallery-is-layout-flex\"><li class=\"blocks-gallery-item\"><figure><img loading=\"lazy\" decoding=\"async\" width=\"683\" height=\"1024\" src=\"http:\/\/gus.no\/blogg\/wp-content\/uploads\/2021\/09\/DSC02590-2-683x1024.jpg\" alt=\"\" data-id=\"5576\" data-link=\"http:\/\/gus.no\/blogg\/?attachment_id=5576\" class=\"wp-image-5576\" srcset=\"https:\/\/gus.no\/blogg\/wp-content\/uploads\/2021\/09\/DSC02590-2-683x1024.jpg 683w, https:\/\/gus.no\/blogg\/wp-content\/uploads\/2021\/09\/DSC02590-2-200x300.jpg 200w, https:\/\/gus.no\/blogg\/wp-content\/uploads\/2021\/09\/DSC02590-2-768x1152.jpg 768w, https:\/\/gus.no\/blogg\/wp-content\/uploads\/2021\/09\/DSC02590-2-1200x1800.jpg 1200w, https:\/\/gus.no\/blogg\/wp-content\/uploads\/2021\/09\/DSC02590-2-1860x2790.jpg 1860w\" sizes=\"(max-width: 683px) 100vw, 683px\" \/><figcaption>Stilletid &#8211; ei g\u00e5ve fr\u00e5 Gud og GUS.<\/figcaption><\/figure><\/li><\/ul>\n\n\n\n<h3 class=\"wp-block-heading\"><strong>Apostelgjerningane og lunsj med rektor<\/strong><\/h3>\n\n\n\n<p>Resten av timane fram til lunsj g\u00e5r i ein fei. Vi p\u00e5 Bare Bibel g\u00e5r igjennom dei 30(!) siste slidesa p\u00e5 PowerPointen til Barbro om Apostelgjerningane, og lunsj har sjeldan smakt s\u00e5 digg. Apostelgjerningane har vore vekas bok \u2013 det er eigentleg ei bok vi kunne brukt heile \u00e5ret p\u00e5 \u2013 og vi har f\u00e5tt lov \u00e5 lese og l\u00e6re om dei f\u00f8rste kristne. <\/p>\n\n\n\n<blockquote class=\"wp-block-quote is-layout-flow wp-block-quote-is-layout-flow\"><p>Eg er sikker p\u00e5 eg har l\u00e6rt minst 10 heilt nye ting kvar dag denne veka, og eg kan love deg at aha-opplevingar ikkje er sjeldan kost i klasserommet v\u00e5rt!&nbsp;<\/p><\/blockquote>\n\n\n\n<p>I lunsjen er eg s\u00e5 heldig at eg f\u00e5r sitte ved sidan av rektor \u00d8rjan og eg deler litt om det vi har l\u00e6rt om i Apostelgjerningane. Elles g\u00e5r samtalane rundt bordet i val, Bibel og \u00abkva er planen for dagen\/helga?\u00bb, f\u00f8r l\u00e6raren v\u00e5r Frida ropar \u00abN\u00e5 er klokken 30 (12:30 alts\u00e5), timen starter!\u00bb. Global Disippel-klassa spring over i nabobygget, medan vi i BB g\u00e5r inn p\u00e5 klasserommet v\u00e5rt som ligg vegg i vegg med \u00abmatsalen\u00bb. <\/p>\n\n\n\n<ul class=\"wp-block-gallery alignwide columns-2 is-cropped wp-block-gallery-2 is-layout-flex wp-block-gallery-is-layout-flex\"><li class=\"blocks-gallery-item\"><figure><img loading=\"lazy\" decoding=\"async\" width=\"683\" height=\"1024\" src=\"http:\/\/gus.no\/blogg\/wp-content\/uploads\/2021\/09\/DSC02836-2-683x1024.jpg\" alt=\"\" data-id=\"5577\" data-link=\"http:\/\/gus.no\/blogg\/?attachment_id=5577\" class=\"wp-image-5577\" srcset=\"https:\/\/gus.no\/blogg\/wp-content\/uploads\/2021\/09\/DSC02836-2-683x1024.jpg 683w, https:\/\/gus.no\/blogg\/wp-content\/uploads\/2021\/09\/DSC02836-2-200x300.jpg 200w, https:\/\/gus.no\/blogg\/wp-content\/uploads\/2021\/09\/DSC02836-2-768x1152.jpg 768w, https:\/\/gus.no\/blogg\/wp-content\/uploads\/2021\/09\/DSC02836-2-1200x1800.jpg 1200w, https:\/\/gus.no\/blogg\/wp-content\/uploads\/2021\/09\/DSC02836-2-1860x2790.jpg 1860w\" sizes=\"(max-width: 683px) 100vw, 683px\" \/><figcaption>Iver Honningdal (20) nyt brunosten sin.<\/figcaption><\/figure><\/li><li class=\"blocks-gallery-item\"><figure><img loading=\"lazy\" decoding=\"async\" width=\"683\" height=\"1024\" src=\"http:\/\/gus.no\/blogg\/wp-content\/uploads\/2021\/09\/DSC02823-2-683x1024.jpg\" alt=\"\" data-id=\"5578\" data-link=\"http:\/\/gus.no\/blogg\/?attachment_id=5578\" class=\"wp-image-5578\" srcset=\"https:\/\/gus.no\/blogg\/wp-content\/uploads\/2021\/09\/DSC02823-2-683x1024.jpg 683w, https:\/\/gus.no\/blogg\/wp-content\/uploads\/2021\/09\/DSC02823-2-200x300.jpg 200w, https:\/\/gus.no\/blogg\/wp-content\/uploads\/2021\/09\/DSC02823-2-768x1152.jpg 768w, https:\/\/gus.no\/blogg\/wp-content\/uploads\/2021\/09\/DSC02823-2-1200x1800.jpg 1200w, https:\/\/gus.no\/blogg\/wp-content\/uploads\/2021\/09\/DSC02823-2-1860x2790.jpg 1860w\" sizes=\"(max-width: 683px) 100vw, 683px\" \/><figcaption>Eg nyt br\u00f8dskiva mi med nugatti.<\/figcaption><\/figure><\/li><\/ul>\n\n\n\n<h3 class=\"wp-block-heading\"><strong>Dagens bragd<\/strong><\/h3>\n\n\n\n<p>No skal vi ha oppsummering av Apostelgjerningane. F\u00f8rst ein og ein, og s\u00e5 i fellesskap. Noko av det som blir sagt i fellesoppsummeringa er:<\/p>\n\n\n\n<blockquote class=\"wp-block-quote is-layout-flow wp-block-quote-is-layout-flow\"><p>\u00abDette er ei kj\u00e6rleiksbok om korleis Gud fortset \u00e5 elske disiplane sine gjennom den heilage ande\u00bb. <br>\u00abDenne boka utfordrar meg til \u00e5 tenke gjennom mitt eige liv og mine eigne problem\u00bb.&nbsp;<br><strong>\u00abDen Heilage Ande viser si kraft gjennom disiplane sine\u00bb.<\/strong> <strong>\u00abEvangeliets framgang er m\u00e5let\u00bb. <\/strong><\/p><\/blockquote>\n\n\n\n<p>Etter dagens bragd (at vi fullf\u00f8rte Apostelgjerningane!) f\u00e5r vi sjokolade og mentos av v\u00e5r kj\u00e6re l\u00e6rer Frida. #helg<\/p>\n\n\n\n<ul class=\"wp-block-gallery alignwide columns-2 is-cropped wp-block-gallery-3 is-layout-flex wp-block-gallery-is-layout-flex\"><li class=\"blocks-gallery-item\"><figure><img loading=\"lazy\" decoding=\"async\" width=\"683\" height=\"1024\" src=\"http:\/\/gus.no\/blogg\/wp-content\/uploads\/2021\/09\/DSC02682-1-683x1024.jpg\" alt=\"\" data-id=\"5594\" data-link=\"http:\/\/gus.no\/blogg\/?attachment_id=5594\" class=\"wp-image-5594\" srcset=\"https:\/\/gus.no\/blogg\/wp-content\/uploads\/2021\/09\/DSC02682-1-683x1024.jpg 683w, https:\/\/gus.no\/blogg\/wp-content\/uploads\/2021\/09\/DSC02682-1-200x300.jpg 200w, https:\/\/gus.no\/blogg\/wp-content\/uploads\/2021\/09\/DSC02682-1-768x1152.jpg 768w, https:\/\/gus.no\/blogg\/wp-content\/uploads\/2021\/09\/DSC02682-1-1200x1800.jpg 1200w, https:\/\/gus.no\/blogg\/wp-content\/uploads\/2021\/09\/DSC02682-1-1860x2790.jpg 1860w\" sizes=\"(max-width: 683px) 100vw, 683px\" \/><figcaption>Frida Benedikte Iversen (23) underviser Bare bibel.<\/figcaption><\/figure><\/li><li class=\"blocks-gallery-item\"><figure><img loading=\"lazy\" decoding=\"async\" width=\"768\" height=\"1024\" src=\"http:\/\/gus.no\/blogg\/wp-content\/uploads\/2021\/09\/IMG_3926-7-768x1024.jpg\" alt=\"\" data-id=\"5606\" data-link=\"http:\/\/gus.no\/blogg\/ein-dag-i-mitt-liv-som-gus-student\/img_3926-7\/\" class=\"wp-image-5606\" srcset=\"https:\/\/gus.no\/blogg\/wp-content\/uploads\/2021\/09\/IMG_3926-7-768x1024.jpg 768w, https:\/\/gus.no\/blogg\/wp-content\/uploads\/2021\/09\/IMG_3926-7-225x300.jpg 225w, https:\/\/gus.no\/blogg\/wp-content\/uploads\/2021\/09\/IMG_3926-7-1200x1600.jpg 1200w, https:\/\/gus.no\/blogg\/wp-content\/uploads\/2021\/09\/IMG_3926-7-1860x2480.jpg 1860w\" sizes=\"(max-width: 768px) 100vw, 768px\" \/><figcaption>Min vakre skolepult.<\/figcaption><\/figure><\/li><\/ul>\n\n\n\n<h3 class=\"wp-block-heading\"><strong>Justin Bieber og ei tostjerners produktomtale<\/strong><\/h3>\n\n\n\n<p>Klokka 17 (vi slutta p\u00e5 skulen 15) er vi endeleg vel heime i leilegheit A16. Kvifor ikkje f\u00f8r? Jo, la meg forklare med sjokolade og mentos, lysmontering, butikk x2, telefonsamtale og Justin Bieber i bilen \u2013 d\u00e5 g\u00e5r to timar fort. Men Maria, hadde ikkje du sparkesykkel? Jo, men den ligg i bilen fordi -&gt; <a href=\"https:\/\/kitenorge.no\/story-urban-go-sparkesykkel.html?v=12809\">produktomtale skrive av Maria Lade og Ellen-Beate Lade Will<\/a>. <\/p>\n\n\n\n<ul class=\"wp-block-gallery alignwide columns-3 is-cropped wp-block-gallery-4 is-layout-flex wp-block-gallery-is-layout-flex\"><li class=\"blocks-gallery-item\"><figure><img loading=\"lazy\" decoding=\"async\" width=\"683\" height=\"1024\" src=\"http:\/\/gus.no\/blogg\/wp-content\/uploads\/2021\/09\/DSC02913-683x1024.jpg\" alt=\"\" data-id=\"5569\" data-link=\"http:\/\/gus.no\/blogg\/?attachment_id=5569\" class=\"wp-image-5569\" srcset=\"https:\/\/gus.no\/blogg\/wp-content\/uploads\/2021\/09\/DSC02913-683x1024.jpg 683w, https:\/\/gus.no\/blogg\/wp-content\/uploads\/2021\/09\/DSC02913-200x300.jpg 200w, https:\/\/gus.no\/blogg\/wp-content\/uploads\/2021\/09\/DSC02913-768x1152.jpg 768w, https:\/\/gus.no\/blogg\/wp-content\/uploads\/2021\/09\/DSC02913-1200x1800.jpg 1200w, https:\/\/gus.no\/blogg\/wp-content\/uploads\/2021\/09\/DSC02913-1860x2790.jpg 1860w\" sizes=\"(max-width: 683px) 100vw, 683px\" \/><\/figure><\/li><li class=\"blocks-gallery-item\"><figure><img loading=\"lazy\" decoding=\"async\" width=\"683\" height=\"1024\" src=\"http:\/\/gus.no\/blogg\/wp-content\/uploads\/2021\/09\/DSC02860-683x1024.jpg\" alt=\"\" data-id=\"5573\" data-link=\"http:\/\/gus.no\/blogg\/?attachment_id=5573\" class=\"wp-image-5573\" srcset=\"https:\/\/gus.no\/blogg\/wp-content\/uploads\/2021\/09\/DSC02860-683x1024.jpg 683w, https:\/\/gus.no\/blogg\/wp-content\/uploads\/2021\/09\/DSC02860-200x300.jpg 200w, https:\/\/gus.no\/blogg\/wp-content\/uploads\/2021\/09\/DSC02860-768x1152.jpg 768w, https:\/\/gus.no\/blogg\/wp-content\/uploads\/2021\/09\/DSC02860-1200x1800.jpg 1200w, https:\/\/gus.no\/blogg\/wp-content\/uploads\/2021\/09\/DSC02860-1860x2790.jpg 1860w\" sizes=\"(max-width: 683px) 100vw, 683px\" \/><figcaption>Eg og Ellen-Beate Willoch (20) diggar dei nye sparkesyklane v\u00e5re!<\/figcaption><\/figure><\/li><li class=\"blocks-gallery-item\"><figure><img loading=\"lazy\" decoding=\"async\" width=\"682\" height=\"1024\" src=\"http:\/\/gus.no\/blogg\/wp-content\/uploads\/2021\/09\/DSC02884-1-682x1024.jpg\" alt=\"\" data-id=\"5574\" data-link=\"http:\/\/gus.no\/blogg\/?attachment_id=5574\" class=\"wp-image-5574\" srcset=\"https:\/\/gus.no\/blogg\/wp-content\/uploads\/2021\/09\/DSC02884-1-682x1024.jpg 682w, https:\/\/gus.no\/blogg\/wp-content\/uploads\/2021\/09\/DSC02884-1-200x300.jpg 200w, https:\/\/gus.no\/blogg\/wp-content\/uploads\/2021\/09\/DSC02884-1-768x1152.jpg 768w, https:\/\/gus.no\/blogg\/wp-content\/uploads\/2021\/09\/DSC02884-1-1200x1800.jpg 1200w, https:\/\/gus.no\/blogg\/wp-content\/uploads\/2021\/09\/DSC02884-1-1860x2791.jpg 1860w\" sizes=\"(max-width: 682px) 100vw, 682px\" \/><\/figure><\/li><\/ul>\n\n\n\n<h3 class=\"wp-block-heading\"><strong>Scampidigg tacotid! <\/strong><\/h3>\n\n\n\n<p>Viss du blir kjent med oss i leilegheit A16 vil du legge merke til at vi har god tid. \u00c5 lage taco tar 1 time! \u2013 sj\u00f8lv om det er fem p\u00e5 kj\u00f8kkenet (og n\u00e5r ein lagar taco l\u00f8nner det seg \u00e5 vere mange s\u00e5nn at det skal g\u00e5 fortare). Men no er det taco, og denne fredagen med bes\u00f8k fr\u00e5 A15 (dei tre nabogutane som g\u00e5r i klassa v\u00e5r\u263a). Vi m\u00e5 bare danse litt Macarena f\u00f8rst.&nbsp;<\/p>\n\n\n\n<blockquote class=\"wp-block-quote is-layout-flow wp-block-quote-is-layout-flow\"><p>Tacoen smakar SCAMPIdigg, som vi brukar \u00e5 seie her. Du har vel h\u00f8rt uttrykket rekedigg? Scampidigg er viss ting er end\u00e5 diggare! &#8211; og samtalen er ikkje mindre digg enn maten.&nbsp;<\/p><\/blockquote>\n\n\n\n<p>A16 best\u00e5r av to gutar og tre (fire n\u00e5r du les dette (det skal flytte inn ei til!!!!&lt;33)) jenter, og medan dei to andre jentene (Helena og Victoria) ryddar etter tacoen g\u00e5r eg, Ellen-Beate, Torgeir og dei to gutane (Iver og H\u00e5vard) til Bunnpris for \u00e5 poste ein pakke. Eg og H\u00e5vard blir \u00abeinige\u00bb om at dersom det kostar 100kr eller meir \u00e5 poste, s\u00e5 skal eg betale (det h\u00f8yre kanskje med til historia at det er han som skal sende ein pakke).&nbsp;<\/p>\n\n\n\n<p>Butikkmannen: \u00abDet blir 100kr\u00bb&nbsp;<br>&#8230; snakka ikkje meir om det.<\/p>\n\n\n\n<ul class=\"wp-block-gallery alignwide columns-1 is-cropped wp-block-gallery-5 is-layout-flex wp-block-gallery-is-layout-flex\"><li class=\"blocks-gallery-item\"><figure><img loading=\"lazy\" decoding=\"async\" width=\"1024\" height=\"576\" src=\"http:\/\/gus.no\/blogg\/wp-content\/uploads\/2021\/09\/IMG_3969-1024x576.jpg\" alt=\"\" data-id=\"5575\" data-link=\"http:\/\/gus.no\/blogg\/?attachment_id=5575\" class=\"wp-image-5575\" srcset=\"https:\/\/gus.no\/blogg\/wp-content\/uploads\/2021\/09\/IMG_3969-1024x576.jpg 1024w, https:\/\/gus.no\/blogg\/wp-content\/uploads\/2021\/09\/IMG_3969-300x169.jpg 300w, https:\/\/gus.no\/blogg\/wp-content\/uploads\/2021\/09\/IMG_3969-768x432.jpg 768w, https:\/\/gus.no\/blogg\/wp-content\/uploads\/2021\/09\/IMG_3969-1200x675.jpg 1200w, https:\/\/gus.no\/blogg\/wp-content\/uploads\/2021\/09\/IMG_3969-1860x1046.jpg 1860w, https:\/\/gus.no\/blogg\/wp-content\/uploads\/2021\/09\/IMG_3969.jpg 2016w\" sizes=\"(max-width: 1024px) 100vw, 1024px\" \/><figcaption>Tacobes\u00f8k i leiligheita v\u00e5r.<\/figcaption><\/figure><\/li><\/ul>\n\n\n\n<h3 class=\"wp-block-heading\"><strong>Ting som kan nemnast og ikkje<\/strong><\/h3>\n\n\n\n<p>Resten av kvelden bruka eg i Vandreheimen i leilegheit B*ettellerannatall*(Global Disippel-klassa bur i Vandreheimen, s\u00e5 vi heng ikkje berre i ei random leilegheit) i lag med ein gjeng jente. Vi prata om ting som kan nemnast og ting som ikkje kan nemnast, medan vi pr\u00f8var \u00e5 finne p\u00e5 noko kjekt \u00e5 gjere. Det endar opp med at vi berre sit der og pratar om ting som kan nemnast og ting som ikkje kan nemnast, f\u00f8r det smelle 00.00! Nydelege Birgitte har BURSDAG og denne fredagen er offisielt over!&lt;3&nbsp;<\/p>\n\n\n\n<ul class=\"wp-block-gallery alignwide columns-3 is-cropped wp-block-gallery-6 is-layout-flex wp-block-gallery-is-layout-flex\"><li class=\"blocks-gallery-item\"><figure><img loading=\"lazy\" decoding=\"async\" width=\"768\" height=\"1024\" src=\"http:\/\/gus.no\/blogg\/wp-content\/uploads\/2021\/09\/IMG_1026-768x1024.jpg\" alt=\"\" data-id=\"5579\" data-link=\"http:\/\/gus.no\/blogg\/?attachment_id=5579\" class=\"wp-image-5579\" srcset=\"https:\/\/gus.no\/blogg\/wp-content\/uploads\/2021\/09\/IMG_1026-768x1024.jpg 768w, https:\/\/gus.no\/blogg\/wp-content\/uploads\/2021\/09\/IMG_1026-225x300.jpg 225w, https:\/\/gus.no\/blogg\/wp-content\/uploads\/2021\/09\/IMG_1026-1200x1600.jpg 1200w, https:\/\/gus.no\/blogg\/wp-content\/uploads\/2021\/09\/IMG_1026-1860x2480.jpg 1860w\" sizes=\"(max-width: 768px) 100vw, 768px\" \/><figcaption>Dette er ting<\/figcaption><\/figure><\/li><li class=\"blocks-gallery-item\"><figure><img loading=\"lazy\" decoding=\"async\" width=\"768\" height=\"1024\" src=\"http:\/\/gus.no\/blogg\/wp-content\/uploads\/2021\/09\/IMG_0828-768x1024.jpg\" alt=\"\" data-id=\"5585\" data-link=\"http:\/\/gus.no\/blogg\/?attachment_id=5585\" class=\"wp-image-5585\" srcset=\"https:\/\/gus.no\/blogg\/wp-content\/uploads\/2021\/09\/IMG_0828-768x1024.jpg 768w, https:\/\/gus.no\/blogg\/wp-content\/uploads\/2021\/09\/IMG_0828-225x300.jpg 225w, https:\/\/gus.no\/blogg\/wp-content\/uploads\/2021\/09\/IMG_0828-1200x1600.jpg 1200w, https:\/\/gus.no\/blogg\/wp-content\/uploads\/2021\/09\/IMG_0828-1860x2480.jpg 1860w\" sizes=\"(max-width: 768px) 100vw, 768px\" \/><figcaption>som kan<\/figcaption><\/figure><\/li><li class=\"blocks-gallery-item\"><figure><img loading=\"lazy\" decoding=\"async\" width=\"768\" height=\"1024\" src=\"http:\/\/gus.no\/blogg\/wp-content\/uploads\/2021\/09\/IMG_0224-768x1024.jpg\" alt=\"\" data-id=\"5586\" data-link=\"http:\/\/gus.no\/blogg\/?attachment_id=5586\" class=\"wp-image-5586\" srcset=\"https:\/\/gus.no\/blogg\/wp-content\/uploads\/2021\/09\/IMG_0224-768x1024.jpg 768w, https:\/\/gus.no\/blogg\/wp-content\/uploads\/2021\/09\/IMG_0224-225x300.jpg 225w, https:\/\/gus.no\/blogg\/wp-content\/uploads\/2021\/09\/IMG_0224-1200x1600.jpg 1200w, https:\/\/gus.no\/blogg\/wp-content\/uploads\/2021\/09\/IMG_0224-1860x2480.jpg 1860w\" sizes=\"(max-width: 768px) 100vw, 768px\" \/><figcaption>nemnast.<\/figcaption><\/figure><\/li><\/ul>\n\n\n\n<p>Ein dag p\u00e5 GUS er aldri ein vekkasta dag. <\/p>\n\n\n\n<blockquote class=\"wp-block-quote is-layout-flow wp-block-quote-is-layout-flow\"><p>Ein dag p\u00e5 GUS er givande, inspirerande, morosam, bibelfylt og l\u00e6rerik. <\/p><\/blockquote>\n\n\n\n<p>Ein dag p\u00e5 GUS blir alltid (i mitt tilfelle) avslutta med ei takkeb\u00f8n til Gud. Ein dag p\u00e5 GUS er fylt av flotte menneskje, gode samtalar og betre undervisning enn dei fleste andre plassar. #bibelnerden #s\u00f8kGUS<\/p>\n\n\n\n<h2 class=\"wp-block-heading\"><strong>Bibelskole neste \u00e5r?<\/strong><\/h2>\n\n\n\n<p>Inntaket er i gang!\u00a0<a href=\"http:\/\/www.gus.no\/\">Sjekk ut de ulike linjene og s\u00f8k om plass i dag.<\/a><\/p>\n","protected":false},"excerpt":{"rendered":"<p>God morgon! Klokka er 07.30 og alarmen ringe. Mitt namn er Maria Lade. Eg er 19 \u00e5r og g\u00e5r Bare Bibel p\u00e5 G\u00e5 Ut Senteret. I dag er det fredag og DU skal f\u00e5 bli med p\u00e5 innsida av GUS-livet! <\/p>\n","protected":false},"author":46,"featured_media":5590,"comment_status":"open","ping_status":"open","sticky":false,"template":"","format":"standard","meta":{"_exactmetrics_skip_tracking":false,"_exactmetrics_sitenote_active":false,"_exactmetrics_sitenote_note":"","_exactmetrics_sitenote_category":0,"footnotes":""},"categories":[37,23],"tags":[],"class_list":["post-5545","post","type-post","status-publish","format-standard","has-post-thumbnail","hentry","category-bare-bibel","category-om-gus","has-thumbnail"],"yoast_head":"<!-- This site is optimized with the Yoast SEO plugin v23.5 - https:\/\/yoast.com\/wordpress\/plugins\/seo\/ -->\n<title>Ein dag i mitt liv som GUS-student - Blogg<\/title>\n<meta name=\"robots\" content=\"index, follow, max-snippet:-1, max-image-preview:large, max-video-preview:-1\" \/>\n<link rel=\"canonical\" href=\"https:\/\/gus.no\/blogg\/ein-dag-i-mitt-liv-som-gus-student\/\" \/>\n<meta property=\"og:locale\" content=\"nb_NO\" \/>\n<meta property=\"og:type\" content=\"article\" \/>\n<meta property=\"og:title\" content=\"Ein dag i mitt liv som GUS-student - Blogg\" \/>\n<meta property=\"og:description\" content=\"God morgon! Klokka er 07.30 og alarmen ringe. Mitt namn er Maria Lade. Eg er 19 \u00e5r og g\u00e5r Bare Bibel p\u00e5 G\u00e5 Ut Senteret. I dag er det fredag og DU skal f\u00e5 bli med p\u00e5 innsida av GUS-livet!\" \/>\n<meta property=\"og:url\" content=\"https:\/\/gus.no\/blogg\/ein-dag-i-mitt-liv-som-gus-student\/\" \/>\n<meta property=\"og:site_name\" content=\"Blogg\" \/>\n<meta property=\"article:publisher\" content=\"http:\/\/www.facebook.com\/gaautsenteret\" \/>\n<meta property=\"article:published_time\" content=\"2021-09-16T08:40:25+00:00\" \/>\n<meta property=\"article:modified_time\" content=\"2021-12-02T00:49:57+00:00\" \/>\n<meta property=\"og:image\" content=\"https:\/\/gus.no\/blogg\/wp-content\/uploads\/2021\/09\/DSC02013-2-1024x683.jpg\" \/>\n\t<meta property=\"og:image:width\" content=\"1024\" \/>\n\t<meta property=\"og:image:height\" content=\"683\" \/>\n\t<meta property=\"og:image:type\" content=\"image\/jpeg\" \/>\n<meta name=\"author\" content=\"Tobias Wessel\" \/>\n<meta name=\"twitter:card\" content=\"summary_large_image\" \/>\n<meta name=\"twitter:label1\" content=\"Skrevet av\" \/>\n\t<meta name=\"twitter:data1\" content=\"Maria (Bare bibel 2021\/2022)\" \/>\n\t<meta name=\"twitter:label2\" content=\"Ansl. lesetid\" \/>\n\t<meta name=\"twitter:data2\" content=\"5 minutter\" \/>\n<script type=\"application\/ld+json\" class=\"yoast-schema-graph\">{\"@context\":\"https:\/\/schema.org\",\"@graph\":[{\"@type\":\"WebPage\",\"@id\":\"https:\/\/gus.no\/blogg\/ein-dag-i-mitt-liv-som-gus-student\/\",\"url\":\"https:\/\/gus.no\/blogg\/ein-dag-i-mitt-liv-som-gus-student\/\",\"name\":\"Ein dag i mitt liv som GUS-student - Blogg\",\"isPartOf\":{\"@id\":\"https:\/\/gus.no\/blogg\/#website\"},\"primaryImageOfPage\":{\"@id\":\"https:\/\/gus.no\/blogg\/ein-dag-i-mitt-liv-som-gus-student\/#primaryimage\"},\"image\":{\"@id\":\"https:\/\/gus.no\/blogg\/ein-dag-i-mitt-liv-som-gus-student\/#primaryimage\"},\"thumbnailUrl\":\"https:\/\/gus.no\/blogg\/wp-content\/uploads\/2021\/09\/DSC02013-2.jpg\",\"datePublished\":\"2021-09-16T08:40:25+00:00\",\"dateModified\":\"2021-12-02T00:49:57+00:00\",\"author\":{\"@id\":\"https:\/\/gus.no\/blogg\/#\/schema\/person\/09509e251a5119a9981989fb2f052ef3\"},\"breadcrumb\":{\"@id\":\"https:\/\/gus.no\/blogg\/ein-dag-i-mitt-liv-som-gus-student\/#breadcrumb\"},\"inLanguage\":\"nb-NO\",\"potentialAction\":[{\"@type\":\"ReadAction\",\"target\":[\"https:\/\/gus.no\/blogg\/ein-dag-i-mitt-liv-som-gus-student\/\"]}]},{\"@type\":\"ImageObject\",\"inLanguage\":\"nb-NO\",\"@id\":\"https:\/\/gus.no\/blogg\/ein-dag-i-mitt-liv-som-gus-student\/#primaryimage\",\"url\":\"https:\/\/gus.no\/blogg\/wp-content\/uploads\/2021\/09\/DSC02013-2.jpg\",\"contentUrl\":\"https:\/\/gus.no\/blogg\/wp-content\/uploads\/2021\/09\/DSC02013-2.jpg\",\"width\":5892,\"height\":3928},{\"@type\":\"BreadcrumbList\",\"@id\":\"https:\/\/gus.no\/blogg\/ein-dag-i-mitt-liv-som-gus-student\/#breadcrumb\",\"itemListElement\":[{\"@type\":\"ListItem\",\"position\":1,\"name\":\"Hjem\",\"item\":\"https:\/\/gus.no\/blogg\/\"},{\"@type\":\"ListItem\",\"position\":2,\"name\":\"Ein dag i mitt liv som GUS-student\"}]},{\"@type\":\"WebSite\",\"@id\":\"https:\/\/gus.no\/blogg\/#website\",\"url\":\"https:\/\/gus.no\/blogg\/\",\"name\":\"Blogg\",\"description\":\"G\u00e5 Ut Senteret\",\"potentialAction\":[{\"@type\":\"SearchAction\",\"target\":{\"@type\":\"EntryPoint\",\"urlTemplate\":\"https:\/\/gus.no\/blogg\/?s={search_term_string}\"},\"query-input\":{\"@type\":\"PropertyValueSpecification\",\"valueRequired\":true,\"valueName\":\"search_term_string\"}}],\"inLanguage\":\"nb-NO\"},{\"@type\":\"Person\",\"@id\":\"https:\/\/gus.no\/blogg\/#\/schema\/person\/09509e251a5119a9981989fb2f052ef3\",\"name\":\"Tobias Wessel\",\"url\":\"https:\/\/gus.no\/blogg\/author\/tobiasw\/\"}]}<\/script>\n<!-- \/ Yoast SEO plugin. -->","yoast_head_json":{"title":"Ein dag i mitt liv som GUS-student - Blogg","robots":{"index":"index","follow":"follow","max-snippet":"max-snippet:-1","max-image-preview":"max-image-preview:large","max-video-preview":"max-video-preview:-1"},"canonical":"https:\/\/gus.no\/blogg\/ein-dag-i-mitt-liv-som-gus-student\/","og_locale":"nb_NO","og_type":"article","og_title":"Ein dag i mitt liv som GUS-student - Blogg","og_description":"God morgon! Klokka er 07.30 og alarmen ringe. Mitt namn er Maria Lade. Eg er 19 \u00e5r og g\u00e5r Bare Bibel p\u00e5 G\u00e5 Ut Senteret. I dag er det fredag og DU skal f\u00e5 bli med p\u00e5 innsida av GUS-livet!","og_url":"https:\/\/gus.no\/blogg\/ein-dag-i-mitt-liv-som-gus-student\/","og_site_name":"Blogg","article_publisher":"http:\/\/www.facebook.com\/gaautsenteret","article_published_time":"2021-09-16T08:40:25+00:00","article_modified_time":"2021-12-02T00:49:57+00:00","og_image":[{"width":1024,"height":683,"url":"https:\/\/gus.no\/blogg\/wp-content\/uploads\/2021\/09\/DSC02013-2-1024x683.jpg","type":"image\/jpeg"}],"author":"Tobias Wessel","twitter_card":"summary_large_image","twitter_misc":{"Skrevet av":"Maria (Bare bibel 2021\/2022)","Ansl. lesetid":"5 minutter"},"schema":{"@context":"https:\/\/schema.org","@graph":[{"@type":"WebPage","@id":"https:\/\/gus.no\/blogg\/ein-dag-i-mitt-liv-som-gus-student\/","url":"https:\/\/gus.no\/blogg\/ein-dag-i-mitt-liv-som-gus-student\/","name":"Ein dag i mitt liv som GUS-student - Blogg","isPartOf":{"@id":"https:\/\/gus.no\/blogg\/#website"},"primaryImageOfPage":{"@id":"https:\/\/gus.no\/blogg\/ein-dag-i-mitt-liv-som-gus-student\/#primaryimage"},"image":{"@id":"https:\/\/gus.no\/blogg\/ein-dag-i-mitt-liv-som-gus-student\/#primaryimage"},"thumbnailUrl":"https:\/\/gus.no\/blogg\/wp-content\/uploads\/2021\/09\/DSC02013-2.jpg","datePublished":"2021-09-16T08:40:25+00:00","dateModified":"2021-12-02T00:49:57+00:00","author":{"@id":"https:\/\/gus.no\/blogg\/#\/schema\/person\/09509e251a5119a9981989fb2f052ef3"},"breadcrumb":{"@id":"https:\/\/gus.no\/blogg\/ein-dag-i-mitt-liv-som-gus-student\/#breadcrumb"},"inLanguage":"nb-NO","potentialAction":[{"@type":"ReadAction","target":["https:\/\/gus.no\/blogg\/ein-dag-i-mitt-liv-som-gus-student\/"]}]},{"@type":"ImageObject","inLanguage":"nb-NO","@id":"https:\/\/gus.no\/blogg\/ein-dag-i-mitt-liv-som-gus-student\/#primaryimage","url":"https:\/\/gus.no\/blogg\/wp-content\/uploads\/2021\/09\/DSC02013-2.jpg","contentUrl":"https:\/\/gus.no\/blogg\/wp-content\/uploads\/2021\/09\/DSC02013-2.jpg","width":5892,"height":3928},{"@type":"BreadcrumbList","@id":"https:\/\/gus.no\/blogg\/ein-dag-i-mitt-liv-som-gus-student\/#breadcrumb","itemListElement":[{"@type":"ListItem","position":1,"name":"Hjem","item":"https:\/\/gus.no\/blogg\/"},{"@type":"ListItem","position":2,"name":"Ein dag i mitt liv som GUS-student"}]},{"@type":"WebSite","@id":"https:\/\/gus.no\/blogg\/#website","url":"https:\/\/gus.no\/blogg\/","name":"Blogg","description":"G\u00e5 Ut Senteret","potentialAction":[{"@type":"SearchAction","target":{"@type":"EntryPoint","urlTemplate":"https:\/\/gus.no\/blogg\/?s={search_term_string}"},"query-input":{"@type":"PropertyValueSpecification","valueRequired":true,"valueName":"search_term_string"}}],"inLanguage":"nb-NO"},{"@type":"Person","@id":"https:\/\/gus.no\/blogg\/#\/schema\/person\/09509e251a5119a9981989fb2f052ef3","name":"Tobias Wessel","url":"https:\/\/gus.no\/blogg\/author\/tobiasw\/"}]}},"_links":{"self":[{"href":"https:\/\/gus.no\/blogg\/wp-json\/wp\/v2\/posts\/5545"}],"collection":[{"href":"https:\/\/gus.no\/blogg\/wp-json\/wp\/v2\/posts"}],"about":[{"href":"https:\/\/gus.no\/blogg\/wp-json\/wp\/v2\/types\/post"}],"author":[{"embeddable":true,"href":"https:\/\/gus.no\/blogg\/wp-json\/wp\/v2\/users\/46"}],"replies":[{"embeddable":true,"href":"https:\/\/gus.no\/blogg\/wp-json\/wp\/v2\/comments?post=5545"}],"version-history":[{"count":25,"href":"https:\/\/gus.no\/blogg\/wp-json\/wp\/v2\/posts\/5545\/revisions"}],"predecessor-version":[{"id":5741,"href":"https:\/\/gus.no\/blogg\/wp-json\/wp\/v2\/posts\/5545\/revisions\/5741"}],"wp:featuredmedia":[{"embeddable":true,"href":"https:\/\/gus.no\/blogg\/wp-json\/wp\/v2\/media\/5590"}],"wp:attachment":[{"href":"https:\/\/gus.no\/blogg\/wp-json\/wp\/v2\/media?parent=5545"}],"wp:term":[{"taxonomy":"category","embeddable":true,"href":"https:\/\/gus.no\/blogg\/wp-json\/wp\/v2\/categories?post=5545"},{"taxonomy":"post_tag","embeddable":true,"href":"https:\/\/gus.no\/blogg\/wp-json\/wp\/v2\/tags?post=5545"}],"curies":[{"name":"wp","href":"https:\/\/api.w.org\/{rel}","templated":true}]}}