{"id":6623,"date":"2022-10-18T17:00:50","date_gmt":"2022-10-18T15:00:50","guid":{"rendered":"http:\/\/gus.no\/blogg\/?p=6623"},"modified":"2022-11-07T14:29:18","modified_gmt":"2022-11-07T13:29:18","slug":"sammen-for-vekst","status":"publish","type":"post","link":"https:\/\/gus.no\/blogg\/sammen-for-vekst\/","title":{"rendered":"Sammen for vekst"},"content":{"rendered":"\n<p>For \u00e5 f\u00e5 et vellykket praksisopphold er man avhengig av et godt team rundt seg. De man er p\u00e5 team med blir ens n\u00e6rmeste st\u00f8ttespillere for perioden, spesielt om man reiser til utlandet. Der blir teamfellesskapet viktig n\u00e5r man m\u00f8ter p\u00e5 en ny kultur som p\u00e5 mange vis er ulik ens egen. Derfor \u00f8nsker vi \u00e5 gi studentene v\u00e5re alle verkt\u00f8yene vi kan for \u00e5 hjelpe dem p\u00e5 veien.\u00a0<br><\/p>\n\n\n\n<p>Kommunikasjon er en av b\u00e6rebjelkene i teamene. Det er viktig \u00e5 kunne si hvordan man har det, men ogs\u00e5 \u00e5 formidle sine behov og handlingsm\u00f8nstre. Gjennom teamsamlingene p\u00e5 skolen blir studentene utfordret p\u00e5 \u00e5 finne sine behov og videreformidle det til sine team f\u00f8r de vanskelige utfordringene kommer. Slik kan man forberede seg selv men ogs\u00e5 de andre p\u00e5 teamet. Da blir det lettere \u00e5 forst\u00e5 hva man kan gj\u00f8re for \u00e5 hjelpe hverandre.<br><\/p>\n\n\n\n<figure class=\"wp-block-image alignwide\"><img decoding=\"async\" src=\"https:\/\/gus.no\/blogg\/wp-content\/uploads\/2022\/10\/TEAMSAMLING_20221018_DSCF6914.jpg\" alt=\"\"\/><\/figure>\n\n\n\n<p>Konflikth\u00e5ndtering er et annet viktig punkt. For en ting er sikkert; noe vil alltid komme opp. Det er urealistisk \u00e5 tenke at hele oppholdet vil g\u00e5 p\u00e5 skinner, og derfor er konflikth\u00e5ndtering en del av team forberedelsene f\u00f8r utreise. Man l\u00e6rer \u00e5 snakke om egne f\u00f8lelser og hvordan man formidler disse slik at andre kan forst\u00e5 dem. Dette er ikke bare enkelt og er en prosess som m\u00e5 l\u00e6res over tid. Man l\u00e6rer ogs\u00e5 \u00e5 ta opp eventuelle problemstillinger som kan oppst\u00e5 p\u00e5 en skikkelig m\u00e5te, uten \u00e5 sette andre i b\u00e5s.&nbsp;<br><\/p>\n\n\n\n<p>Glenn Ryen som g\u00e5r p\u00e5 Global disippel forteller at hans team har hatt god nytte av team samlingene. Her har de l\u00e6rt mye om selv selv og andre p\u00e5 kort tid.<\/p>\n\n\n\n<div class=\"wp-block-image\"><figure class=\"aligncenter\"><img loading=\"lazy\" decoding=\"async\" width=\"1024\" height=\"683\" src=\"https:\/\/gus.no\/blogg\/wp-content\/uploads\/2022\/10\/GLENN_20221018_SKOLETUR_S\u00d8RVASSLIDSCF5758_220209-1024x683.jpg\" alt=\"\" class=\"wp-image-6629\" srcset=\"https:\/\/gus.no\/blogg\/wp-content\/uploads\/2022\/10\/GLENN_20221018_SKOLETUR_S\u00d8RVASSLIDSCF5758_220209-1024x683.jpg 1024w, https:\/\/gus.no\/blogg\/wp-content\/uploads\/2022\/10\/GLENN_20221018_SKOLETUR_S\u00d8RVASSLIDSCF5758_220209-300x200.jpg 300w, https:\/\/gus.no\/blogg\/wp-content\/uploads\/2022\/10\/GLENN_20221018_SKOLETUR_S\u00d8RVASSLIDSCF5758_220209-768x512.jpg 768w, https:\/\/gus.no\/blogg\/wp-content\/uploads\/2022\/10\/GLENN_20221018_SKOLETUR_S\u00d8RVASSLIDSCF5758_220209-1200x800.jpg 1200w, https:\/\/gus.no\/blogg\/wp-content\/uploads\/2022\/10\/GLENN_20221018_SKOLETUR_S\u00d8RVASSLIDSCF5758_220209-1860x1240.jpg 1860w\" sizes=\"(max-width: 1024px) 100vw, 1024px\" \/><\/figure><\/div>\n\n\n\n<blockquote class=\"wp-block-quote is-layout-flow wp-block-quote-is-layout-flow\"><p><\/p><cite>Jeg f\u00f8ler jeg har litt kontroll p\u00e5 hvordan jeg fungerer fra f\u00f8r, men jeg finner jo hele tiden nye sider ved meg selv gjennom teamsamlingene. Man l\u00e6rer s\u00e5 mye om seg selv ut av sp\u00f8rsm\u00e5lene man f\u00e5r, sier han.&nbsp;<br> <\/cite><\/blockquote>\n\n\n\n<blockquote class=\"wp-block-quote is-layout-flow wp-block-quote-is-layout-flow\"><p><\/p><cite>Teamsamlingene har v\u00e6rt g\u00f8y og jeg har l\u00e6rt mye av dem jeg er p\u00e5 team med. Det har v\u00e6rt viktig veiledning for videre fremdrift og veldig bra opplegg. Jeg liker godt hvordan vi har l\u00e6rt s\u00e5 mye om hverandre, fortsetter Glenn.<\/cite><\/blockquote>\n\n\n\n<p>Det er ogs\u00e5 mulig \u00e5 ha praksis hjemme i Norge som Anastasija Isacenko skal ha. Hun g\u00e5r p\u00e5 Faith in action og skal v\u00e6re utplassert i Frelsesarmeen i Trondheim. Teamsamlingene har l\u00e6rt henne mye om seg selv og gitt henne mulighet til \u00e5 \u00e5pne seg for andre. Hun forteller at teamsamlingene er viktige for \u00e5 skape trygghet til fellesskapet men ogs\u00e5 for \u00e5 v\u00e6re seg selv.&nbsp;<\/p>\n\n\n\n<div class=\"wp-block-image\"><figure class=\"aligncenter\"><img loading=\"lazy\" decoding=\"async\" width=\"1024\" height=\"1024\" src=\"https:\/\/gus.no\/blogg\/wp-content\/uploads\/2022\/10\/PORTRETT_STUDENTER_DSCF6043_220109-1024x1024.jpg\" alt=\"\" class=\"wp-image-6637\" srcset=\"https:\/\/gus.no\/blogg\/wp-content\/uploads\/2022\/10\/PORTRETT_STUDENTER_DSCF6043_220109-1024x1024.jpg 1024w, https:\/\/gus.no\/blogg\/wp-content\/uploads\/2022\/10\/PORTRETT_STUDENTER_DSCF6043_220109-150x150.jpg 150w, https:\/\/gus.no\/blogg\/wp-content\/uploads\/2022\/10\/PORTRETT_STUDENTER_DSCF6043_220109-300x300.jpg 300w, https:\/\/gus.no\/blogg\/wp-content\/uploads\/2022\/10\/PORTRETT_STUDENTER_DSCF6043_220109-768x768.jpg 768w, https:\/\/gus.no\/blogg\/wp-content\/uploads\/2022\/10\/PORTRETT_STUDENTER_DSCF6043_220109-1200x1200.jpg 1200w, https:\/\/gus.no\/blogg\/wp-content\/uploads\/2022\/10\/PORTRETT_STUDENTER_DSCF6043_220109-1860x1860.jpg 1860w\" sizes=\"(max-width: 1024px) 100vw, 1024px\" \/><\/figure><\/div>\n\n\n\n<blockquote class=\"wp-block-quote is-layout-flow wp-block-quote-is-layout-flow\"><p><\/p><cite>De gj\u00f8r oss obs p\u00e5 v\u00e5re svakheter og styrker, og gj\u00f8r det lettere \u00e5 se hverandre. Det er viktig \u00e5 ha fokus p\u00e5 det fordi, ellers blir det fort utrygt og usikkert. Det kan komme uforutsigbare situasjoner der man f\u00f8ler at man ikke har kontroll over det som skjer i et team, og da er det viktig at man har gode relasjoner til hverandre, forteller hun.<\/cite><\/blockquote>\n\n\n\n<blockquote class=\"wp-block-quote is-layout-flow wp-block-quote-is-layout-flow\"><p><\/p><cite>Jeg synes det er veldig godt fokus p\u00e5 teambygging p\u00e5 G\u00e5 Ut Senteret. Noe av det vi gj\u00f8r p\u00e5 teamsamlinger er \u00e5 snakke om hvordan vi har det og l\u00e6rer om ulike tema. Vi ber ogs\u00e5 for hverandre og har det g\u00f8y sammen. Slik f\u00e5r vi n\u00e6rere relasjoner til hverandre, forteller hun.&nbsp;<\/cite><\/blockquote>\n\n\n\n<div class=\"wp-block-image\"><figure class=\"aligncenter\"><img loading=\"lazy\" decoding=\"async\" width=\"1024\" height=\"683\" src=\"https:\/\/gus.no\/blogg\/wp-content\/uploads\/2022\/10\/TEAMSAMLING_DSCF6903_220809-1024x683.jpg\" alt=\"\" class=\"wp-image-6638\" srcset=\"https:\/\/gus.no\/blogg\/wp-content\/uploads\/2022\/10\/TEAMSAMLING_DSCF6903_220809-1024x683.jpg 1024w, https:\/\/gus.no\/blogg\/wp-content\/uploads\/2022\/10\/TEAMSAMLING_DSCF6903_220809-300x200.jpg 300w, https:\/\/gus.no\/blogg\/wp-content\/uploads\/2022\/10\/TEAMSAMLING_DSCF6903_220809-768x512.jpg 768w, https:\/\/gus.no\/blogg\/wp-content\/uploads\/2022\/10\/TEAMSAMLING_DSCF6903_220809-1200x800.jpg 1200w, https:\/\/gus.no\/blogg\/wp-content\/uploads\/2022\/10\/TEAMSAMLING_DSCF6903_220809-1860x1240.jpg 1860w\" sizes=\"(max-width: 1024px) 100vw, 1024px\" \/><\/figure><\/div>\n\n\n\n<p>Sist men ikke minst er teamsamlingene en god arena for vekst&nbsp; og utvikling. Opplevelsene de vil f\u00e5 vil utfordre dem, men ogs\u00e5 oppmuntre til et liv i etterf\u00f8lgelse av Jesus. De vil vokse i tro og f\u00e5 erfaringer som beriker livet sammen som et team.<\/p>\n","protected":false},"excerpt":{"rendered":"<p>H\u00f8stferien er vel overst\u00e5tt og utreise n\u00e6rmer seg med stormskritt b\u00e5de for Faith in action og Global disippel. Teamene er n\u00e5 godt etablert og de siste forberedelsene kommer p\u00e5 rekke og rad f\u00f8r de skal ut \u00e5 pr\u00f8ve seg i misjonsfeltet.<\/p>\n","protected":false},"author":53,"featured_media":6633,"comment_status":"open","ping_status":"open","sticky":false,"template":"","format":"standard","meta":{"_exactmetrics_skip_tracking":false,"_exactmetrics_sitenote_active":false,"_exactmetrics_sitenote_note":"","_exactmetrics_sitenote_category":0,"footnotes":""},"categories":[10,12],"tags":[],"class_list":["post-6623","post","type-post","status-publish","format-standard","has-post-thumbnail","hentry","category-faith-in-action","category-global-disippel","has-thumbnail"],"yoast_head":"<!-- This site is optimized with the Yoast SEO plugin v23.5 - https:\/\/yoast.com\/wordpress\/plugins\/seo\/ -->\n<title>Sammen for vekst - Blogg<\/title>\n<meta name=\"robots\" content=\"index, follow, max-snippet:-1, max-image-preview:large, max-video-preview:-1\" \/>\n<link rel=\"canonical\" href=\"https:\/\/gus.no\/blogg\/sammen-for-vekst\/\" \/>\n<meta property=\"og:locale\" content=\"nb_NO\" \/>\n<meta property=\"og:type\" content=\"article\" \/>\n<meta property=\"og:title\" content=\"Sammen for vekst - Blogg\" \/>\n<meta property=\"og:description\" content=\"H\u00f8stferien er vel overst\u00e5tt og utreise n\u00e6rmer seg med stormskritt b\u00e5de for Faith in action og Global disippel. Teamene er n\u00e5 godt etablert og de siste forberedelsene kommer p\u00e5 rekke og rad f\u00f8r de skal ut \u00e5 pr\u00f8ve seg i misjonsfeltet.\" \/>\n<meta property=\"og:url\" content=\"https:\/\/gus.no\/blogg\/sammen-for-vekst\/\" \/>\n<meta property=\"og:site_name\" content=\"Blogg\" \/>\n<meta property=\"article:publisher\" content=\"http:\/\/www.facebook.com\/gaautsenteret\" \/>\n<meta property=\"article:published_time\" content=\"2022-10-18T15:00:50+00:00\" \/>\n<meta property=\"article:modified_time\" content=\"2022-11-07T13:29:18+00:00\" \/>\n<meta property=\"og:image\" content=\"https:\/\/gus.no\/blogg\/wp-content\/uploads\/2022\/10\/X-WEEKNED_20221018_DSCF9154-1024x683.jpg\" \/>\n\t<meta property=\"og:image:width\" content=\"1024\" \/>\n\t<meta property=\"og:image:height\" content=\"683\" \/>\n\t<meta property=\"og:image:type\" content=\"image\/jpeg\" \/>\n<meta name=\"author\" content=\"Amalie Holm\" \/>\n<meta name=\"twitter:card\" content=\"summary_large_image\" \/>\n<meta name=\"twitter:label1\" content=\"Skrevet av\" \/>\n\t<meta name=\"twitter:data1\" content=\"Amalie Holm\" \/>\n\t<meta name=\"twitter:label2\" content=\"Ansl. lesetid\" \/>\n\t<meta name=\"twitter:data2\" content=\"3 minutter\" \/>\n<script type=\"application\/ld+json\" class=\"yoast-schema-graph\">{\"@context\":\"https:\/\/schema.org\",\"@graph\":[{\"@type\":\"WebPage\",\"@id\":\"https:\/\/gus.no\/blogg\/sammen-for-vekst\/\",\"url\":\"https:\/\/gus.no\/blogg\/sammen-for-vekst\/\",\"name\":\"Sammen for vekst - Blogg\",\"isPartOf\":{\"@id\":\"http:\/\/gus.no\/blogg\/#website\"},\"primaryImageOfPage\":{\"@id\":\"https:\/\/gus.no\/blogg\/sammen-for-vekst\/#primaryimage\"},\"image\":{\"@id\":\"https:\/\/gus.no\/blogg\/sammen-for-vekst\/#primaryimage\"},\"thumbnailUrl\":\"https:\/\/gus.no\/blogg\/wp-content\/uploads\/2022\/10\/X-WEEKNED_20221018_DSCF9154.jpg\",\"datePublished\":\"2022-10-18T15:00:50+00:00\",\"dateModified\":\"2022-11-07T13:29:18+00:00\",\"author\":{\"@id\":\"http:\/\/gus.no\/blogg\/#\/schema\/person\/3325dda442a7a46ce84410187620bf34\"},\"breadcrumb\":{\"@id\":\"https:\/\/gus.no\/blogg\/sammen-for-vekst\/#breadcrumb\"},\"inLanguage\":\"nb-NO\",\"potentialAction\":[{\"@type\":\"ReadAction\",\"target\":[\"https:\/\/gus.no\/blogg\/sammen-for-vekst\/\"]}]},{\"@type\":\"ImageObject\",\"inLanguage\":\"nb-NO\",\"@id\":\"https:\/\/gus.no\/blogg\/sammen-for-vekst\/#primaryimage\",\"url\":\"https:\/\/gus.no\/blogg\/wp-content\/uploads\/2022\/10\/X-WEEKNED_20221018_DSCF9154.jpg\",\"contentUrl\":\"https:\/\/gus.no\/blogg\/wp-content\/uploads\/2022\/10\/X-WEEKNED_20221018_DSCF9154.jpg\",\"width\":6240,\"height\":4160},{\"@type\":\"BreadcrumbList\",\"@id\":\"https:\/\/gus.no\/blogg\/sammen-for-vekst\/#breadcrumb\",\"itemListElement\":[{\"@type\":\"ListItem\",\"position\":1,\"name\":\"Hjem\",\"item\":\"http:\/\/gus.no\/blogg\/\"},{\"@type\":\"ListItem\",\"position\":2,\"name\":\"Sammen for vekst\"}]},{\"@type\":\"WebSite\",\"@id\":\"http:\/\/gus.no\/blogg\/#website\",\"url\":\"http:\/\/gus.no\/blogg\/\",\"name\":\"Blogg\",\"description\":\"G\u00e5 Ut Senteret\",\"potentialAction\":[{\"@type\":\"SearchAction\",\"target\":{\"@type\":\"EntryPoint\",\"urlTemplate\":\"http:\/\/gus.no\/blogg\/?s={search_term_string}\"},\"query-input\":{\"@type\":\"PropertyValueSpecification\",\"valueRequired\":true,\"valueName\":\"search_term_string\"}}],\"inLanguage\":\"nb-NO\"},{\"@type\":\"Person\",\"@id\":\"http:\/\/gus.no\/blogg\/#\/schema\/person\/3325dda442a7a46ce84410187620bf34\",\"name\":\"Amalie Holm\",\"url\":\"https:\/\/gus.no\/blogg\/author\/amalie\/\"}]}<\/script>\n<!-- \/ Yoast SEO plugin. -->","yoast_head_json":{"title":"Sammen for vekst - Blogg","robots":{"index":"index","follow":"follow","max-snippet":"max-snippet:-1","max-image-preview":"max-image-preview:large","max-video-preview":"max-video-preview:-1"},"canonical":"https:\/\/gus.no\/blogg\/sammen-for-vekst\/","og_locale":"nb_NO","og_type":"article","og_title":"Sammen for vekst - Blogg","og_description":"H\u00f8stferien er vel overst\u00e5tt og utreise n\u00e6rmer seg med stormskritt b\u00e5de for Faith in action og Global disippel. Teamene er n\u00e5 godt etablert og de siste forberedelsene kommer p\u00e5 rekke og rad f\u00f8r de skal ut \u00e5 pr\u00f8ve seg i misjonsfeltet.","og_url":"https:\/\/gus.no\/blogg\/sammen-for-vekst\/","og_site_name":"Blogg","article_publisher":"http:\/\/www.facebook.com\/gaautsenteret","article_published_time":"2022-10-18T15:00:50+00:00","article_modified_time":"2022-11-07T13:29:18+00:00","og_image":[{"width":1024,"height":683,"url":"https:\/\/gus.no\/blogg\/wp-content\/uploads\/2022\/10\/X-WEEKNED_20221018_DSCF9154-1024x683.jpg","type":"image\/jpeg"}],"author":"Amalie Holm","twitter_card":"summary_large_image","twitter_misc":{"Skrevet av":"Amalie Holm","Ansl. lesetid":"3 minutter"},"schema":{"@context":"https:\/\/schema.org","@graph":[{"@type":"WebPage","@id":"https:\/\/gus.no\/blogg\/sammen-for-vekst\/","url":"https:\/\/gus.no\/blogg\/sammen-for-vekst\/","name":"Sammen for vekst - Blogg","isPartOf":{"@id":"http:\/\/gus.no\/blogg\/#website"},"primaryImageOfPage":{"@id":"https:\/\/gus.no\/blogg\/sammen-for-vekst\/#primaryimage"},"image":{"@id":"https:\/\/gus.no\/blogg\/sammen-for-vekst\/#primaryimage"},"thumbnailUrl":"https:\/\/gus.no\/blogg\/wp-content\/uploads\/2022\/10\/X-WEEKNED_20221018_DSCF9154.jpg","datePublished":"2022-10-18T15:00:50+00:00","dateModified":"2022-11-07T13:29:18+00:00","author":{"@id":"http:\/\/gus.no\/blogg\/#\/schema\/person\/3325dda442a7a46ce84410187620bf34"},"breadcrumb":{"@id":"https:\/\/gus.no\/blogg\/sammen-for-vekst\/#breadcrumb"},"inLanguage":"nb-NO","potentialAction":[{"@type":"ReadAction","target":["https:\/\/gus.no\/blogg\/sammen-for-vekst\/"]}]},{"@type":"ImageObject","inLanguage":"nb-NO","@id":"https:\/\/gus.no\/blogg\/sammen-for-vekst\/#primaryimage","url":"https:\/\/gus.no\/blogg\/wp-content\/uploads\/2022\/10\/X-WEEKNED_20221018_DSCF9154.jpg","contentUrl":"https:\/\/gus.no\/blogg\/wp-content\/uploads\/2022\/10\/X-WEEKNED_20221018_DSCF9154.jpg","width":6240,"height":4160},{"@type":"BreadcrumbList","@id":"https:\/\/gus.no\/blogg\/sammen-for-vekst\/#breadcrumb","itemListElement":[{"@type":"ListItem","position":1,"name":"Hjem","item":"http:\/\/gus.no\/blogg\/"},{"@type":"ListItem","position":2,"name":"Sammen for vekst"}]},{"@type":"WebSite","@id":"http:\/\/gus.no\/blogg\/#website","url":"http:\/\/gus.no\/blogg\/","name":"Blogg","description":"G\u00e5 Ut Senteret","potentialAction":[{"@type":"SearchAction","target":{"@type":"EntryPoint","urlTemplate":"http:\/\/gus.no\/blogg\/?s={search_term_string}"},"query-input":{"@type":"PropertyValueSpecification","valueRequired":true,"valueName":"search_term_string"}}],"inLanguage":"nb-NO"},{"@type":"Person","@id":"http:\/\/gus.no\/blogg\/#\/schema\/person\/3325dda442a7a46ce84410187620bf34","name":"Amalie Holm","url":"https:\/\/gus.no\/blogg\/author\/amalie\/"}]}},"_links":{"self":[{"href":"https:\/\/gus.no\/blogg\/wp-json\/wp\/v2\/posts\/6623"}],"collection":[{"href":"https:\/\/gus.no\/blogg\/wp-json\/wp\/v2\/posts"}],"about":[{"href":"https:\/\/gus.no\/blogg\/wp-json\/wp\/v2\/types\/post"}],"author":[{"embeddable":true,"href":"https:\/\/gus.no\/blogg\/wp-json\/wp\/v2\/users\/53"}],"replies":[{"embeddable":true,"href":"https:\/\/gus.no\/blogg\/wp-json\/wp\/v2\/comments?post=6623"}],"version-history":[{"count":19,"href":"https:\/\/gus.no\/blogg\/wp-json\/wp\/v2\/posts\/6623\/revisions"}],"predecessor-version":[{"id":6683,"href":"https:\/\/gus.no\/blogg\/wp-json\/wp\/v2\/posts\/6623\/revisions\/6683"}],"wp:featuredmedia":[{"embeddable":true,"href":"https:\/\/gus.no\/blogg\/wp-json\/wp\/v2\/media\/6633"}],"wp:attachment":[{"href":"https:\/\/gus.no\/blogg\/wp-json\/wp\/v2\/media?parent=6623"}],"wp:term":[{"taxonomy":"category","embeddable":true,"href":"https:\/\/gus.no\/blogg\/wp-json\/wp\/v2\/categories?post=6623"},{"taxonomy":"post_tag","embeddable":true,"href":"https:\/\/gus.no\/blogg\/wp-json\/wp\/v2\/tags?post=6623"}],"curies":[{"name":"wp","href":"https:\/\/api.w.org\/{rel}","templated":true}]}}