{"id":7432,"date":"2023-06-08T15:21:00","date_gmt":"2023-06-08T13:21:00","guid":{"rendered":"https:\/\/gus.no\/blogg\/?p=7432"},"modified":"2023-09-01T12:44:34","modified_gmt":"2023-09-01T10:44:34","slug":"misjon-i-hjertet","status":"publish","type":"post","link":"https:\/\/gus.no\/blogg\/misjon-i-hjertet\/","title":{"rendered":"Misjon i hjertet"},"content":{"rendered":"\n<p>Den tidligere misjon\u00e6ren har tre voksne barn og bor i Trondheim sammen med kona. De siste \u00e5rene har han v\u00e6rt Regionleder i Misjonssambandet utland med ansvar for misjonsarbeidet i deler av Asia. N\u00e5 ser han frem til \u00e5 ha base i Trondheim som rektor p\u00e5 misjonsskolen G\u00e5 Ut Senteret.<\/p>\n\n\n\n<p>&#8211; Jeg har en identitet som misjon\u00e6r, og har v\u00e6rt misjon\u00e6r i Indonesia i 6,5 \u00e5r. Etter det jobbet jeg med misjon b\u00e5de i Norge og utlandet. S\u00e5 det er viktig for meg med misjon.<\/p>\n\n\n\n<p><em>&#8211; Snakket dere mye om misjon i din barndom?<\/em><\/p>\n\n\n\n<p>&#8211; Jeg har vokst opp i et hjem der misjon har v\u00e6rt viktig. Tanken om \u00e5 bli misjon\u00e6r er noe som har fulgt meg fra jeg var ganske liten.&nbsp;<\/p>\n\n\n\n<p>For Olav er det kjennskapet til Jesus som driver misjonshjertet hans.&nbsp;<\/p>\n\n\n\n<figure class=\"wp-block-gallery alignwide has-nested-images columns-default is-cropped wp-block-gallery-1 is-layout-flex wp-block-gallery-is-layout-flex\">\n<figure class=\"wp-block-image size-large is-style-default\"><img loading=\"lazy\" decoding=\"async\" width=\"1024\" height=\"577\" data-id=\"7441\" src=\"https:\/\/gus.no\/blogg\/wp-content\/uploads\/2023\/06\/20221219-Olav-Olai-Froydis-NIkolai-Brita-Nining-Budi.-foto-Privat-1024x577.jpg\" alt=\"\" class=\"wp-image-7441\" srcset=\"https:\/\/gus.no\/blogg\/wp-content\/uploads\/2023\/06\/20221219-Olav-Olai-Froydis-NIkolai-Brita-Nining-Budi.-foto-Privat-1024x577.jpg 1024w, https:\/\/gus.no\/blogg\/wp-content\/uploads\/2023\/06\/20221219-Olav-Olai-Froydis-NIkolai-Brita-Nining-Budi.-foto-Privat-300x169.jpg 300w, https:\/\/gus.no\/blogg\/wp-content\/uploads\/2023\/06\/20221219-Olav-Olai-Froydis-NIkolai-Brita-Nining-Budi.-foto-Privat-768x433.jpg 768w, https:\/\/gus.no\/blogg\/wp-content\/uploads\/2023\/06\/20221219-Olav-Olai-Froydis-NIkolai-Brita-Nining-Budi.-foto-Privat-1536x865.jpg 1536w, https:\/\/gus.no\/blogg\/wp-content\/uploads\/2023\/06\/20221219-Olav-Olai-Froydis-NIkolai-Brita-Nining-Budi.-foto-Privat-2048x1154.jpg 2048w, https:\/\/gus.no\/blogg\/wp-content\/uploads\/2023\/06\/20221219-Olav-Olai-Froydis-NIkolai-Brita-Nining-Budi.-foto-Privat-1200x676.jpg 1200w, https:\/\/gus.no\/blogg\/wp-content\/uploads\/2023\/06\/20221219-Olav-Olai-Froydis-NIkolai-Brita-Nining-Budi.-foto-Privat-1860x1048.jpg 1860w\" sizes=\"(max-width: 1024px) 100vw, 1024px\" \/><figcaption class=\"wp-element-caption\">Olav sammen med barnebarn, kone, to av barna og tidligere sj\u00e5f\u00f8r med kona hans.<\/figcaption><\/figure>\n<\/figure>\n\n\n\n<p>&#8211; Jeg har blitt kjent med Jesus og Jesus betyr masse for meg. Jesus har ogs\u00e5 sagt at vi som \u00f8nsker \u00e5 f\u00f8lge ham, skal v\u00e6re med og fortelle om ham til alle mennesker. Derfor tenker jeg at alle kristne har et ansvar for \u00e5 bringe budskapet om Jesus videre.&nbsp;<\/p>\n\n\n\n<p>&#8211; Noen skal reise ut, andre skal v\u00e6re igjen der de er og tjene Jesus der. Men alle kristne er kalt til \u00e5 v\u00e6re med i misjon p\u00e5 en eller annen m\u00e5te. For meg har det v\u00e6rt en lyst til \u00e5 reise til andre land, ikke bare v\u00e6re lokal bonde p\u00e5 Fitjar. Jeg har hatt en dragning mot \u00e5 reise ut siden jeg var liten.&nbsp;<\/p>\n\n\n\n<p>I tillegg til \u00e5 v\u00e6re misjon\u00e6r i Indonesia har Olav hatt et lang karriere i NLM som blant annet forkynner, kretssekret\u00e6r i Tr\u00f8ndelag og regionsleder for Midt-Norge. Siden 2016 har han jobbet som regionleder utland med fastlands-Kina, Hongkong, Macao, Taiwan, Japan og Indonesia som fokusland.<\/p>\n\n\n\n<p>&#8211; Som regionleder har jeg&nbsp; v\u00e6rt med \u00e5 rekruttere og fulgt opp misjon\u00e6rer, men ogs\u00e5 v\u00e6rt med p\u00e5 den strategiske tenkningen rundt arbeidet.&nbsp;<\/p>\n\n\n\n<p>Som rektor p\u00e5 G\u00e5 Ut Senteret dr\u00f8mmer Olav om \u00e5 spre sin glede for Jesus, men ogs\u00e5 sitt misjonsengasjement til ungdom.&nbsp;<\/p>\n\n\n\n<p>&#8211; Jeg dr\u00f8mmer om at G\u00e5 Ut Senteret skal v\u00e6re en plass der ungdom kan bli bedre kjent med seg selv og Jesus, men ogs\u00e5 bli tent for misjon b\u00e5de i Norge og ute i verden.<\/p>\n\n\n\n<p>Ved hjelp av Den hellige \u00c5nd \u00f8nsker Olav \u00e5 v\u00e6re et redskap for Gud og stiller seg til disposisjon med sine gaver.<\/p>\n\n\n\n<p>&#8211; Jeg kan f\u00e5 v\u00e6re med og legge til rette for god og sunn bibelundervisning. Den hellige \u00c5nd m\u00e5 jobbe med studentene og de ansatte. Heldigvis s\u00e5 er det ikke en oppgave som jeg skal gj\u00f8re i min egen kraft. Det er Gud som er misjonens herre, og jeg er takknemlig for at jeg f\u00e5r lov til \u00e5 v\u00e6re med og bidra.<\/p>\n\n\n\n<figure class=\"wp-block-gallery alignwide has-nested-images columns-default is-cropped wp-block-gallery-2 is-layout-flex wp-block-gallery-is-layout-flex\">\n<figure class=\"wp-block-image size-large\"><img loading=\"lazy\" decoding=\"async\" width=\"1024\" height=\"683\" data-id=\"7436\" src=\"https:\/\/gus.no\/blogg\/wp-content\/uploads\/2023\/06\/Rektormote_080623_DSCF7199-edited-1024x683.jpg\" alt=\"\" class=\"wp-image-7436\" srcset=\"https:\/\/gus.no\/blogg\/wp-content\/uploads\/2023\/06\/Rektormote_080623_DSCF7199-edited-1024x683.jpg 1024w, https:\/\/gus.no\/blogg\/wp-content\/uploads\/2023\/06\/Rektormote_080623_DSCF7199-edited-300x200.jpg 300w, https:\/\/gus.no\/blogg\/wp-content\/uploads\/2023\/06\/Rektormote_080623_DSCF7199-edited-768x512.jpg 768w, https:\/\/gus.no\/blogg\/wp-content\/uploads\/2023\/06\/Rektormote_080623_DSCF7199-edited-1536x1024.jpg 1536w, https:\/\/gus.no\/blogg\/wp-content\/uploads\/2023\/06\/Rektormote_080623_DSCF7199-edited-2048x1366.jpg 2048w, https:\/\/gus.no\/blogg\/wp-content\/uploads\/2023\/06\/Rektormote_080623_DSCF7199-edited-1200x800.jpg 1200w, https:\/\/gus.no\/blogg\/wp-content\/uploads\/2023\/06\/Rektormote_080623_DSCF7199-edited-1860x1240.jpg 1860w\" sizes=\"(max-width: 1024px) 100vw, 1024px\" \/><figcaption class=\"wp-element-caption\">Olav g\u00e5r gjennom arbeidsoppgavene til en rektor sammen med tidligere rektor \u00d8rjan Tinnen og assisterende rektor Heidi Fossan.<\/figcaption><\/figure>\n<\/figure>\n\n\n\n<p>Han sammenligner seg med sitt barnebarn p\u00e5 15 m\u00e5neder og hvordan han ser den lille gutten herme etter sin far og mor n\u00e5r de rydder.&nbsp;<\/p>\n\n\n\n<p>&#8211; Jeg \u00f8nsker \u00e5 tjene og bidra, men ser ogs\u00e5 at jeg har mine begrensninger. Ansvaret er Guds og det er hans misjon. Jeg er takknemlig for at jeg f\u00e5r v\u00e6re med selv om det kan bli litt s\u00e5nn som barnebarnet mitt som pr\u00f8ver \u00e5 gj\u00f8re s\u00e5nn som mammaen og pappaen sin gj\u00f8r. Det \u00e5 f\u00e5 v\u00e6re p\u00e5 G\u00e5 Ut Senteret hvor misjon er s\u00e5 levende ser jeg p\u00e5 som et stort privilegium.<\/p>\n\n\n\n<figure class=\"wp-block-gallery has-nested-images columns-default is-cropped wp-block-gallery-3 is-layout-flex wp-block-gallery-is-layout-flex\">\n<figure class=\"wp-block-image size-large\"><img loading=\"lazy\" decoding=\"async\" width=\"768\" height=\"1024\" data-id=\"7442\" src=\"https:\/\/gus.no\/blogg\/wp-content\/uploads\/2023\/06\/20221224-Olav-Vestbostad-og-Olai-Bonsaksen-Vestbostad.-Foto-Froydis-Vestbostad-768x1024.jpg\" alt=\"\" class=\"wp-image-7442\" srcset=\"https:\/\/gus.no\/blogg\/wp-content\/uploads\/2023\/06\/20221224-Olav-Vestbostad-og-Olai-Bonsaksen-Vestbostad.-Foto-Froydis-Vestbostad-768x1024.jpg 768w, https:\/\/gus.no\/blogg\/wp-content\/uploads\/2023\/06\/20221224-Olav-Vestbostad-og-Olai-Bonsaksen-Vestbostad.-Foto-Froydis-Vestbostad-225x300.jpg 225w, https:\/\/gus.no\/blogg\/wp-content\/uploads\/2023\/06\/20221224-Olav-Vestbostad-og-Olai-Bonsaksen-Vestbostad.-Foto-Froydis-Vestbostad.jpg 940w\" sizes=\"(max-width: 768px) 100vw, 768px\" \/><figcaption class=\"wp-element-caption\">Olav sammen med barnebarnet i Indonesia. <\/figcaption><\/figure>\n<\/figure>\n\n\n\n<p><em>&#8211; S\u00e5 du har et liv som er innhyllet i misjonen?<\/em><\/p>\n\n\n\n<p>&#8211; Ja, det har jeg, og s\u00e5 langt har jeg hatt min tjeneste i Misjonssambandet. Det \u00e5 jobbe i Normisjon er litt nytt for meg, men det ser jeg bare lyst p\u00e5. Det oppleves fint, s\u00e5 langt. Og jeg opplever meg veldig godt mottatt her. B\u00e5de blant staben, storstaben p\u00e5 huset og studentene.<\/p>\n\n\n\n<p><em>&#8211; Er det noe du er spent p\u00e5 i forbindelse med rektorjobben?<\/em><\/p>\n\n\n\n<p>&#8211; Jeg kjenner jo p\u00e5 at jeg har veldig mye \u00e5 l\u00e6re siden jeg aldri har v\u00e6rt rektor f\u00f8r. Jeg har en del ledererfaring, men ikke innen skoleledelse. Jeg kjenner p\u00e5 en stor ydmykhet i m\u00f8te med mange av oppgavene og er glad for \u00e5 g\u00e5 inn i et fellesskap med en stab som har masse erfaring.&nbsp;<\/p>\n\n\n\n<p>&#8211; Jeg tror at G\u00e5 Ut Senteret er p\u00e5 en god plass n\u00e5, og jeg \u00f8nsker at vi sammen skal g\u00e5 videre i den retningen som Gud leder oss, noe ogs\u00e5 Normisjon trenger. Kanskje ogs\u00e5 for \u00e5 f\u00e5 mer betydning for Trondheim by og arbeidet her.<\/p>\n\n\n\n<figure class=\"wp-block-gallery alignwide has-nested-images columns-default is-cropped wp-block-gallery-4 is-layout-flex wp-block-gallery-is-layout-flex\">\n<figure class=\"wp-block-image size-large\"><img loading=\"lazy\" decoding=\"async\" width=\"1024\" height=\"683\" data-id=\"7438\" src=\"https:\/\/gus.no\/blogg\/wp-content\/uploads\/2023\/06\/Olav_Jobb080623_DSCF7867-1-1024x683.jpg\" alt=\"\" class=\"wp-image-7438\" srcset=\"https:\/\/gus.no\/blogg\/wp-content\/uploads\/2023\/06\/Olav_Jobb080623_DSCF7867-1-1024x683.jpg 1024w, https:\/\/gus.no\/blogg\/wp-content\/uploads\/2023\/06\/Olav_Jobb080623_DSCF7867-1-300x200.jpg 300w, https:\/\/gus.no\/blogg\/wp-content\/uploads\/2023\/06\/Olav_Jobb080623_DSCF7867-1-768x512.jpg 768w, https:\/\/gus.no\/blogg\/wp-content\/uploads\/2023\/06\/Olav_Jobb080623_DSCF7867-1-1536x1024.jpg 1536w, https:\/\/gus.no\/blogg\/wp-content\/uploads\/2023\/06\/Olav_Jobb080623_DSCF7867-1-2048x1365.jpg 2048w, https:\/\/gus.no\/blogg\/wp-content\/uploads\/2023\/06\/Olav_Jobb080623_DSCF7867-1-1200x800.jpg 1200w, https:\/\/gus.no\/blogg\/wp-content\/uploads\/2023\/06\/Olav_Jobb080623_DSCF7867-1-1860x1240.jpg 1860w\" sizes=\"(max-width: 1024px) 100vw, 1024px\" \/><figcaption class=\"wp-element-caption\">Rektoroppgavene lar ikke vente p\u00e5 seg for den nyansatte rektoren! <\/figcaption><\/figure>\n<\/figure>\n","protected":false},"excerpt":{"rendered":"<p>Mens skole\u00e5ret g\u00e5r mot en slutt for studentene p\u00e5 G\u00e5 Ut Senteret, er det starten for Olav Vestb\u00f8stad sitt rektoreventyr. Med misjon i hjertet har han stor tillit til hva Gud vil gj\u00f8re gjennom han p\u00e5 G\u00e5 Ut Senteret. <\/p>\n","protected":false},"author":53,"featured_media":7433,"comment_status":"open","ping_status":"open","sticky":false,"template":"","format":"standard","meta":{"_exactmetrics_skip_tracking":false,"_exactmetrics_sitenote_active":false,"_exactmetrics_sitenote_note":"","_exactmetrics_sitenote_category":0,"footnotes":""},"categories":[1],"tags":[],"class_list":["post-7432","post","type-post","status-publish","format-standard","has-post-thumbnail","hentry","category-ukategorisert","has-thumbnail"],"yoast_head":"<!-- This site is optimized with the Yoast SEO plugin v23.5 - https:\/\/yoast.com\/wordpress\/plugins\/seo\/ -->\n<title>Misjon i hjertet - Blogg<\/title>\n<meta name=\"robots\" content=\"index, follow, max-snippet:-1, max-image-preview:large, max-video-preview:-1\" \/>\n<link rel=\"canonical\" href=\"http:\/\/gus.no\/blogg\/misjon-i-hjertet\/\" \/>\n<meta property=\"og:locale\" content=\"nb_NO\" \/>\n<meta property=\"og:type\" content=\"article\" \/>\n<meta property=\"og:title\" content=\"Misjon i hjertet - Blogg\" \/>\n<meta property=\"og:description\" content=\"Mens skole\u00e5ret g\u00e5r mot en slutt for studentene p\u00e5 G\u00e5 Ut Senteret, er det starten for Olav Vestb\u00f8stad sitt rektoreventyr. Med misjon i hjertet har han stor tillit til hva Gud vil gj\u00f8re gjennom han p\u00e5 G\u00e5 Ut Senteret.\" \/>\n<meta property=\"og:url\" content=\"http:\/\/gus.no\/blogg\/misjon-i-hjertet\/\" \/>\n<meta property=\"og:site_name\" content=\"Blogg\" \/>\n<meta property=\"article:publisher\" content=\"http:\/\/www.facebook.com\/gaautsenteret\" \/>\n<meta property=\"article:published_time\" content=\"2023-06-08T13:21:00+00:00\" \/>\n<meta property=\"article:modified_time\" content=\"2023-09-01T10:44:34+00:00\" \/>\n<meta property=\"og:image\" content=\"http:\/\/gus.no\/blogg\/wp-content\/uploads\/2023\/06\/OlavVestbostad_Portrett010623_DSCF7308-scaled.jpg\" \/>\n\t<meta property=\"og:image:width\" content=\"1707\" \/>\n\t<meta property=\"og:image:height\" content=\"2560\" \/>\n\t<meta property=\"og:image:type\" content=\"image\/jpeg\" \/>\n<meta name=\"author\" content=\"Amalie Holm\" \/>\n<meta name=\"twitter:card\" content=\"summary_large_image\" \/>\n<meta name=\"twitter:label1\" content=\"Skrevet av\" \/>\n\t<meta name=\"twitter:data1\" content=\"Amalie Holm\" \/>\n\t<meta name=\"twitter:label2\" content=\"Ansl. lesetid\" \/>\n\t<meta name=\"twitter:data2\" content=\"4 minutter\" \/>\n<script type=\"application\/ld+json\" class=\"yoast-schema-graph\">{\"@context\":\"https:\/\/schema.org\",\"@graph\":[{\"@type\":\"WebPage\",\"@id\":\"http:\/\/gus.no\/blogg\/misjon-i-hjertet\/\",\"url\":\"http:\/\/gus.no\/blogg\/misjon-i-hjertet\/\",\"name\":\"Misjon i hjertet - Blogg\",\"isPartOf\":{\"@id\":\"http:\/\/gus.no\/blogg\/#website\"},\"primaryImageOfPage\":{\"@id\":\"http:\/\/gus.no\/blogg\/misjon-i-hjertet\/#primaryimage\"},\"image\":{\"@id\":\"http:\/\/gus.no\/blogg\/misjon-i-hjertet\/#primaryimage\"},\"thumbnailUrl\":\"https:\/\/gus.no\/blogg\/wp-content\/uploads\/2023\/06\/OlavVestbostad_Portrett010623_DSCF7308-scaled.jpg\",\"datePublished\":\"2023-06-08T13:21:00+00:00\",\"dateModified\":\"2023-09-01T10:44:34+00:00\",\"author\":{\"@id\":\"http:\/\/gus.no\/blogg\/#\/schema\/person\/3325dda442a7a46ce84410187620bf34\"},\"breadcrumb\":{\"@id\":\"http:\/\/gus.no\/blogg\/misjon-i-hjertet\/#breadcrumb\"},\"inLanguage\":\"nb-NO\",\"potentialAction\":[{\"@type\":\"ReadAction\",\"target\":[\"http:\/\/gus.no\/blogg\/misjon-i-hjertet\/\"]}]},{\"@type\":\"ImageObject\",\"inLanguage\":\"nb-NO\",\"@id\":\"http:\/\/gus.no\/blogg\/misjon-i-hjertet\/#primaryimage\",\"url\":\"https:\/\/gus.no\/blogg\/wp-content\/uploads\/2023\/06\/OlavVestbostad_Portrett010623_DSCF7308-scaled.jpg\",\"contentUrl\":\"https:\/\/gus.no\/blogg\/wp-content\/uploads\/2023\/06\/OlavVestbostad_Portrett010623_DSCF7308-scaled.jpg\",\"width\":1707,\"height\":2560,\"caption\":\"Olav er ny rektor.\"},{\"@type\":\"BreadcrumbList\",\"@id\":\"http:\/\/gus.no\/blogg\/misjon-i-hjertet\/#breadcrumb\",\"itemListElement\":[{\"@type\":\"ListItem\",\"position\":1,\"name\":\"Hjem\",\"item\":\"http:\/\/gus.no\/blogg\/\"},{\"@type\":\"ListItem\",\"position\":2,\"name\":\"Misjon i hjertet\"}]},{\"@type\":\"WebSite\",\"@id\":\"http:\/\/gus.no\/blogg\/#website\",\"url\":\"http:\/\/gus.no\/blogg\/\",\"name\":\"Blogg\",\"description\":\"G\u00e5 Ut Senteret\",\"potentialAction\":[{\"@type\":\"SearchAction\",\"target\":{\"@type\":\"EntryPoint\",\"urlTemplate\":\"http:\/\/gus.no\/blogg\/?s={search_term_string}\"},\"query-input\":{\"@type\":\"PropertyValueSpecification\",\"valueRequired\":true,\"valueName\":\"search_term_string\"}}],\"inLanguage\":\"nb-NO\"},{\"@type\":\"Person\",\"@id\":\"http:\/\/gus.no\/blogg\/#\/schema\/person\/3325dda442a7a46ce84410187620bf34\",\"name\":\"Amalie Holm\",\"url\":\"https:\/\/gus.no\/blogg\/author\/amalie\/\"}]}<\/script>\n<!-- \/ Yoast SEO plugin. -->","yoast_head_json":{"title":"Misjon i hjertet - Blogg","robots":{"index":"index","follow":"follow","max-snippet":"max-snippet:-1","max-image-preview":"max-image-preview:large","max-video-preview":"max-video-preview:-1"},"canonical":"http:\/\/gus.no\/blogg\/misjon-i-hjertet\/","og_locale":"nb_NO","og_type":"article","og_title":"Misjon i hjertet - Blogg","og_description":"Mens skole\u00e5ret g\u00e5r mot en slutt for studentene p\u00e5 G\u00e5 Ut Senteret, er det starten for Olav Vestb\u00f8stad sitt rektoreventyr. Med misjon i hjertet har han stor tillit til hva Gud vil gj\u00f8re gjennom han p\u00e5 G\u00e5 Ut Senteret.","og_url":"http:\/\/gus.no\/blogg\/misjon-i-hjertet\/","og_site_name":"Blogg","article_publisher":"http:\/\/www.facebook.com\/gaautsenteret","article_published_time":"2023-06-08T13:21:00+00:00","article_modified_time":"2023-09-01T10:44:34+00:00","og_image":[{"width":1707,"height":2560,"url":"http:\/\/gus.no\/blogg\/wp-content\/uploads\/2023\/06\/OlavVestbostad_Portrett010623_DSCF7308-scaled.jpg","type":"image\/jpeg"}],"author":"Amalie Holm","twitter_card":"summary_large_image","twitter_misc":{"Skrevet av":"Amalie Holm","Ansl. lesetid":"4 minutter"},"schema":{"@context":"https:\/\/schema.org","@graph":[{"@type":"WebPage","@id":"http:\/\/gus.no\/blogg\/misjon-i-hjertet\/","url":"http:\/\/gus.no\/blogg\/misjon-i-hjertet\/","name":"Misjon i hjertet - Blogg","isPartOf":{"@id":"http:\/\/gus.no\/blogg\/#website"},"primaryImageOfPage":{"@id":"http:\/\/gus.no\/blogg\/misjon-i-hjertet\/#primaryimage"},"image":{"@id":"http:\/\/gus.no\/blogg\/misjon-i-hjertet\/#primaryimage"},"thumbnailUrl":"https:\/\/gus.no\/blogg\/wp-content\/uploads\/2023\/06\/OlavVestbostad_Portrett010623_DSCF7308-scaled.jpg","datePublished":"2023-06-08T13:21:00+00:00","dateModified":"2023-09-01T10:44:34+00:00","author":{"@id":"http:\/\/gus.no\/blogg\/#\/schema\/person\/3325dda442a7a46ce84410187620bf34"},"breadcrumb":{"@id":"http:\/\/gus.no\/blogg\/misjon-i-hjertet\/#breadcrumb"},"inLanguage":"nb-NO","potentialAction":[{"@type":"ReadAction","target":["http:\/\/gus.no\/blogg\/misjon-i-hjertet\/"]}]},{"@type":"ImageObject","inLanguage":"nb-NO","@id":"http:\/\/gus.no\/blogg\/misjon-i-hjertet\/#primaryimage","url":"https:\/\/gus.no\/blogg\/wp-content\/uploads\/2023\/06\/OlavVestbostad_Portrett010623_DSCF7308-scaled.jpg","contentUrl":"https:\/\/gus.no\/blogg\/wp-content\/uploads\/2023\/06\/OlavVestbostad_Portrett010623_DSCF7308-scaled.jpg","width":1707,"height":2560,"caption":"Olav er ny rektor."},{"@type":"BreadcrumbList","@id":"http:\/\/gus.no\/blogg\/misjon-i-hjertet\/#breadcrumb","itemListElement":[{"@type":"ListItem","position":1,"name":"Hjem","item":"http:\/\/gus.no\/blogg\/"},{"@type":"ListItem","position":2,"name":"Misjon i hjertet"}]},{"@type":"WebSite","@id":"http:\/\/gus.no\/blogg\/#website","url":"http:\/\/gus.no\/blogg\/","name":"Blogg","description":"G\u00e5 Ut Senteret","potentialAction":[{"@type":"SearchAction","target":{"@type":"EntryPoint","urlTemplate":"http:\/\/gus.no\/blogg\/?s={search_term_string}"},"query-input":{"@type":"PropertyValueSpecification","valueRequired":true,"valueName":"search_term_string"}}],"inLanguage":"nb-NO"},{"@type":"Person","@id":"http:\/\/gus.no\/blogg\/#\/schema\/person\/3325dda442a7a46ce84410187620bf34","name":"Amalie Holm","url":"https:\/\/gus.no\/blogg\/author\/amalie\/"}]}},"_links":{"self":[{"href":"https:\/\/gus.no\/blogg\/wp-json\/wp\/v2\/posts\/7432"}],"collection":[{"href":"https:\/\/gus.no\/blogg\/wp-json\/wp\/v2\/posts"}],"about":[{"href":"https:\/\/gus.no\/blogg\/wp-json\/wp\/v2\/types\/post"}],"author":[{"embeddable":true,"href":"https:\/\/gus.no\/blogg\/wp-json\/wp\/v2\/users\/53"}],"replies":[{"embeddable":true,"href":"https:\/\/gus.no\/blogg\/wp-json\/wp\/v2\/comments?post=7432"}],"version-history":[{"count":11,"href":"https:\/\/gus.no\/blogg\/wp-json\/wp\/v2\/posts\/7432\/revisions"}],"predecessor-version":[{"id":7455,"href":"https:\/\/gus.no\/blogg\/wp-json\/wp\/v2\/posts\/7432\/revisions\/7455"}],"wp:featuredmedia":[{"embeddable":true,"href":"https:\/\/gus.no\/blogg\/wp-json\/wp\/v2\/media\/7433"}],"wp:attachment":[{"href":"https:\/\/gus.no\/blogg\/wp-json\/wp\/v2\/media?parent=7432"}],"wp:term":[{"taxonomy":"category","embeddable":true,"href":"https:\/\/gus.no\/blogg\/wp-json\/wp\/v2\/categories?post=7432"},{"taxonomy":"post_tag","embeddable":true,"href":"https:\/\/gus.no\/blogg\/wp-json\/wp\/v2\/tags?post=7432"}],"curies":[{"name":"wp","href":"https:\/\/api.w.org\/{rel}","templated":true}]}}