{"id":7565,"date":"2023-12-04T13:18:43","date_gmt":"2023-12-04T12:18:43","guid":{"rendered":"https:\/\/gus.no\/blogg\/?p=7565"},"modified":"2024-03-04T16:56:16","modified_gmt":"2024-03-04T15:56:16","slug":"hjerte-for-byen","status":"publish","type":"post","link":"https:\/\/gus.no\/blogg\/hjerte-for-byen\/","title":{"rendered":"Hjerte for byen!"},"content":{"rendered":"\n<p>Salemhuset er et levende bygg midt i Trondheim sentrum &#8211; her er det alltid noe som foreg\u00e5r! I tillegg til Norkirken Trondheim Salem, har blant annet b\u00e5de 22B og gjenbruksbutikken Galleri Normisjon lokaler her. Som praksisstudent f\u00e5r jeg v\u00e6re med p\u00e5 mye forskjellig av det som skjer og det har v\u00e6rt noen spennende uker frem til n\u00e5!<\/p>\n\n\n\n<p>Hver onsdag er jeg med p\u00e5 22B sin ukentlige spr\u00e5kkafe. Det har v\u00e6rt fint \u00e5 f\u00e5 stifte nye bekjentskap &#8211; og vennskap &#8211; med mennsker i ulike aldersgrupper og med ulik etnisk bakgrunn. Spr\u00e5kkafeen er en fin m\u00f8teplass hvor man samles for \u00e5 snakke norsk. Sist onsdag spilte vi et spill som legger til rette for samtale om mange ulike temaer &#8211; og her ble det b\u00e5de latter og gode samtaler!<\/p>\n\n\n\n<figure class=\"wp-block-image alignwide size-large\"><img loading=\"lazy\" decoding=\"async\" width=\"768\" height=\"1024\" src=\"http:\/\/gus.no\/blogg\/wp-content\/uploads\/2023\/11\/IMG_2671-768x1024.jpeg\" alt=\"\" class=\"wp-image-7568\" srcset=\"https:\/\/gus.no\/blogg\/wp-content\/uploads\/2023\/11\/IMG_2671-768x1024.jpeg 768w, https:\/\/gus.no\/blogg\/wp-content\/uploads\/2023\/11\/IMG_2671-225x300.jpeg 225w, https:\/\/gus.no\/blogg\/wp-content\/uploads\/2023\/11\/IMG_2671-1152x1536.jpeg 1152w, https:\/\/gus.no\/blogg\/wp-content\/uploads\/2023\/11\/IMG_2671-1536x2048.jpeg 1536w, https:\/\/gus.no\/blogg\/wp-content\/uploads\/2023\/11\/IMG_2671-1200x1600.jpeg 1200w, https:\/\/gus.no\/blogg\/wp-content\/uploads\/2023\/11\/IMG_2671-1860x2480.jpeg 1860w, https:\/\/gus.no\/blogg\/wp-content\/uploads\/2023\/11\/IMG_2671-scaled.jpeg 1920w\" sizes=\"(max-width: 768px) 100vw, 768px\" \/><\/figure>\n\n\n\n<p>Hver torsdag jobber jeg i den ny\u00e5pnede gjenbruksbutikken p\u00e5 Salemhuset. Denne uka pyntet vi butikken til jul og det var mange forn\u00f8yde kunder innom.<\/p>\n\n\n\n<figure class=\"wp-block-image alignwide size-large\"><img loading=\"lazy\" decoding=\"async\" width=\"768\" height=\"1024\" src=\"http:\/\/gus.no\/blogg\/wp-content\/uploads\/2023\/11\/IMG_2625-768x1024.jpeg\" alt=\"\" class=\"wp-image-7570\" srcset=\"https:\/\/gus.no\/blogg\/wp-content\/uploads\/2023\/11\/IMG_2625-768x1024.jpeg 768w, https:\/\/gus.no\/blogg\/wp-content\/uploads\/2023\/11\/IMG_2625-225x300.jpeg 225w, https:\/\/gus.no\/blogg\/wp-content\/uploads\/2023\/11\/IMG_2625-1152x1536.jpeg 1152w, https:\/\/gus.no\/blogg\/wp-content\/uploads\/2023\/11\/IMG_2625-1536x2048.jpeg 1536w, https:\/\/gus.no\/blogg\/wp-content\/uploads\/2023\/11\/IMG_2625-1200x1600.jpeg 1200w, https:\/\/gus.no\/blogg\/wp-content\/uploads\/2023\/11\/IMG_2625-1860x2480.jpeg 1860w, https:\/\/gus.no\/blogg\/wp-content\/uploads\/2023\/11\/IMG_2625-scaled.jpeg 1920w\" sizes=\"(max-width: 768px) 100vw, 768px\" \/><\/figure>\n\n\n\n<p>P\u00e5 fredager er jeg engasjert som leder i konfirmantopplegget og ungdomsarbeidet SOLID i Norkirken Trondheim Salem. Det er fint \u00e5 se at ungdommene f\u00e5r en arena hvor de kan l\u00e6re mer om Jesus og ha godt fellesskap med andre ungdommer &#8211; og det er alltid en g\u00f8y lek eller spill i l\u00f8pet av kvelden!<\/p>\n\n\n\n<figure class=\"wp-block-image alignwide size-large\"><img loading=\"lazy\" decoding=\"async\" width=\"768\" height=\"1024\" src=\"http:\/\/gus.no\/blogg\/wp-content\/uploads\/2023\/11\/IMG_2718-768x1024.jpeg\" alt=\"\" class=\"wp-image-7569\" srcset=\"https:\/\/gus.no\/blogg\/wp-content\/uploads\/2023\/11\/IMG_2718-768x1024.jpeg 768w, https:\/\/gus.no\/blogg\/wp-content\/uploads\/2023\/11\/IMG_2718-225x300.jpeg 225w, https:\/\/gus.no\/blogg\/wp-content\/uploads\/2023\/11\/IMG_2718-1152x1536.jpeg 1152w, https:\/\/gus.no\/blogg\/wp-content\/uploads\/2023\/11\/IMG_2718-1536x2048.jpeg 1536w, https:\/\/gus.no\/blogg\/wp-content\/uploads\/2023\/11\/IMG_2718-1200x1600.jpeg 1200w, https:\/\/gus.no\/blogg\/wp-content\/uploads\/2023\/11\/IMG_2718-1860x2480.jpeg 1860w, https:\/\/gus.no\/blogg\/wp-content\/uploads\/2023\/11\/IMG_2718-scaled.jpeg 1920w\" sizes=\"(max-width: 768px) 100vw, 768px\" \/><\/figure>\n\n\n\n<p>I l\u00f8pet av uka f\u00e5r jeg ogs\u00e5 v\u00e6re med staben i menigheten p\u00e5 stabsm\u00f8ter. Det er inspirerende \u00e5 se hvordan staben jobber m\u00e5lrettet for at mennesker skal f\u00e5 m\u00f8te Jesus, bli inkludert i fellesskapet og disippelgjort gjennom det som skjer i menigheten. Det er mange ting som \u00abligger bak\u00bb det \u00e5 drive menighet!<\/p>\n\n\n\n<p>Salemhuset skal v\u00e6re et sted med \u00abHjerte for byen\u00bb, og etter \u00e5 ha f\u00e5tt kommet tettere innp\u00e5 det som skjer p\u00e5 bygget, kan jeg virkelig se dette i praksis! Jeg har lagt merke til at b\u00e5de de ansatte og frivillige viser genuin omsorg for andre mennesker, og de \u00f8nsker \u00e5 gj\u00f8re Jesus kjent i byen. Mange ulike mennesker er innom Salemhusets forskjellige tilbud i l\u00f8pet av uken &#8211; og jeg har allerede sett at omsorgen og fellesskapet de blir m\u00f8tt med her har stor betydning i folks liv!<\/p>\n\n\n\n<figure class=\"wp-block-image alignwide size-large\"><img loading=\"lazy\" decoding=\"async\" width=\"768\" height=\"1024\" src=\"http:\/\/gus.no\/blogg\/wp-content\/uploads\/2023\/11\/IMG_20231104_220319_1-768x1024.jpg\" alt=\"\" class=\"wp-image-7572\" srcset=\"https:\/\/gus.no\/blogg\/wp-content\/uploads\/2023\/11\/IMG_20231104_220319_1-768x1024.jpg 768w, https:\/\/gus.no\/blogg\/wp-content\/uploads\/2023\/11\/IMG_20231104_220319_1-225x300.jpg 225w, https:\/\/gus.no\/blogg\/wp-content\/uploads\/2023\/11\/IMG_20231104_220319_1-1152x1536.jpg 1152w, https:\/\/gus.no\/blogg\/wp-content\/uploads\/2023\/11\/IMG_20231104_220319_1-1536x2048.jpg 1536w, https:\/\/gus.no\/blogg\/wp-content\/uploads\/2023\/11\/IMG_20231104_220319_1-1200x1600.jpg 1200w, https:\/\/gus.no\/blogg\/wp-content\/uploads\/2023\/11\/IMG_20231104_220319_1-1860x2480.jpg 1860w, https:\/\/gus.no\/blogg\/wp-content\/uploads\/2023\/11\/IMG_20231104_220319_1-scaled.jpg 1920w\" sizes=\"(max-width: 768px) 100vw, 768px\" \/><\/figure>\n\n\n\n<p>\u00c5 g\u00e5 Faith in Action med praksis i Norge er en stor velsignelse &#8211; og jeg er takknemlig for all erfaring jeg kan ta med meg herfra! Jeg har l\u00e6rt mye de to f\u00f8rste ukene av praksisperioden og ser fram til \u00e5 se enda mer av hvordan&nbsp;menighet, diakonalt arbeid og misjonsarbeid drives i en av Norges st\u00f8rste byer!<\/p>\n","protected":false},"excerpt":{"rendered":"<p>Fire uker av praksisperioden er over, og jeg har allerede f\u00e5tt v\u00e6rt med p\u00e5 mye spennende i min praksis p\u00e5 Salemhuset i Trondheim!<\/p>\n","protected":false},"author":61,"featured_media":7566,"comment_status":"open","ping_status":"open","sticky":false,"template":"","format":"standard","meta":{"_exactmetrics_skip_tracking":false,"_exactmetrics_sitenote_active":false,"_exactmetrics_sitenote_note":"","_exactmetrics_sitenote_category":0,"footnotes":""},"categories":[10],"tags":[],"class_list":["post-7565","post","type-post","status-publish","format-standard","has-post-thumbnail","hentry","category-faith-in-action","has-thumbnail"],"yoast_head":"<!-- This site is optimized with the Yoast SEO plugin v23.5 - https:\/\/yoast.com\/wordpress\/plugins\/seo\/ -->\n<title>Hjerte for byen! - Blogg<\/title>\n<meta name=\"robots\" content=\"index, follow, max-snippet:-1, max-image-preview:large, max-video-preview:-1\" \/>\n<link rel=\"canonical\" href=\"https:\/\/gus.no\/blogg\/hjerte-for-byen\/\" \/>\n<meta property=\"og:locale\" content=\"nb_NO\" \/>\n<meta property=\"og:type\" content=\"article\" \/>\n<meta property=\"og:title\" content=\"Hjerte for byen! - Blogg\" \/>\n<meta property=\"og:description\" content=\"Fire uker av praksisperioden er over, og jeg har allerede f\u00e5tt v\u00e6rt med p\u00e5 mye spennende i min praksis p\u00e5 Salemhuset i Trondheim!\" \/>\n<meta property=\"og:url\" content=\"https:\/\/gus.no\/blogg\/hjerte-for-byen\/\" \/>\n<meta property=\"og:site_name\" content=\"Blogg\" \/>\n<meta property=\"article:publisher\" content=\"http:\/\/www.facebook.com\/gaautsenteret\" \/>\n<meta property=\"article:published_time\" content=\"2023-12-04T12:18:43+00:00\" \/>\n<meta property=\"article:modified_time\" content=\"2024-03-04T15:56:16+00:00\" \/>\n<meta property=\"og:image\" content=\"https:\/\/gus.no\/blogg\/wp-content\/uploads\/2023\/11\/IMG_2698-scaled.jpeg\" \/>\n\t<meta property=\"og:image:width\" content=\"1920\" \/>\n\t<meta property=\"og:image:height\" content=\"2560\" \/>\n\t<meta property=\"og:image:type\" content=\"image\/jpeg\" \/>\n<meta name=\"author\" content=\"Sverre Frantzen\" \/>\n<meta name=\"twitter:card\" content=\"summary_large_image\" \/>\n<meta name=\"twitter:label1\" content=\"Skrevet av\" \/>\n\t<meta name=\"twitter:data1\" content=\"Elise Vik-Haugen\" \/>\n\t<meta name=\"twitter:label2\" content=\"Ansl. lesetid\" \/>\n\t<meta name=\"twitter:data2\" content=\"4 minutter\" \/>\n<script type=\"application\/ld+json\" class=\"yoast-schema-graph\">{\"@context\":\"https:\/\/schema.org\",\"@graph\":[{\"@type\":\"WebPage\",\"@id\":\"https:\/\/gus.no\/blogg\/hjerte-for-byen\/\",\"url\":\"https:\/\/gus.no\/blogg\/hjerte-for-byen\/\",\"name\":\"Hjerte for byen! - Blogg\",\"isPartOf\":{\"@id\":\"http:\/\/gus.no\/blogg\/#website\"},\"primaryImageOfPage\":{\"@id\":\"https:\/\/gus.no\/blogg\/hjerte-for-byen\/#primaryimage\"},\"image\":{\"@id\":\"https:\/\/gus.no\/blogg\/hjerte-for-byen\/#primaryimage\"},\"thumbnailUrl\":\"https:\/\/gus.no\/blogg\/wp-content\/uploads\/2023\/11\/IMG_2698-scaled.jpeg\",\"datePublished\":\"2023-12-04T12:18:43+00:00\",\"dateModified\":\"2024-03-04T15:56:16+00:00\",\"author\":{\"@id\":\"http:\/\/gus.no\/blogg\/#\/schema\/person\/8ef000ea72791e1f8bce4d8599ac63a5\"},\"breadcrumb\":{\"@id\":\"https:\/\/gus.no\/blogg\/hjerte-for-byen\/#breadcrumb\"},\"inLanguage\":\"nb-NO\",\"potentialAction\":[{\"@type\":\"ReadAction\",\"target\":[\"https:\/\/gus.no\/blogg\/hjerte-for-byen\/\"]}]},{\"@type\":\"ImageObject\",\"inLanguage\":\"nb-NO\",\"@id\":\"https:\/\/gus.no\/blogg\/hjerte-for-byen\/#primaryimage\",\"url\":\"https:\/\/gus.no\/blogg\/wp-content\/uploads\/2023\/11\/IMG_2698-scaled.jpeg\",\"contentUrl\":\"https:\/\/gus.no\/blogg\/wp-content\/uploads\/2023\/11\/IMG_2698-scaled.jpeg\",\"width\":1920,\"height\":2560},{\"@type\":\"BreadcrumbList\",\"@id\":\"https:\/\/gus.no\/blogg\/hjerte-for-byen\/#breadcrumb\",\"itemListElement\":[{\"@type\":\"ListItem\",\"position\":1,\"name\":\"Hjem\",\"item\":\"http:\/\/gus.no\/blogg\/\"},{\"@type\":\"ListItem\",\"position\":2,\"name\":\"Hjerte for byen!\"}]},{\"@type\":\"WebSite\",\"@id\":\"http:\/\/gus.no\/blogg\/#website\",\"url\":\"http:\/\/gus.no\/blogg\/\",\"name\":\"Blogg\",\"description\":\"G\u00e5 Ut Senteret\",\"potentialAction\":[{\"@type\":\"SearchAction\",\"target\":{\"@type\":\"EntryPoint\",\"urlTemplate\":\"http:\/\/gus.no\/blogg\/?s={search_term_string}\"},\"query-input\":{\"@type\":\"PropertyValueSpecification\",\"valueRequired\":true,\"valueName\":\"search_term_string\"}}],\"inLanguage\":\"nb-NO\"},{\"@type\":\"Person\",\"@id\":\"http:\/\/gus.no\/blogg\/#\/schema\/person\/8ef000ea72791e1f8bce4d8599ac63a5\",\"name\":\"Sverre Frantzen\",\"url\":\"https:\/\/gus.no\/blogg\/author\/sverre\/\"}]}<\/script>\n<!-- \/ Yoast SEO plugin. -->","yoast_head_json":{"title":"Hjerte for byen! - Blogg","robots":{"index":"index","follow":"follow","max-snippet":"max-snippet:-1","max-image-preview":"max-image-preview:large","max-video-preview":"max-video-preview:-1"},"canonical":"https:\/\/gus.no\/blogg\/hjerte-for-byen\/","og_locale":"nb_NO","og_type":"article","og_title":"Hjerte for byen! - Blogg","og_description":"Fire uker av praksisperioden er over, og jeg har allerede f\u00e5tt v\u00e6rt med p\u00e5 mye spennende i min praksis p\u00e5 Salemhuset i Trondheim!","og_url":"https:\/\/gus.no\/blogg\/hjerte-for-byen\/","og_site_name":"Blogg","article_publisher":"http:\/\/www.facebook.com\/gaautsenteret","article_published_time":"2023-12-04T12:18:43+00:00","article_modified_time":"2024-03-04T15:56:16+00:00","og_image":[{"width":1920,"height":2560,"url":"https:\/\/gus.no\/blogg\/wp-content\/uploads\/2023\/11\/IMG_2698-scaled.jpeg","type":"image\/jpeg"}],"author":"Sverre Frantzen","twitter_card":"summary_large_image","twitter_misc":{"Skrevet av":"Elise Vik-Haugen","Ansl. lesetid":"4 minutter"},"schema":{"@context":"https:\/\/schema.org","@graph":[{"@type":"WebPage","@id":"https:\/\/gus.no\/blogg\/hjerte-for-byen\/","url":"https:\/\/gus.no\/blogg\/hjerte-for-byen\/","name":"Hjerte for byen! - Blogg","isPartOf":{"@id":"http:\/\/gus.no\/blogg\/#website"},"primaryImageOfPage":{"@id":"https:\/\/gus.no\/blogg\/hjerte-for-byen\/#primaryimage"},"image":{"@id":"https:\/\/gus.no\/blogg\/hjerte-for-byen\/#primaryimage"},"thumbnailUrl":"https:\/\/gus.no\/blogg\/wp-content\/uploads\/2023\/11\/IMG_2698-scaled.jpeg","datePublished":"2023-12-04T12:18:43+00:00","dateModified":"2024-03-04T15:56:16+00:00","author":{"@id":"http:\/\/gus.no\/blogg\/#\/schema\/person\/8ef000ea72791e1f8bce4d8599ac63a5"},"breadcrumb":{"@id":"https:\/\/gus.no\/blogg\/hjerte-for-byen\/#breadcrumb"},"inLanguage":"nb-NO","potentialAction":[{"@type":"ReadAction","target":["https:\/\/gus.no\/blogg\/hjerte-for-byen\/"]}]},{"@type":"ImageObject","inLanguage":"nb-NO","@id":"https:\/\/gus.no\/blogg\/hjerte-for-byen\/#primaryimage","url":"https:\/\/gus.no\/blogg\/wp-content\/uploads\/2023\/11\/IMG_2698-scaled.jpeg","contentUrl":"https:\/\/gus.no\/blogg\/wp-content\/uploads\/2023\/11\/IMG_2698-scaled.jpeg","width":1920,"height":2560},{"@type":"BreadcrumbList","@id":"https:\/\/gus.no\/blogg\/hjerte-for-byen\/#breadcrumb","itemListElement":[{"@type":"ListItem","position":1,"name":"Hjem","item":"http:\/\/gus.no\/blogg\/"},{"@type":"ListItem","position":2,"name":"Hjerte for byen!"}]},{"@type":"WebSite","@id":"http:\/\/gus.no\/blogg\/#website","url":"http:\/\/gus.no\/blogg\/","name":"Blogg","description":"G\u00e5 Ut Senteret","potentialAction":[{"@type":"SearchAction","target":{"@type":"EntryPoint","urlTemplate":"http:\/\/gus.no\/blogg\/?s={search_term_string}"},"query-input":{"@type":"PropertyValueSpecification","valueRequired":true,"valueName":"search_term_string"}}],"inLanguage":"nb-NO"},{"@type":"Person","@id":"http:\/\/gus.no\/blogg\/#\/schema\/person\/8ef000ea72791e1f8bce4d8599ac63a5","name":"Sverre Frantzen","url":"https:\/\/gus.no\/blogg\/author\/sverre\/"}]}},"_links":{"self":[{"href":"https:\/\/gus.no\/blogg\/wp-json\/wp\/v2\/posts\/7565"}],"collection":[{"href":"https:\/\/gus.no\/blogg\/wp-json\/wp\/v2\/posts"}],"about":[{"href":"https:\/\/gus.no\/blogg\/wp-json\/wp\/v2\/types\/post"}],"author":[{"embeddable":true,"href":"https:\/\/gus.no\/blogg\/wp-json\/wp\/v2\/users\/61"}],"replies":[{"embeddable":true,"href":"https:\/\/gus.no\/blogg\/wp-json\/wp\/v2\/comments?post=7565"}],"version-history":[{"count":6,"href":"https:\/\/gus.no\/blogg\/wp-json\/wp\/v2\/posts\/7565\/revisions"}],"predecessor-version":[{"id":7628,"href":"https:\/\/gus.no\/blogg\/wp-json\/wp\/v2\/posts\/7565\/revisions\/7628"}],"wp:featuredmedia":[{"embeddable":true,"href":"https:\/\/gus.no\/blogg\/wp-json\/wp\/v2\/media\/7566"}],"wp:attachment":[{"href":"https:\/\/gus.no\/blogg\/wp-json\/wp\/v2\/media?parent=7565"}],"wp:term":[{"taxonomy":"category","embeddable":true,"href":"https:\/\/gus.no\/blogg\/wp-json\/wp\/v2\/categories?post=7565"},{"taxonomy":"post_tag","embeddable":true,"href":"https:\/\/gus.no\/blogg\/wp-json\/wp\/v2\/tags?post=7565"}],"curies":[{"name":"wp","href":"https:\/\/api.w.org\/{rel}","templated":true}]}}