{"id":8773,"date":"2025-09-09T13:02:00","date_gmt":"2025-09-09T11:02:00","guid":{"rendered":"https:\/\/gus.no\/blogg\/?p=8773"},"modified":"2025-09-09T13:55:27","modified_gmt":"2025-09-09T11:55:27","slug":"kan-gud-virkelig-finnes","status":"publish","type":"post","link":"https:\/\/gus.no\/blogg\/kan-gud-virkelig-finnes\/","title":{"rendered":"Kan Gud virkelig finnes?"},"content":{"rendered":"\n<p><bdo lang=\"no\" dir=\"ltr\">Jeg var skeptisk, med fordommer og misforst\u00e5elser om den kristne tro. Jeg hadde mest lyst til \u00e5 trekke p\u00e5 skuldrene og tenke at tro var noe fint for andre, men ikke noe som kunne ha relevans i mitt liv. Likevel begynte det \u00e5 skje ting. Noe inni meg trakk meg i en retning i \u00e5 opps\u00f8ke kunnskap om kristendommen. Gjennom v\u00e5ren fikk jeg h\u00f8re historier om Jesus som traff meg p\u00e5 en ny m\u00e5te, jeg m\u00f8tte mennesker som levde med en tro som virket ekte, og jeg oppdaget gradvis at jeg ikke lenger kunne ignorere <\/bdo>sp\u00f8rsm\u00e5let:<\/p>\n\n\n\n<blockquote class=\"wp-block-quote is-layout-flow wp-block-quote-is-layout-flow\">\n<p><bdo lang=\"no\" dir=\"ltr\"> <em>Hva om Gud faktisk finnes?<\/em>&nbsp;<\/bdo><\/p>\n<\/blockquote>\n\n\n\n<p><bdo lang=\"no\" dir=\"ltr\">Da jeg inns\u00e5 at Jesus virkelig hadde levd, d\u00f8dd og st\u00e5tt opp igjen, og at han kalte meg til \u00e5 v\u00e6re hans disippel, ble alt snudd p\u00e5 hodet. Jeg kunne ikke lenger bare betrakte troen utenfra, men det ble en levende virkelighet og sannhet som endret hele mitt verdenssyn. Og midt i denne prosessen dukket G\u00e5 Ut Senteret opp. Gjennom venner, bekjente og Norkirken Trondheim Salem fikk jeg h\u00f8re om skolen, og det var som om timingen var perfekt. Jeg trengte et sted hvor jeg kunne stoppe opp, dykke ned i sp\u00f8rsm\u00e5lene mine og bygge et fundament i troen.<\/bdo><\/p>\n\n\n\n<h4 class=\"wp-block-heading\">Kickstart p\u00e5 Oppdal<\/h4>\n\n\n\n<p><bdo lang=\"no\" dir=\"ltr\">Da jeg startet p\u00e5 GUS, fikk vi en oppstart jeg aldri kommer til \u00e5 glemme. Hele skolen dro til Oppdal og bodde sammen i to netter. P\u00e5 dagtid var det undervisning og lovsang, p\u00e5 kvelden forb\u00f8nn, latter og samtaler. Og midt imellom hadde vi fotball, rebusl\u00f8p og potetl\u00f8p \u2013 for det er visst helt n\u00f8dvendig \u00e5 se medelevene konkurrere mens de hopper rundt med en potet p\u00e5 skje.<\/bdo><\/p>\n\n\n\n<p><bdo lang=\"no\" dir=\"ltr\">Det er rart \u00e5 si det, men m\u00e5ltidene var kanskje det aller viktigste. N\u00e5r man deler et m\u00e5ltid sammen og hverdagen rundt et bord, skjer det noe magisk. Man begynner \u00e5 se menneskene bak f\u00f8rsteinntrykkene, og plutselig har man begynnelsen p\u00e5 en stor familie.<\/bdo><\/p>\n\n\n\n<figure class=\"wp-block-image size-large\"><img loading=\"lazy\" decoding=\"async\" width=\"1024\" height=\"683\" src=\"https:\/\/gus.no\/blogg\/wp-content\/uploads\/2025\/09\/IMI-Stolen-34-1024x683.jpg\" alt=\"\" class=\"wp-image-8789\" srcset=\"https:\/\/gus.no\/blogg\/wp-content\/uploads\/2025\/09\/IMI-Stolen-34-1024x683.jpg 1024w, https:\/\/gus.no\/blogg\/wp-content\/uploads\/2025\/09\/IMI-Stolen-34-300x200.jpg 300w, https:\/\/gus.no\/blogg\/wp-content\/uploads\/2025\/09\/IMI-Stolen-34-768x512.jpg 768w, https:\/\/gus.no\/blogg\/wp-content\/uploads\/2025\/09\/IMI-Stolen-34-1536x1024.jpg 1536w, https:\/\/gus.no\/blogg\/wp-content\/uploads\/2025\/09\/IMI-Stolen-34-2048x1366.jpg 2048w, https:\/\/gus.no\/blogg\/wp-content\/uploads\/2025\/09\/IMI-Stolen-34-1200x800.jpg 1200w, https:\/\/gus.no\/blogg\/wp-content\/uploads\/2025\/09\/IMI-Stolen-34-1860x1240.jpg 1860w\" sizes=\"(max-width: 1024px) 100vw, 1024px\" \/><\/figure>\n\n\n\n<h4 class=\"wp-block-heading\">N\u00e5r brikkene falt p\u00e5 plass<\/h4>\n\n\n\n<p><bdo lang=\"no\" dir=\"ltr\">En undervisning som virkelig satte inntrykk hos meg, var gjennomgangen av <em>Bibelens store fortelling<\/em>. Det var mye informasjon, og jeg rakk ikke en gang \u00e5 skrive ned notater, men det var skikkelig kult; For f\u00f8rste gang s\u00e5 jeg hvordan bibelen faktisk henger sammen, hvordan historien i Det gamle testamentet peker framover, og hvordan Det nye testamentet viser oss oppfyllelsen i Jesus. Det f\u00f8ltes litt som \u00e5 se en film jeg tidligere bare hadde f\u00e5tt tilfeldige klipp fra. Og plutselig s\u00e5 jeg hele sammenhengen, hele plottet, WOW! Hele hodet mitt ble bare fylt av hvor stor og herlig denne historien er og hvor fantastisk det er \u00e5 f\u00e5 v\u00e6re en del av dette.&nbsp;<\/bdo><\/p>\n\n\n\n<p><bdo lang=\"no\" dir=\"ltr\">Like mye som undervisningen, er det menneskene p\u00e5 GUS som former meg. Klassen v\u00e5r best\u00e5r av folk med helt forskjellige bakgrunner \u2013 noen har vokst opp med tro hele livet, mens andre, som meg, har kommet til tro nylig. Det gir rom for b\u00e5de tvil, undring, h\u00e5p og vitnesbyrd \u2013 alt sammen side om side i hverdagen. Gjennom Norkirken Salem har jeg dessuten f\u00e5tt en smakebit av hvordan et menighetsliv kan se ut i praksis. Her m\u00f8ter jeg unge voksne som lever ut troen sin p\u00e5 forskjellige m\u00e5ter, og jeg f\u00e5r b\u00e5de bidra selv og l\u00e6re av andre. Det peker hele tiden mot noe st\u00f8rre \u2013 at tro ikke bare er teori, men et liv som leves sammen med andre.<\/bdo><\/p>\n\n\n\n<figure class=\"wp-block-image size-large\"><img loading=\"lazy\" decoding=\"async\" width=\"1024\" height=\"683\" src=\"https:\/\/gus.no\/blogg\/wp-content\/uploads\/2025\/09\/Byrebus-33-1024x683.jpg\" alt=\"\" class=\"wp-image-8795\" srcset=\"https:\/\/gus.no\/blogg\/wp-content\/uploads\/2025\/09\/Byrebus-33-1024x683.jpg 1024w, https:\/\/gus.no\/blogg\/wp-content\/uploads\/2025\/09\/Byrebus-33-300x200.jpg 300w, https:\/\/gus.no\/blogg\/wp-content\/uploads\/2025\/09\/Byrebus-33-768x512.jpg 768w, https:\/\/gus.no\/blogg\/wp-content\/uploads\/2025\/09\/Byrebus-33-1536x1024.jpg 1536w, https:\/\/gus.no\/blogg\/wp-content\/uploads\/2025\/09\/Byrebus-33-2048x1365.jpg 2048w, https:\/\/gus.no\/blogg\/wp-content\/uploads\/2025\/09\/Byrebus-33-1200x800.jpg 1200w, https:\/\/gus.no\/blogg\/wp-content\/uploads\/2025\/09\/Byrebus-33-1860x1240.jpg 1860w\" sizes=\"(max-width: 1024px) 100vw, 1024px\" \/><\/figure>\n\n\n\n<h4 class=\"wp-block-heading\"><strong>Hva n\u00e5?<\/strong><\/h4>\n\n\n\n<p><bdo lang=\"no\" dir=\"ltr\">Foran oss ligger et \u00e5r med mange \u00f8yeblikk. Jeg ser frem til fellesskapet, samtalene og undervisningen \u2013 og ikke minst studieturen til Roma, hvor vi skal f\u00e5 oppleve Bibelens historie p\u00e5 n\u00e6rt hold.<\/bdo><\/p>\n\n\n\n<figure class=\"wp-block-image size-large\"><img loading=\"lazy\" decoding=\"async\" width=\"1024\" height=\"683\" src=\"https:\/\/gus.no\/blogg\/wp-content\/uploads\/2025\/09\/IMI-Stolen-5-1024x683.jpg\" alt=\"\" class=\"wp-image-8791\" srcset=\"https:\/\/gus.no\/blogg\/wp-content\/uploads\/2025\/09\/IMI-Stolen-5-1024x683.jpg 1024w, https:\/\/gus.no\/blogg\/wp-content\/uploads\/2025\/09\/IMI-Stolen-5-300x200.jpg 300w, https:\/\/gus.no\/blogg\/wp-content\/uploads\/2025\/09\/IMI-Stolen-5-768x512.jpg 768w, https:\/\/gus.no\/blogg\/wp-content\/uploads\/2025\/09\/IMI-Stolen-5-1536x1024.jpg 1536w, https:\/\/gus.no\/blogg\/wp-content\/uploads\/2025\/09\/IMI-Stolen-5-2048x1366.jpg 2048w, https:\/\/gus.no\/blogg\/wp-content\/uploads\/2025\/09\/IMI-Stolen-5-1200x800.jpg 1200w, https:\/\/gus.no\/blogg\/wp-content\/uploads\/2025\/09\/IMI-Stolen-5-1860x1240.jpg 1860w\" sizes=\"(max-width: 1024px) 100vw, 1024px\" \/><\/figure>\n\n\n\n<p><bdo lang=\"no\" dir=\"ltr\">Men aller mest ser jeg frem til \u00e5 oppdage mer av hvem Gud egentlig er. Jeg startet denne reisen med masse sp\u00f8rsm\u00e5l, og jeg tror jeg kommer til \u00e5 ha mange flere sp\u00f8rsm\u00e5l underveis. Men jeg vet at det er nettopp i sp\u00f8rsm\u00e5lene at jeg kom til \u00e5 tro, og at jeg kommer til \u00e5 vokse enda mer.<\/bdo><\/p>\n\n\n\n<blockquote class=\"wp-block-quote is-layout-flow wp-block-quote-is-layout-flow\">\n<p>S\u00e5, <em>kan Gud virkelig finnes?<\/em><\/p>\n<\/blockquote>\n\n\n\n<p><bdo lang=\"no\" dir=\"ltr\">Svaret er et klinkende ja! Men ikke bare et teoretisk ja. Jeg har h\u00f8rt at han er en levende Gud, som kan oppleves og erfares, midt i fellesskapet, i Bibelen, og i hverdagen. Og det er nettopp dette jeg \u00f8nsker \u00e5 oppleve mer av dette \u00e5ret.<\/bdo><\/p>\n\n\n\n<p><\/p>\n","protected":false},"excerpt":{"rendered":"<p>Er det mulig at Gud faktisk finnes? Hvordan kan man tro p\u00e5 noe man ikke kan se? Og hva betyr det egentlig \u00e5 bli frelst? Dette var sp\u00f8rsm\u00e5l jeg bar p\u00e5 for bare et halvt \u00e5r siden &#8211; sp\u00f8rsm\u00e5l jeg aldri trodde skulle f\u00f8re meg til G\u00e5 Ut Senteret.<\/p>\n","protected":false},"author":80,"featured_media":8818,"comment_status":"open","ping_status":"open","sticky":false,"template":"","format":"standard","meta":{"_exactmetrics_skip_tracking":false,"_exactmetrics_sitenote_active":false,"_exactmetrics_sitenote_note":"","_exactmetrics_sitenote_category":0,"footnotes":""},"categories":[37],"tags":[],"class_list":["post-8773","post","type-post","status-publish","format-standard","has-post-thumbnail","hentry","category-bare-bibel","has-thumbnail"],"yoast_head":"<!-- This site is optimized with the Yoast SEO plugin v23.5 - https:\/\/yoast.com\/wordpress\/plugins\/seo\/ -->\n<title>Kan Gud virkelig finnes? - Blogg<\/title>\n<meta name=\"robots\" content=\"index, follow, max-snippet:-1, max-image-preview:large, max-video-preview:-1\" \/>\n<link rel=\"canonical\" href=\"https:\/\/gus.no\/blogg\/kan-gud-virkelig-finnes\/\" \/>\n<meta property=\"og:locale\" content=\"nb_NO\" \/>\n<meta property=\"og:type\" content=\"article\" \/>\n<meta property=\"og:title\" content=\"Kan Gud virkelig finnes? - Blogg\" \/>\n<meta property=\"og:description\" content=\"Er det mulig at Gud faktisk finnes? Hvordan kan man tro p\u00e5 noe man ikke kan se? Og hva betyr det egentlig \u00e5 bli frelst? Dette var sp\u00f8rsm\u00e5l jeg bar p\u00e5 for bare et halvt \u00e5r siden - sp\u00f8rsm\u00e5l jeg aldri trodde skulle f\u00f8re meg til G\u00e5 Ut Senteret.\" \/>\n<meta property=\"og:url\" content=\"https:\/\/gus.no\/blogg\/kan-gud-virkelig-finnes\/\" \/>\n<meta property=\"og:site_name\" content=\"Blogg\" \/>\n<meta property=\"article:publisher\" content=\"http:\/\/www.facebook.com\/gaautsenteret\" \/>\n<meta property=\"article:published_time\" content=\"2025-09-09T11:02:00+00:00\" \/>\n<meta property=\"article:modified_time\" content=\"2025-09-09T11:55:27+00:00\" \/>\n<meta property=\"og:image\" content=\"https:\/\/gus.no\/blogg\/wp-content\/uploads\/2025\/09\/BB-Undervisning-7-1-scaled.jpg\" \/>\n\t<meta property=\"og:image:width\" content=\"2560\" \/>\n\t<meta property=\"og:image:height\" content=\"1707\" \/>\n\t<meta property=\"og:image:type\" content=\"image\/jpeg\" \/>\n<meta name=\"author\" content=\"Anitra Ludvigsen (Bare Bibel 2025\/2026)\" \/>\n<meta name=\"twitter:card\" content=\"summary_large_image\" \/>\n<meta name=\"twitter:label1\" content=\"Skrevet av\" \/>\n\t<meta name=\"twitter:data1\" content=\"Anitra Ludvigsen (Bare Bibel 2025\/2026)\" \/>\n\t<meta name=\"twitter:label2\" content=\"Ansl. lesetid\" \/>\n\t<meta name=\"twitter:data2\" content=\"5 minutter\" \/>\n<script type=\"application\/ld+json\" class=\"yoast-schema-graph\">{\"@context\":\"https:\/\/schema.org\",\"@graph\":[{\"@type\":\"WebPage\",\"@id\":\"https:\/\/gus.no\/blogg\/kan-gud-virkelig-finnes\/\",\"url\":\"https:\/\/gus.no\/blogg\/kan-gud-virkelig-finnes\/\",\"name\":\"Kan Gud virkelig finnes? - Blogg\",\"isPartOf\":{\"@id\":\"https:\/\/gus.no\/blogg\/#website\"},\"primaryImageOfPage\":{\"@id\":\"https:\/\/gus.no\/blogg\/kan-gud-virkelig-finnes\/#primaryimage\"},\"image\":{\"@id\":\"https:\/\/gus.no\/blogg\/kan-gud-virkelig-finnes\/#primaryimage\"},\"thumbnailUrl\":\"https:\/\/gus.no\/blogg\/wp-content\/uploads\/2025\/09\/BB-Undervisning-7-1-scaled.jpg\",\"datePublished\":\"2025-09-09T11:02:00+00:00\",\"dateModified\":\"2025-09-09T11:55:27+00:00\",\"author\":{\"@id\":\"https:\/\/gus.no\/blogg\/#\/schema\/person\/a735c101a3a6d085b6dd64ee4980670d\"},\"breadcrumb\":{\"@id\":\"https:\/\/gus.no\/blogg\/kan-gud-virkelig-finnes\/#breadcrumb\"},\"inLanguage\":\"nb-NO\",\"potentialAction\":[{\"@type\":\"ReadAction\",\"target\":[\"https:\/\/gus.no\/blogg\/kan-gud-virkelig-finnes\/\"]}]},{\"@type\":\"ImageObject\",\"inLanguage\":\"nb-NO\",\"@id\":\"https:\/\/gus.no\/blogg\/kan-gud-virkelig-finnes\/#primaryimage\",\"url\":\"https:\/\/gus.no\/blogg\/wp-content\/uploads\/2025\/09\/BB-Undervisning-7-1-scaled.jpg\",\"contentUrl\":\"https:\/\/gus.no\/blogg\/wp-content\/uploads\/2025\/09\/BB-Undervisning-7-1-scaled.jpg\",\"width\":2560,\"height\":1707},{\"@type\":\"BreadcrumbList\",\"@id\":\"https:\/\/gus.no\/blogg\/kan-gud-virkelig-finnes\/#breadcrumb\",\"itemListElement\":[{\"@type\":\"ListItem\",\"position\":1,\"name\":\"Hjem\",\"item\":\"https:\/\/gus.no\/blogg\/\"},{\"@type\":\"ListItem\",\"position\":2,\"name\":\"Kan Gud virkelig finnes?\"}]},{\"@type\":\"WebSite\",\"@id\":\"https:\/\/gus.no\/blogg\/#website\",\"url\":\"https:\/\/gus.no\/blogg\/\",\"name\":\"Blogg\",\"description\":\"G\u00e5 Ut Senteret\",\"potentialAction\":[{\"@type\":\"SearchAction\",\"target\":{\"@type\":\"EntryPoint\",\"urlTemplate\":\"https:\/\/gus.no\/blogg\/?s={search_term_string}\"},\"query-input\":{\"@type\":\"PropertyValueSpecification\",\"valueRequired\":true,\"valueName\":\"search_term_string\"}}],\"inLanguage\":\"nb-NO\"},{\"@type\":\"Person\",\"@id\":\"https:\/\/gus.no\/blogg\/#\/schema\/person\/a735c101a3a6d085b6dd64ee4980670d\",\"name\":\"Anitra Ludvigsen (Bare Bibel 2025\/2026)\",\"url\":\"https:\/\/gus.no\/blogg\/author\/anitraludvigsen\/\"}]}<\/script>\n<!-- \/ Yoast SEO plugin. -->","yoast_head_json":{"title":"Kan Gud virkelig finnes? - Blogg","robots":{"index":"index","follow":"follow","max-snippet":"max-snippet:-1","max-image-preview":"max-image-preview:large","max-video-preview":"max-video-preview:-1"},"canonical":"https:\/\/gus.no\/blogg\/kan-gud-virkelig-finnes\/","og_locale":"nb_NO","og_type":"article","og_title":"Kan Gud virkelig finnes? - Blogg","og_description":"Er det mulig at Gud faktisk finnes? Hvordan kan man tro p\u00e5 noe man ikke kan se? Og hva betyr det egentlig \u00e5 bli frelst? Dette var sp\u00f8rsm\u00e5l jeg bar p\u00e5 for bare et halvt \u00e5r siden - sp\u00f8rsm\u00e5l jeg aldri trodde skulle f\u00f8re meg til G\u00e5 Ut Senteret.","og_url":"https:\/\/gus.no\/blogg\/kan-gud-virkelig-finnes\/","og_site_name":"Blogg","article_publisher":"http:\/\/www.facebook.com\/gaautsenteret","article_published_time":"2025-09-09T11:02:00+00:00","article_modified_time":"2025-09-09T11:55:27+00:00","og_image":[{"width":2560,"height":1707,"url":"https:\/\/gus.no\/blogg\/wp-content\/uploads\/2025\/09\/BB-Undervisning-7-1-scaled.jpg","type":"image\/jpeg"}],"author":"Anitra Ludvigsen (Bare Bibel 2025\/2026)","twitter_card":"summary_large_image","twitter_misc":{"Skrevet av":"Anitra Ludvigsen (Bare Bibel 2025\/2026)","Ansl. lesetid":"5 minutter"},"schema":{"@context":"https:\/\/schema.org","@graph":[{"@type":"WebPage","@id":"https:\/\/gus.no\/blogg\/kan-gud-virkelig-finnes\/","url":"https:\/\/gus.no\/blogg\/kan-gud-virkelig-finnes\/","name":"Kan Gud virkelig finnes? - Blogg","isPartOf":{"@id":"https:\/\/gus.no\/blogg\/#website"},"primaryImageOfPage":{"@id":"https:\/\/gus.no\/blogg\/kan-gud-virkelig-finnes\/#primaryimage"},"image":{"@id":"https:\/\/gus.no\/blogg\/kan-gud-virkelig-finnes\/#primaryimage"},"thumbnailUrl":"https:\/\/gus.no\/blogg\/wp-content\/uploads\/2025\/09\/BB-Undervisning-7-1-scaled.jpg","datePublished":"2025-09-09T11:02:00+00:00","dateModified":"2025-09-09T11:55:27+00:00","author":{"@id":"https:\/\/gus.no\/blogg\/#\/schema\/person\/a735c101a3a6d085b6dd64ee4980670d"},"breadcrumb":{"@id":"https:\/\/gus.no\/blogg\/kan-gud-virkelig-finnes\/#breadcrumb"},"inLanguage":"nb-NO","potentialAction":[{"@type":"ReadAction","target":["https:\/\/gus.no\/blogg\/kan-gud-virkelig-finnes\/"]}]},{"@type":"ImageObject","inLanguage":"nb-NO","@id":"https:\/\/gus.no\/blogg\/kan-gud-virkelig-finnes\/#primaryimage","url":"https:\/\/gus.no\/blogg\/wp-content\/uploads\/2025\/09\/BB-Undervisning-7-1-scaled.jpg","contentUrl":"https:\/\/gus.no\/blogg\/wp-content\/uploads\/2025\/09\/BB-Undervisning-7-1-scaled.jpg","width":2560,"height":1707},{"@type":"BreadcrumbList","@id":"https:\/\/gus.no\/blogg\/kan-gud-virkelig-finnes\/#breadcrumb","itemListElement":[{"@type":"ListItem","position":1,"name":"Hjem","item":"https:\/\/gus.no\/blogg\/"},{"@type":"ListItem","position":2,"name":"Kan Gud virkelig finnes?"}]},{"@type":"WebSite","@id":"https:\/\/gus.no\/blogg\/#website","url":"https:\/\/gus.no\/blogg\/","name":"Blogg","description":"G\u00e5 Ut Senteret","potentialAction":[{"@type":"SearchAction","target":{"@type":"EntryPoint","urlTemplate":"https:\/\/gus.no\/blogg\/?s={search_term_string}"},"query-input":{"@type":"PropertyValueSpecification","valueRequired":true,"valueName":"search_term_string"}}],"inLanguage":"nb-NO"},{"@type":"Person","@id":"https:\/\/gus.no\/blogg\/#\/schema\/person\/a735c101a3a6d085b6dd64ee4980670d","name":"Anitra Ludvigsen (Bare Bibel 2025\/2026)","url":"https:\/\/gus.no\/blogg\/author\/anitraludvigsen\/"}]}},"_links":{"self":[{"href":"https:\/\/gus.no\/blogg\/wp-json\/wp\/v2\/posts\/8773"}],"collection":[{"href":"https:\/\/gus.no\/blogg\/wp-json\/wp\/v2\/posts"}],"about":[{"href":"https:\/\/gus.no\/blogg\/wp-json\/wp\/v2\/types\/post"}],"author":[{"embeddable":true,"href":"https:\/\/gus.no\/blogg\/wp-json\/wp\/v2\/users\/80"}],"replies":[{"embeddable":true,"href":"https:\/\/gus.no\/blogg\/wp-json\/wp\/v2\/comments?post=8773"}],"version-history":[{"count":28,"href":"https:\/\/gus.no\/blogg\/wp-json\/wp\/v2\/posts\/8773\/revisions"}],"predecessor-version":[{"id":8822,"href":"https:\/\/gus.no\/blogg\/wp-json\/wp\/v2\/posts\/8773\/revisions\/8822"}],"wp:featuredmedia":[{"embeddable":true,"href":"https:\/\/gus.no\/blogg\/wp-json\/wp\/v2\/media\/8818"}],"wp:attachment":[{"href":"https:\/\/gus.no\/blogg\/wp-json\/wp\/v2\/media?parent=8773"}],"wp:term":[{"taxonomy":"category","embeddable":true,"href":"https:\/\/gus.no\/blogg\/wp-json\/wp\/v2\/categories?post=8773"},{"taxonomy":"post_tag","embeddable":true,"href":"https:\/\/gus.no\/blogg\/wp-json\/wp\/v2\/tags?post=8773"}],"curies":[{"name":"wp","href":"https:\/\/api.w.org\/{rel}","templated":true}]}}